{"id":6740,"date":"2019-05-22T15:07:09","date_gmt":"2019-05-22T18:07:09","guid":{"rendered":"https:\/\/hostnetart.com.br\/baixada\/reforma-da-previdencia-e-nebulosa-e-tira-r-17-bi-da-economia-diz-professor\/"},"modified":"2019-05-22T15:07:09","modified_gmt":"2019-05-22T18:07:09","slug":"reforma-da-previdencia-e-nebulosa-e-tira-r-17-bi-da-economia-diz-professor","status":"publish","type":"post","link":"https:\/\/hostnetart.com.br\/baixada\/reforma-da-previdencia-e-nebulosa-e-tira-r-17-bi-da-economia-diz-professor\/","title":{"rendered":"Reforma da Previd\u00eancia \u00e9 nebulosa e tira R$ 17 bi da economia, diz professor"},"content":{"rendered":"<p>O economista e professor Pedro Rossi, da Universidade Estadual de Campinas, afirmou que o debate em torno da \u201creforma\u201d da Previd\u00eancia no pa\u00eds est\u00e1 \u201cmuito nebuloso\u201d quando trata da rela\u00e7\u00e3o entre gasto p\u00fablico e <a href=\"https:\/\/www.redebrasilatual.com.br\/politica\/2019\/05\/nao-e-reforma-da-previdencia-e-o-fim-do-estado-de-bem-estar-social-e-da-constituicao\/\" target=\"_blank\" rel=\"noopener noreferrer\">desigualdade<\/a>. Em audi\u00eancia da comiss\u00e3o especial da C\u00e2mara que trata da Proposta de Emenda \u00e0 Constitui\u00e7\u00e3o que disp\u00f5e sobre a reforma, a PEC 6, Rossi alertou que, ao contr\u00e1rio do que prega o governo \u2013 sobre o pretexto de combater privil\u00e9gios e desigualdades \u2013\u00a0 a reforma da Previd\u00eancia<a href=\"https:\/\/www.redebrasilatual.com.br\/blogs\/2019\/02\/saiba-como-a-reforma-da-previdencia-de-bolsonaro-aumentara-a-pobreza\/\" target=\"_blank\" rel=\"noopener noreferrer\"> atinge em cheio a renda dos mais pobres<\/a> \u2013 retirando-lhes por ano R$ 17 bilh\u00f5es do bolso e tamb\u00e9m da economia \u2013\u00a0 e n\u00e3o mexe em nada com o 1% mais rico da popula\u00e7\u00e3o.<\/p>\n<p>Segundo Rossi, h\u00e1 \u201cequ\u00edvocos ideol\u00f3gicos\u201d no debate. Pela proposta,<a href=\"https:\/\/www.redebrasilatual.com.br\/economia\/2019\/02\/bolsonaro-quer-cortar-abono-de-23-4-milhoes-de-trabalhadores-com-pec-da-previdencia\/\" target=\"_blank\" rel=\"noopener noreferrer\"> as mudan\u00e7as no abono salarial v\u00e3o reduzir<\/a>, em m\u00e9dia, 5,7% da renda anual de 24 milh\u00f5es de trabalhadores que ganham entre um e dois sal\u00e1rios m\u00ednimos. Isso aumentaria a desigualdade social medida pelo \u00edndice de Gini de 0,5475 para 0,5489, de acordo com a an\u00e1lise do Centro de Estudos de Conjuntura e Pol\u00edtica Econ\u00f4mica (Cecon), do Instituto de Economia da Unicamp.<\/p>\n<p>Segundo o estudo, as profiss\u00f5es que mais devem perder s\u00e3o cozinheiros, trabalhadores de servi\u00e7os de manuten\u00e7\u00e3o, porteiros\/vigias e recepcionistas, entre outros. Mais de 60% dos ajudantes de obras, por exemplo, perder\u00e3o essa renda anual.<\/p>\n<p>De acordo com o estudo exposto na comiss\u00e3o, com a reforma da Previd\u00eancia seriam retirados at\u00e9 R$ 17 bilh\u00f5es por ano da economia, com <a href=\"https:\/\/www.redebrasilatual.com.br\/economia\/2019\/05\/economistas-destroem-mitos-da-reforma-da-previdencia-e-lancam-manifesto\/\" target=\"_blank\" rel=\"noopener noreferrer\">impactos muito negativos ao pa\u00eds<\/a>, j\u00e1 que esse dinheiro sairia do bolso de uma parcela da popula\u00e7\u00e3o que, consequentemente, deixaria de consumir.<\/p>\n<p>\u201cGrande parte dos assalariados <a href=\"https:\/\/www.redebrasilatual.com.br\/economia\/2019\/05\/previdencia-mais-da-metade-dos-que-conhecem-a-reforma-do-governo-bolsonaro-sao-contra\/\" target=\"_blank\" rel=\"noopener noreferrer\">vai perder<\/a> o abono salarial e isso tem impacto distributivo e impacto macroecon\u00f4mico\u201d, disse Rossi. \u201cEstamos tirando recursos que fazem girar a economia. N\u00e3o tem argumento que me conven\u00e7a que tirar recursos dessas pessoas vai fazer a economia crescer. Crescimento \u00e9 (formado por) consumo e investimento. Se tirar renda, as pessoas n\u00e3o v\u00e3o consumir. N\u00e3o entendo esse argumento.\u201d<\/p>\n<p>Segundo o economista da Unicamp, o problema n\u00e3o est\u00e1 em quem ganha sal\u00e1rio m\u00ednimo. \u201cO problema est\u00e1 no teto de gastos, com as limita\u00e7\u00f5es fiscais da Emenda Constitucional 95, que reduz o gasto p\u00fablico em 20 anos. O problema da desigualdade est\u00e1 nos 2% ou 1% mais ricos.\u201d<\/p>\n<p>De acordo com a pesquisadora Luciana de Barros Jaccoud, do Instituto de Pesquisa Econ\u00f4mica Aplicada (Ipea), a mudan\u00e7a proposta pelo governo de Jair Bolsonaro e seu ministro da Economia, Paulo Guedes, para o Benef\u00edcio de Presta\u00e7\u00e3o Continuada (BPC), no texto original da reforma, vai ter <a href=\"https:\/\/minhaaposentadoria.net.br\/reforma-da-previdencia-pessoas-com-deficiencia\/\" target=\"_blank\" rel=\"noopener noreferrer\">grande impacto social<\/a>. Hoje, o valor do benef\u00edcio \u00e9 de um sal\u00e1rio m\u00ednimo (R$ 998), mas passaria a R$ 400 para quem tem 60 anos e s\u00f3 chegaria ao valor do sal\u00e1rio m\u00ednimo para quem completar 70 anos.<\/p>\n<p>A pesquisadora do Ipea ressaltou que os problemas econ\u00f4micos vividos por quem tem pessoas fisicamente vulner\u00e1veis ou com defici\u00eancia \u201cn\u00e3o s\u00e3o apenas individuais, s\u00e3o problemas familiares\u201d. Os gastos dessas fam\u00edlias com sa\u00fade, alimentos especiais e outros s\u00e3o maiores. Al\u00e9m disso, pessoas que t\u00eam dependentes nessas condi\u00e7\u00f5es na fam\u00edlia t\u00eam mais dificuldade de conseguir emprego. \u201cM\u00e3es de crian\u00e7as de portadores de doen\u00e7a ou dependente n\u00e3o conseguem trabalho\u201d, exemplificou Luciana.<\/p>\n<p>O deputado Darci de Matos (PSD-SC) afirmou ao relator da PEC da Previd\u00eancia, Samuel Moreira (PSDB-SP), que \u201c\u00e9 consenso a manuten\u00e7\u00e3o do BPC para idosos\u201d. Ou seja, n\u00e3o haveria mudan\u00e7as nesse ponto. \u201cO Parlamento jamais votaria contra os idosos e os especiais\u201d, disse Matos.<\/p>\n<p>Em sua interven\u00e7\u00e3o, a deputada Perp\u00e9tua Almeida (PCdoB-AC) afirmou que o argumento do governo de que a reforma objetiva acabar com privil\u00e9gios \u201c\u00e9 uma farsa\u201d. \u00a0\u201cS\u00f3 aos 70 anos os mais pobres passam a receber um sal\u00e1rio m\u00ednimo. Quem ganha com isso? Talvez os banqueiros. N\u00e3o podemos votar essa reforma. O que vamos dizer em nossos estados?.\u201d<\/p>\n<p>De acordo com o relator, a inten\u00e7\u00e3o \u00e9 apresentar o parecer at\u00e9 o pr\u00f3ximo dia 15 de junho. \u201cEstamos trabalhando em cima do projeto que o governo enviou e vamos continuar assim. Se houver altera\u00e7\u00f5es, ser\u00e1 apresentado um substitutivo, como sempre ocorreu na Casa, sem nenhum problema\u201d, disse Moreira na segunda-feira (20), ap\u00f3s reuni\u00e3o Paulo Guedes.<\/p>\n<p><strong>Fonte: Rede Brasil Atual<\/strong><\/p>\n","protected":false},"excerpt":{"rendered":"<p>O economista e professor Pedro Rossi, da Universidade Estadual de Campinas, afirmou que o debate em torno da \u201creforma\u201d da Previd\u00eancia no pa\u00eds est\u00e1 \u201cmuito nebuloso\u201d quando trata da rela\u00e7\u00e3o entre gasto p\u00fablico e desigualdade. Em audi\u00eancia da comiss\u00e3o especial da C\u00e2mara que trata da Proposta de Emenda \u00e0 Constitui\u00e7\u00e3o que disp\u00f5e sobre a reforma, [&hellip;]<\/p>\n","protected":false},"author":2,"featured_media":6739,"comment_status":"","ping_status":"","sticky":false,"template":"","format":"standard","meta":{"footnotes":""},"categories":[3],"tags":[],"class_list":["post-6740","post","type-post","status-publish","format-standard","has-post-thumbnail","hentry","category-noticias"],"_links":{"self":[{"href":"https:\/\/hostnetart.com.br\/baixada\/wp-json\/wp\/v2\/posts\/6740","targetHints":{"allow":["GET"]}}],"collection":[{"href":"https:\/\/hostnetart.com.br\/baixada\/wp-json\/wp\/v2\/posts"}],"about":[{"href":"https:\/\/hostnetart.com.br\/baixada\/wp-json\/wp\/v2\/types\/post"}],"author":[{"embeddable":true,"href":"https:\/\/hostnetart.com.br\/baixada\/wp-json\/wp\/v2\/users\/2"}],"replies":[{"embeddable":true,"href":"https:\/\/hostnetart.com.br\/baixada\/wp-json\/wp\/v2\/comments?post=6740"}],"version-history":[{"count":0,"href":"https:\/\/hostnetart.com.br\/baixada\/wp-json\/wp\/v2\/posts\/6740\/revisions"}],"wp:featuredmedia":[{"embeddable":true,"href":"https:\/\/hostnetart.com.br\/baixada\/wp-json\/wp\/v2\/media\/6739"}],"wp:attachment":[{"href":"https:\/\/hostnetart.com.br\/baixada\/wp-json\/wp\/v2\/media?parent=6740"}],"wp:term":[{"taxonomy":"category","embeddable":true,"href":"https:\/\/hostnetart.com.br\/baixada\/wp-json\/wp\/v2\/categories?post=6740"},{"taxonomy":"post_tag","embeddable":true,"href":"https:\/\/hostnetart.com.br\/baixada\/wp-json\/wp\/v2\/tags?post=6740"}],"curies":[{"name":"wp","href":"https:\/\/api.w.org\/{rel}","templated":true}]}}