{"id":674,"date":"2015-03-02T17:41:00","date_gmt":"2015-03-02T20:41:00","guid":{"rendered":"https:\/\/hostnetart.com.br\/baixada\/contraf-debate-igualdade-de-oportunidades-com-fenaban-nesta-terca\/"},"modified":"2015-03-02T17:41:00","modified_gmt":"2015-03-02T20:41:00","slug":"contraf-debate-igualdade-de-oportunidades-com-fenaban-nesta-terca","status":"publish","type":"post","link":"https:\/\/hostnetart.com.br\/baixada\/contraf-debate-igualdade-de-oportunidades-com-fenaban-nesta-terca\/","title":{"rendered":"Contraf debate igualdade de oportunidades com Fenaban nesta ter\u00e7a"},"content":{"rendered":"<p><span style=\"color: #464646;\">A Contraf-CUT, federa\u00e7\u00f5es e sindicatos se re\u00fanem nesta ter\u00e7a-feira, dia 3 de mar\u00e7o, \u00e0s 15h, com a Fenaban, em S\u00e3o Paulo, para retomar a mesa tem\u00e1tica de Igualdade de Oportunidades. Essa ser\u00e1 a primeira reuni\u00e3o do ano e a Comiss\u00e3o de G\u00eanero, Ra\u00e7a e Orienta\u00e7\u00e3o Sexual (CGROS) far\u00e1 um balan\u00e7o sobre as demandas da categoria.<\/span><br style=\"color: #464646;\" \/><br style=\"color: #464646;\" \/><span style=\"color: #464646;\">Para a secret\u00e1ria de Pol\u00edticas Sociais da Contraf-CUT, Andrea Vasconcelos, a Fenaban continua deixando a tem\u00e1tica de igualdade de oportunidades para um segundo plano e n\u00e3o trata o assunto como prioridade na mesa de negocia\u00e7\u00e3o.<\/span><br style=\"color: #464646;\" \/><br style=\"color: #464646;\" \/><span style=\"color: #464646;\">\u201cOs bancos n\u00e3o apresentam planos de a\u00e7\u00e3o nesta \u00e1rea e n\u00e3o demonstram esfor\u00e7o em corrigir distor\u00e7\u00f5es hist\u00f3ricas, como a disparidade salarial entre homens e mulheres. O plano de cargos e sal\u00e1rios, quando existe nos privados, n\u00e3o tem transpar\u00eancia, algo que precisa mudar com urg\u00eancia\u201d critica Andrea.<\/span><br style=\"color: #464646;\" \/><br style=\"color: #464646;\" \/><b style=\"color: #464646;\">Reuni\u00e3o da CGROS<\/b><br style=\"color: #464646;\" \/><br style=\"color: #464646;\" \/><span style=\"color: #464646;\">Antes da mesa tem\u00e1tica, a Contraf-CUT realiza nesta segunda-feira, dia 2 de mar\u00e7o, \u00e0s 14h, uma reuni\u00e3o da CGROS, na sede da Confedera\u00e7\u00e3o, na capital paulista, para preparar os debates com a Fenaban.\u00a0<\/span><br style=\"color: #464646;\" \/><br style=\"color: #464646;\" \/><span style=\"color: #464646;\">\u201cA Contraf-CUT est\u00e1 finalizando o mandato de 2012\/2015 e tamb\u00e9m vamos fazer uma avalia\u00e7\u00e3o da CGROS neste per\u00edodo. S\u00e3o muitos pontos positivos, como a realiza\u00e7\u00e3o do II Censo da Diversidade, mas precisamos fortalecer e sensibilizar a discuss\u00e3o sobre igualdade entre os pr\u00f3prios banc\u00e1rios, para avan\u00e7armos ainda mais\u201d, finaliza Andrea.<\/span><br style=\"color: #464646;\" \/><br style=\"color: #464646;\" \/><br style=\"color: #464646;\" \/><span style=\"color: #464646;\">Fonte: Contraf-CUT<\/span><\/p>\n","protected":false},"excerpt":{"rendered":"<p>A Contraf-CUT, federa\u00e7\u00f5es e sindicatos se re\u00fanem nesta ter\u00e7a-feira, dia 3 de mar\u00e7o, \u00e0s 15h, com a Fenaban, em S\u00e3o Paulo, para retomar a mesa tem\u00e1tica de Igualdade de Oportunidades. Essa ser\u00e1 a primeira reuni\u00e3o do ano e a Comiss\u00e3o de G\u00eanero, Ra\u00e7a e Orienta\u00e7\u00e3o Sexual (CGROS) far\u00e1 um balan\u00e7o sobre as demandas da categoria.Para [&hellip;]<\/p>\n","protected":false},"author":1,"featured_media":0,"comment_status":"","ping_status":"","sticky":false,"template":"","format":"standard","meta":{"footnotes":""},"categories":[3],"tags":[],"class_list":["post-674","post","type-post","status-publish","format-standard","hentry","category-noticias"],"_links":{"self":[{"href":"https:\/\/hostnetart.com.br\/baixada\/wp-json\/wp\/v2\/posts\/674","targetHints":{"allow":["GET"]}}],"collection":[{"href":"https:\/\/hostnetart.com.br\/baixada\/wp-json\/wp\/v2\/posts"}],"about":[{"href":"https:\/\/hostnetart.com.br\/baixada\/wp-json\/wp\/v2\/types\/post"}],"author":[{"embeddable":true,"href":"https:\/\/hostnetart.com.br\/baixada\/wp-json\/wp\/v2\/users\/1"}],"replies":[{"embeddable":true,"href":"https:\/\/hostnetart.com.br\/baixada\/wp-json\/wp\/v2\/comments?post=674"}],"version-history":[{"count":0,"href":"https:\/\/hostnetart.com.br\/baixada\/wp-json\/wp\/v2\/posts\/674\/revisions"}],"wp:attachment":[{"href":"https:\/\/hostnetart.com.br\/baixada\/wp-json\/wp\/v2\/media?parent=674"}],"wp:term":[{"taxonomy":"category","embeddable":true,"href":"https:\/\/hostnetart.com.br\/baixada\/wp-json\/wp\/v2\/categories?post=674"},{"taxonomy":"post_tag","embeddable":true,"href":"https:\/\/hostnetart.com.br\/baixada\/wp-json\/wp\/v2\/tags?post=674"}],"curies":[{"name":"wp","href":"https:\/\/api.w.org\/{rel}","templated":true}]}}