{"id":6738,"date":"2019-05-22T15:05:41","date_gmt":"2019-05-22T18:05:41","guid":{"rendered":"https:\/\/hostnetart.com.br\/baixada\/perto-do-que-acontece-no-brasil-periodo-medieval-foi-uma-epoca-de-progresso\/"},"modified":"2019-05-22T15:05:41","modified_gmt":"2019-05-22T18:05:41","slug":"perto-do-que-acontece-no-brasil-periodo-medieval-foi-uma-epoca-de-progresso","status":"publish","type":"post","link":"https:\/\/hostnetart.com.br\/baixada\/perto-do-que-acontece-no-brasil-periodo-medieval-foi-uma-epoca-de-progresso\/","title":{"rendered":"Perto do que acontece no Brasil, per\u00edodo medieval foi uma \u00e9poca de progresso"},"content":{"rendered":"<p>Tenho lido, visto e ouvido a insist\u00eancia com que se caracteriza o comportamento dos idiotas do <a href=\"https:\/\/www.redebrasilatual.com.br\/economia\/2019\/05\/bolsonaro-pessimismo-economia\/\" target=\"_blank\" rel=\"noopener noreferrer\">governo Bolsonaro<\/a>, inclusive o dele, como \u201cmedieval\u201d. \u00c9 destas palavras que entraram na Vulgata contempor\u00e2nea, significando \u201catraso\u201d, \u201cobscurantismo\u201d, \u201ctrevas\u201d, por oposi\u00e7\u00e3o \u00e0s \u201cluzes\u201d da \u201cmodernidade\u201d.<\/p>\n<div>\n<p>Protesto!<\/p>\n<p>Perto do que est\u00e1 acontecendo hoje no Brasil e no mundo, a Idade M\u00e9dia europeia \u2013 que ao todo estendeu-se do s\u00e9culo 5 ao 15 \u2013 foi uma \u00e9poca de progresso, com muitas lumin\u00e1rias que trariam suas luzes para o obscurantismo hoje reinante.<\/p>\n<p>Sen\u00e3o, vejamos. Com todos os seus problemas, e n\u00e3o foram poucos, a Idade M\u00e9dia foi a p\u00e1tria temporal de gente como Dante, Chaucer, Rutebeuf, Fran\u00e7ois Villon, gestou poemas como o Cantar de Mio Cid, a Chanson de Roland, al\u00e9m das bases da poesia l\u00edrica moderna, em parte baseada no Culto Mariano e no fundamentalismo religioso, mas nada intolerante, e vegetariano, dos assim chamados \u00e0 sua revelia de C\u00e1taros, no sul da Fran\u00e7a, al\u00e9m de ter visto nascer os maravilhosos cantares d\u2019amor e d\u2019amigo da nossa l\u00edngua portuguesa.<\/p>\n<p>A Idade M\u00e9dia europeia popularizou o vitral, inventado no Oriente a\u00ed pelo s\u00e9culo 4 dC, deixando a luz invadir as catedrais e os esp\u00edritos, com o processo de urbaniza\u00e7\u00e3o crescente que elevou torres e igrejas sobre o casario, a partir dos s\u00e9culos 6 e 7.<\/p>\n<p>Al\u00e9m disto, ao contr\u00e1rio de muitos obscurantistas que arrotam ignor\u00e2ncia hoje em dia, qualquer estudioso mediano da Idade M\u00e9dia sabia que a Terra era redonda, embora, gra\u00e7as a uma ilus\u00e3o de \u00f3tica por falta de tecnologia adequada, muitos deles acreditassem que o Sol girava ao redor do nosso planeta e n\u00e3o o contr\u00e1rio.<\/p>\n<p>A Inquisi\u00e7\u00e3o? Certo: a pr\u00e1tica inquisitorial vinha de antes, mas a institui\u00e7\u00e3o e as fogueiras ganharam for\u00e7a a partir do s\u00e9culo 13 e se robusteceram na \u00e9poca do Renascimento, gra\u00e7as \u00e0s disputas religiosas provocadas pela Reforma. O auge dos autos da f\u00e9 se deu nos s\u00e9culos 16 e 17, e os reformadores protestantes s\u00f3 n\u00e3o queimaram mais gente porque tinham menos poder e alcance do que os cat\u00f3licos.<\/p>\n<p>Enfim, para resumir, a Idade M\u00e9dia leva a culpa por feitos posteriores e <em>fake news<\/em> divulgadas a seu respeito pelo cinema hollywoodiano e outras fontes. O atual obscurantismo religioso que domina at\u00e9 a pol\u00edtica externa dos Estados Unidos e a nossa, brasileira, por imita\u00e7\u00e3o canhestra, come\u00e7a com o Movimento Ultramontano, que nasceu na Fran\u00e7a, no s\u00e9culo 19.<\/p>\n<p>Ultramontano? Sim, porque este movimento glorificava o poder centralizador \u2013 e conservador, na \u00e9poca \u2013 do poder do Papa, que sediava em Roma, al\u00e9m dos Alpes, al\u00e9m dos montes. Ultramontano, portanto.<\/p>\n<p>Este movimento adquiriu for\u00e7a em Portugal, na Espanha, e na Baviera, terra natal de Bento 16. Padres b\u00e1varos, dentre outros, o trouxeram ao Brasil, ao fim do s\u00e9culo 19, come\u00e7os do 20, com muita influ\u00eancia em S\u00e3o Paulo, Rio de Janeiro e Minas Gerais.<\/p>\n<p>Este catolicismo conservador foi fundamental para a forma\u00e7\u00e3o do ide\u00e1rio do Movimento Integralista de Pl\u00ednio Salgado, que teve mais a ver com ele, com a Falange Espanhola e o Salazarismo Portugu\u00eas do que com o Fascismo e o Nazismo, apesar de figuras como Milton Campos e Gustavo Barroso serem admiradores fervorosos destes \u00faltimos.<\/p>\n<p>O Integralismo segue ativo no Brasil. Com v\u00e1rias casas e programas de forma\u00e7\u00e3o pol\u00edtica dispersas pelo pa\u00eds, chamadas de \u201cCasas de Pl\u00ednio Salgado\u201d que tinha mais de carola camisa verde do que de SS e SA.<\/p>\n<p>Outra for\u00e7a religiosa importante para a forma\u00e7\u00e3o do obscurantismo atual \u00e9 a Opus Dei, fundada em 1928 por Josemaria Escriv\u00e1 de Balaguer y Barb\u00e1s, que tem bastante influ\u00eancia no Judici\u00e1rio brasileiro, particularmente em S\u00e3o Paulo.<\/p>\n<p>Por fim h\u00e1 o movimento crist\u00e3o conservador dos Estados Unidos. tanto cat\u00f3lico quanto pentecostal, que se espraiou pelo Brasil desde o come\u00e7o do s\u00e9culo 20, \u00a0e controla a pol\u00edtica externa da terra de Trump por meio do secret\u00e1rio de Estado, Mike Pompeo. Tamb\u00e9m \u00e9 apoiado pelo \u201cfalc\u00e3o\u201d John Bolton e aportado \u00e0 Europa por Steve Bannon que, com o cardeal arquirreacion\u00e1rio Raymond Burke, conspira contra o Papa Francisco 1.<\/p>\n<p>Portanto, deixemos a Idade M\u00e9dia e seus vitrais iluminados em paz, e nos concentremos nos obscurantismos de hoje, para os quais a Terra \u00e9 plana e a falta de intelig\u00eancia \u00e9 esf\u00e9rica e abrangente.<\/p>\n<p><strong>Fonte: Rede Brasil Atual<\/strong><\/p>\n<\/div>\n","protected":false},"excerpt":{"rendered":"<p>Tenho lido, visto e ouvido a insist\u00eancia com que se caracteriza o comportamento dos idiotas do governo Bolsonaro, inclusive o dele, como \u201cmedieval\u201d. \u00c9 destas palavras que entraram na Vulgata contempor\u00e2nea, significando \u201catraso\u201d, \u201cobscurantismo\u201d, \u201ctrevas\u201d, por oposi\u00e7\u00e3o \u00e0s \u201cluzes\u201d da \u201cmodernidade\u201d. Protesto! Perto do que est\u00e1 acontecendo hoje no Brasil e no mundo, a Idade [&hellip;]<\/p>\n","protected":false},"author":2,"featured_media":6737,"comment_status":"","ping_status":"","sticky":false,"template":"","format":"standard","meta":{"footnotes":""},"categories":[3],"tags":[],"class_list":["post-6738","post","type-post","status-publish","format-standard","has-post-thumbnail","hentry","category-noticias"],"_links":{"self":[{"href":"https:\/\/hostnetart.com.br\/baixada\/wp-json\/wp\/v2\/posts\/6738","targetHints":{"allow":["GET"]}}],"collection":[{"href":"https:\/\/hostnetart.com.br\/baixada\/wp-json\/wp\/v2\/posts"}],"about":[{"href":"https:\/\/hostnetart.com.br\/baixada\/wp-json\/wp\/v2\/types\/post"}],"author":[{"embeddable":true,"href":"https:\/\/hostnetart.com.br\/baixada\/wp-json\/wp\/v2\/users\/2"}],"replies":[{"embeddable":true,"href":"https:\/\/hostnetart.com.br\/baixada\/wp-json\/wp\/v2\/comments?post=6738"}],"version-history":[{"count":0,"href":"https:\/\/hostnetart.com.br\/baixada\/wp-json\/wp\/v2\/posts\/6738\/revisions"}],"wp:featuredmedia":[{"embeddable":true,"href":"https:\/\/hostnetart.com.br\/baixada\/wp-json\/wp\/v2\/media\/6737"}],"wp:attachment":[{"href":"https:\/\/hostnetart.com.br\/baixada\/wp-json\/wp\/v2\/media?parent=6738"}],"wp:term":[{"taxonomy":"category","embeddable":true,"href":"https:\/\/hostnetart.com.br\/baixada\/wp-json\/wp\/v2\/categories?post=6738"},{"taxonomy":"post_tag","embeddable":true,"href":"https:\/\/hostnetart.com.br\/baixada\/wp-json\/wp\/v2\/tags?post=6738"}],"curies":[{"name":"wp","href":"https:\/\/api.w.org\/{rel}","templated":true}]}}