{"id":6736,"date":"2019-05-22T15:02:39","date_gmt":"2019-05-22T18:02:39","guid":{"rendered":"https:\/\/hostnetart.com.br\/baixada\/trabalhadores-do-macrossetor-de-servicos-vao-as-ruas-contra-a-reforma-da-previdencia\/"},"modified":"2019-05-22T15:02:39","modified_gmt":"2019-05-22T18:02:39","slug":"trabalhadores-do-macrossetor-de-servicos-vao-as-ruas-contra-a-reforma-da-previdencia","status":"publish","type":"post","link":"https:\/\/hostnetart.com.br\/baixada\/trabalhadores-do-macrossetor-de-servicos-vao-as-ruas-contra-a-reforma-da-previdencia\/","title":{"rendered":"Trabalhadores do macrossetor de servi\u00e7os v\u00e3o \u00e0s ruas contra a reforma da Previd\u00eancia"},"content":{"rendered":"<p>Trabalhadores dos setores financeiro, de comunica\u00e7\u00e3o, do com\u00e9rcio, processamento de dados e vigilantes, que comp\u00f5em o <a href=\"https:\/\/contrafcut.com.br\/noticias\/macrossetor-de-servicos-da-cut-realiza-seminario-nos-dias-3-e-4-bdf4\/\" target=\"_blank\" rel=\"noopener noreferrer\">macrossetor de servi\u00e7os<\/a> da Central \u00danica dos Trabalhadores (CUT) far\u00e3o atividades em todo o pa\u00eds nesta quarta-feira (22) em protesto contra a reforma da Previd\u00eancia proposta pelo governo de Jair Bolsonaro. Os segmentos de servi\u00e7os contemplam mais de 67% dos 90 milh\u00f5es de trabalhadores brasileiros empregados e s\u00e3o respons\u00e1veis por 73% do Produto Interno Bruto (PIB).<\/p>\n<p>\u201cA proposta de reforma da Previd\u00eancia do governo Bolsonaro representa um dos maiores e mais graves ataques aos direitos do povo mais pobre, das mulheres, dos idosos e das gera\u00e7\u00f5es futuras. Se aprovada, todo o sistema de seguridade social ser\u00e1 desmontado, em preju\u00edzo de toda a classe trabalhadora. \u00c9 essa a verdade que temos que mostrar para a sociedade\u201d, disse a presidenta da Confedera\u00e7\u00e3o Nacional dos Trabalhadores do Ramo Financeiro (Contraf-CUT), Juvandia Moreira.<\/p>\n<p>As entidades cutistas do macrossetor de servi\u00e7os <a href=\"https:\/\/contrafcut.com.br\/publicacoes\/cartilha-da-reforma-da-previdencia\/\" target=\"_blank\" rel=\"noopener noreferrer\">distribuir\u00e3o materiais<\/a> que mostram os preju\u00edzos que a reforma, se aprovada, causar\u00e1 \u00e0 classe trabalhadora. Tamb\u00e9m ser\u00e3o coletadas assinaturas no <a href=\"http:\/\/cutrs.org.br\/wp-content\/uploads\/2019\/04\/Abaixo-assinado-centrais-sindicais-frentes.pdf\" target=\"_blank\" rel=\"noopener noreferrer\">abaixo-assinado unificado das centrais sindicais<\/a> contra a reforma e a popula\u00e7\u00e3o poder\u00e1 calcular o tempo necess\u00e1rio para se aposentar pelo atual sistema e pela proposta do governo. A <a href=\"https:\/\/contrafcut.com.br\/calcule-a-sua-aposentadoria\/\" target=\"_blank\" rel=\"noopener noreferrer\">ferramenta de c\u00e1lculo<\/a> foi desenvolvida pelo Departamento Intersindical de Estat\u00edstica e Estudos Socioecon\u00f4micos (Dieese).<\/p>\n<p>Os banc\u00e1rios se somar\u00e3o \u00e0s atividades do macrossetor em todo o pa\u00eds, como por exemplo <a href=\"http:\/\/www.bancariospe.org.br\/noticiasapp.asp?codigo=19007#.XOQv3RRKjIU\" target=\"_blank\" rel=\"noopener noreferrer\">em Pernambuco<\/a>, onde a atividade ser\u00e1 realizada em Recife, na Pra\u00e7a da Independ\u00eancia (Di\u00e1rio), das 9h \u00e0s 17h.<\/p>\n<p><strong>Fonte: Contraf-CUT<\/strong><\/p>\n","protected":false},"excerpt":{"rendered":"<p>Trabalhadores dos setores financeiro, de comunica\u00e7\u00e3o, do com\u00e9rcio, processamento de dados e vigilantes, que comp\u00f5em o macrossetor de servi\u00e7os da Central \u00danica dos Trabalhadores (CUT) far\u00e3o atividades em todo o pa\u00eds nesta quarta-feira (22) em protesto contra a reforma da Previd\u00eancia proposta pelo governo de Jair Bolsonaro. Os segmentos de servi\u00e7os contemplam mais de 67% [&hellip;]<\/p>\n","protected":false},"author":2,"featured_media":6735,"comment_status":"","ping_status":"","sticky":false,"template":"","format":"standard","meta":{"footnotes":""},"categories":[3],"tags":[],"class_list":["post-6736","post","type-post","status-publish","format-standard","has-post-thumbnail","hentry","category-noticias"],"_links":{"self":[{"href":"https:\/\/hostnetart.com.br\/baixada\/wp-json\/wp\/v2\/posts\/6736","targetHints":{"allow":["GET"]}}],"collection":[{"href":"https:\/\/hostnetart.com.br\/baixada\/wp-json\/wp\/v2\/posts"}],"about":[{"href":"https:\/\/hostnetart.com.br\/baixada\/wp-json\/wp\/v2\/types\/post"}],"author":[{"embeddable":true,"href":"https:\/\/hostnetart.com.br\/baixada\/wp-json\/wp\/v2\/users\/2"}],"replies":[{"embeddable":true,"href":"https:\/\/hostnetart.com.br\/baixada\/wp-json\/wp\/v2\/comments?post=6736"}],"version-history":[{"count":0,"href":"https:\/\/hostnetart.com.br\/baixada\/wp-json\/wp\/v2\/posts\/6736\/revisions"}],"wp:featuredmedia":[{"embeddable":true,"href":"https:\/\/hostnetart.com.br\/baixada\/wp-json\/wp\/v2\/media\/6735"}],"wp:attachment":[{"href":"https:\/\/hostnetart.com.br\/baixada\/wp-json\/wp\/v2\/media?parent=6736"}],"wp:term":[{"taxonomy":"category","embeddable":true,"href":"https:\/\/hostnetart.com.br\/baixada\/wp-json\/wp\/v2\/categories?post=6736"},{"taxonomy":"post_tag","embeddable":true,"href":"https:\/\/hostnetart.com.br\/baixada\/wp-json\/wp\/v2\/tags?post=6736"}],"curies":[{"name":"wp","href":"https:\/\/api.w.org\/{rel}","templated":true}]}}