{"id":6730,"date":"2019-05-21T13:48:59","date_gmt":"2019-05-21T16:48:59","guid":{"rendered":"https:\/\/hostnetart.com.br\/baixada\/contraf-cut-cobra-a-reposicao-do-quadro-de-empregados-da-caixa\/"},"modified":"2019-05-21T13:48:59","modified_gmt":"2019-05-21T16:48:59","slug":"contraf-cut-cobra-a-reposicao-do-quadro-de-empregados-da-caixa","status":"publish","type":"post","link":"https:\/\/hostnetart.com.br\/baixada\/contraf-cut-cobra-a-reposicao-do-quadro-de-empregados-da-caixa\/","title":{"rendered":"Contraf-CUT cobra a reposi\u00e7\u00e3o do quadro de empregados da Caixa"},"content":{"rendered":"<p>A Confedera\u00e7\u00e3o Nacional dos Trabalhadores do Ramo Financeiro (Contraf-CUT) reivindica a reposi\u00e7\u00e3o do quadro de funcion\u00e1rios da Caixa.\u00a0<a href=\"https:\/\/contrafcut.com.br\/noticias\/lucro-menor-da-caixa-aponta-perda-de-mercado-em-2018\/\" target=\"_blank\" rel=\"noopener noreferrer\">O banco encerrou 2018 com o menor n\u00famero desde 2014<\/a>, quando trabalhavam na Caixa 101 mil pessoas. Hoje s\u00e3o 84 mil. Para piorar, o presidente da Caixa anunciou, nesta sexta-feira (17), o novo programa de demiss\u00e3o volunt\u00e1ria (<a href=\"https:\/\/g1.globo.com\/economia\/noticia\/2019\/05\/17\/caixa-economica-federal-anuncia-abertura-de-pdv-e-preve-35-mil-desligamentos.ghtml\">PDVE<\/a>). O objetivo \u00e9 reduzir at\u00e9 3,5 mil dos 28 mil empregados que trabalham na matriz e em escrit\u00f3rios regionais da Caixa.<\/p>\n<p>\u201cA nossa luta \u00e9 para melhores condi\u00e7\u00f5es de trabalho e de atendimento \u00e0 popula\u00e7\u00e3o. Para isso, precisamos de mais trabalhadores e n\u00e3o menos. Esta redu\u00e7\u00e3o prejudica n\u00e3o s\u00f3 os trabalhadores que ficam, como tamb\u00e9m a popula\u00e7\u00e3o, que \u00e9 prejudicada diretamente\u201d, afirmou Dion\u00edsio Reis, coordenador da Comiss\u00e3o Executiva dos Empregados da Caixa.\u00a0 \u201cPara piorar, o programa \u00e9 aberto com a discrimina\u00e7\u00e3o aos trabalhadores. Apenas uma \u00e1rea espec\u00edfica pode aderir e, s\u00f3 caso eles n\u00e3o batam a meta, ser\u00e1 ampliado para os demais setores do banco.\u201d<\/p>\n<p>Este \u00e9 o terceiro PDVE aberto pela Caixa nos \u00faltimos anos. No primeiro, em\u00a0<a href=\"https:\/\/contrafcut.com.br\/noticias\/caixa-anuncia-programa-de-demissao-voluntaria-ec5d\/\" target=\"_blank\" rel=\"noopener noreferrer\">2017<\/a>, o alvo eram os empregados aposentados pelo INSS ou que poderiam se aposentar at\u00e9 30 de junho daquele ano.\u00a0<a href=\"https:\/\/contrafcut.com.br\/noticias\/caixa-divulga-volta-do-pdve-cc53\/\" target=\"_blank\" rel=\"noopener noreferrer\">Em Julho<\/a>, o banco anunciou a reabertura para completar a meta de 10 mil que n\u00e3o foi cumprida inicialmente. \u201cDesde j\u00e1 manifestamos nossa contrariedade por mais uma decis\u00e3o unilateral do banco, sem qualquer negocia\u00e7\u00e3o com os representantes dos trabalhadores\u201d, disse. Para o coordenador do CEE \u00e9 mais uma mostra da tentativa do enfraquecimento do banco. \u201cO desenho que est\u00e1 sendo pensado para a Caixa \u00e9 semelhante ao modelo proposto para os bancos que foram enfraquecidos e privatizados nos anos 90, durante o governo de Fernando Henrique Cardoso. As demiss\u00f5es desenfreadas, tidas como volunt\u00e1rias, ser\u00e3o aceleradas. O sonho de uma Caixa sintonizada com os desafios do Brasil ficar\u00e1 cada vez mais distante. O banco \u00e9 um dos maiores instrumentos de pol\u00edtica social, mas esse perfil ser\u00e1 riscado do mapa caso esse processo obtenha \u00eaxito\u201d, finalizou.<\/p>\n<p><strong>Fonte: Contraf-CUT<\/strong><\/p>\n","protected":false},"excerpt":{"rendered":"<p>A Confedera\u00e7\u00e3o Nacional dos Trabalhadores do Ramo Financeiro (Contraf-CUT) reivindica a reposi\u00e7\u00e3o do quadro de funcion\u00e1rios da Caixa.\u00a0O banco encerrou 2018 com o menor n\u00famero desde 2014, quando trabalhavam na Caixa 101 mil pessoas. Hoje s\u00e3o 84 mil. Para piorar, o presidente da Caixa anunciou, nesta sexta-feira (17), o novo programa de demiss\u00e3o volunt\u00e1ria (PDVE). [&hellip;]<\/p>\n","protected":false},"author":2,"featured_media":6729,"comment_status":"","ping_status":"","sticky":false,"template":"","format":"standard","meta":{"footnotes":""},"categories":[3],"tags":[],"class_list":["post-6730","post","type-post","status-publish","format-standard","has-post-thumbnail","hentry","category-noticias"],"_links":{"self":[{"href":"https:\/\/hostnetart.com.br\/baixada\/wp-json\/wp\/v2\/posts\/6730","targetHints":{"allow":["GET"]}}],"collection":[{"href":"https:\/\/hostnetart.com.br\/baixada\/wp-json\/wp\/v2\/posts"}],"about":[{"href":"https:\/\/hostnetart.com.br\/baixada\/wp-json\/wp\/v2\/types\/post"}],"author":[{"embeddable":true,"href":"https:\/\/hostnetart.com.br\/baixada\/wp-json\/wp\/v2\/users\/2"}],"replies":[{"embeddable":true,"href":"https:\/\/hostnetart.com.br\/baixada\/wp-json\/wp\/v2\/comments?post=6730"}],"version-history":[{"count":0,"href":"https:\/\/hostnetart.com.br\/baixada\/wp-json\/wp\/v2\/posts\/6730\/revisions"}],"wp:featuredmedia":[{"embeddable":true,"href":"https:\/\/hostnetart.com.br\/baixada\/wp-json\/wp\/v2\/media\/6729"}],"wp:attachment":[{"href":"https:\/\/hostnetart.com.br\/baixada\/wp-json\/wp\/v2\/media?parent=6730"}],"wp:term":[{"taxonomy":"category","embeddable":true,"href":"https:\/\/hostnetart.com.br\/baixada\/wp-json\/wp\/v2\/categories?post=6730"},{"taxonomy":"post_tag","embeddable":true,"href":"https:\/\/hostnetart.com.br\/baixada\/wp-json\/wp\/v2\/tags?post=6730"}],"curies":[{"name":"wp","href":"https:\/\/api.w.org\/{rel}","templated":true}]}}