{"id":673,"date":"2015-02-24T17:40:00","date_gmt":"2015-02-24T20:40:00","guid":{"rendered":"https:\/\/hostnetart.com.br\/baixada\/papa-francisco-diz-que-sonegar-impostos-e-um-pecado-gravissimo\/"},"modified":"2015-02-24T17:40:00","modified_gmt":"2015-02-24T20:40:00","slug":"papa-francisco-diz-que-sonegar-impostos-e-um-pecado-gravissimo","status":"publish","type":"post","link":"https:\/\/hostnetart.com.br\/baixada\/papa-francisco-diz-que-sonegar-impostos-e-um-pecado-gravissimo\/","title":{"rendered":"Papa Francisco diz que sonegar impostos \u00e9 um \u201cpecado grav\u00edssimo\u201d"},"content":{"rendered":"<p><b style=\"color: #464646;\">Terra<\/b><br style=\"color: #464646;\" \/><br style=\"color: #464646;\" \/><span style=\"color: #464646;\">O papa Francisco afirmou nesta sexta-feira que pagar sal\u00e1rios sonegando impostos \u00e9 um \u201cpecado grav\u00edssimo\u201d e que os crist\u00e3os que fazem isso, mas depois d\u00e3o donativos \u00e0 Igreja, est\u00e3o utilizando \u201cDeus para encobrir a injusti\u00e7a\u201d.<\/span><br style=\"color: #464646;\" \/><br style=\"color: #464646;\" \/><span style=\"color: #464646;\">Francisco convidou os presentes na missa matutina realizada na capela da Casa de Santa Marta a se perguntar como \u00e9 a rela\u00e7\u00e3o de cada um com seus funcion\u00e1rios e criticou os que lhes pagam burlando os impostos correspondentes.<\/span><br style=\"color: #464646;\" \/><br style=\"color: #464646;\" \/><span style=\"color: #464646;\">\u201cN\u00e3o doe para a Igreja para suportar as injusti\u00e7as que comete com seus empregados. Este \u00e9 um pecado grav\u00edssimo: \u00c9 utilizar Deus para encobrir a injusti\u00e7a\u201d, afirmou.<\/span><br style=\"color: #464646;\" \/><br style=\"color: #464646;\" \/><span style=\"color: #464646;\">Durante seu discurso, o bispo de Roma pediu aos presentes na missa que reflitam no per\u00edodo de Quaresma para ver se na rela\u00e7\u00e3o com seus trabalhadores est\u00e3o inclu\u00eddas \u201ccontribui\u00e7\u00f5es para sua previd\u00eancia\u201d e \u201cpara assegurar sua sa\u00fade\u201d e se s\u00e3o generosos e justos com eles.<\/span><br style=\"color: #464646;\" \/><br style=\"color: #464646;\" \/><span style=\"color: #464646;\">\u201cN\u00e3o \u00e9 um bom crist\u00e3o aquele que n\u00e3o faz justi\u00e7a com as pessoas que dependem dele, como tamb\u00e9m n\u00e3o \u00e9 bom crist\u00e3o aquele que n\u00e3o se desprende das coisas que necessita para dar ao outro que tenha necessidade\u201d, declarou.\u00a0<\/span><br style=\"color: #464646;\" \/><br style=\"color: #464646;\" \/><span style=\"color: #464646;\">\u201cN\u00e3o \u00e9 n\u00e3o comer carne nas sextas-feiras, n\u00e3o fazer diversas coisas, e depois fomentar o ego\u00edsmo, a explora\u00e7\u00e3o do pr\u00f3ximo, a ignor\u00e2ncia dos pobres\u201d, acrescentou em alus\u00e3o a esse preceito da Igreja sobre a abstin\u00eancia.<\/span><br style=\"color: #464646;\" \/><br style=\"color: #464646;\" \/><span style=\"color: #464646;\">O pont\u00edfice argentino tamb\u00e9m prop\u00f4s que os fi\u00e9is se questionem se ajudam diariamente os mais necessitados como crian\u00e7as e idosos.<\/span><br style=\"color: #464646;\" \/><br style=\"color: #464646;\" \/><span style=\"color: #464646;\">\u201cQue coisa posso fazer pelas crian\u00e7as, pelos idosos que n\u00e3o t\u00eam a possibilidade de serem visitados por um m\u00e9dico?\u201d, perguntou.<\/span><br style=\"color: #464646;\" \/><br style=\"color: #464646;\" \/><span style=\"color: #464646;\">O m\u00e1ximo representante da Igreja Cat\u00f3lica concluiu sua alocu\u00e7\u00e3o pedindo que rezem por aqueles que est\u00e3o nas pris\u00f5es para que \u201co Senhor lhes ajude a mudar sua vida\u201d.\u00a0<\/span><br style=\"color: #464646;\" \/><br style=\"color: #464646;\" \/><span style=\"color: #464646;\">Fonte: Terra<\/span><\/p>\n","protected":false},"excerpt":{"rendered":"<p>TerraO papa Francisco afirmou nesta sexta-feira que pagar sal\u00e1rios sonegando impostos \u00e9 um \u201cpecado grav\u00edssimo\u201d e que os crist\u00e3os que fazem isso, mas depois d\u00e3o donativos \u00e0 Igreja, est\u00e3o utilizando \u201cDeus para encobrir a injusti\u00e7a\u201d.Francisco convidou os presentes na missa matutina realizada na capela da Casa de Santa Marta a se perguntar como \u00e9 a [&hellip;]<\/p>\n","protected":false},"author":1,"featured_media":0,"comment_status":"","ping_status":"","sticky":false,"template":"","format":"standard","meta":{"footnotes":""},"categories":[3],"tags":[],"class_list":["post-673","post","type-post","status-publish","format-standard","hentry","category-noticias"],"_links":{"self":[{"href":"https:\/\/hostnetart.com.br\/baixada\/wp-json\/wp\/v2\/posts\/673","targetHints":{"allow":["GET"]}}],"collection":[{"href":"https:\/\/hostnetart.com.br\/baixada\/wp-json\/wp\/v2\/posts"}],"about":[{"href":"https:\/\/hostnetart.com.br\/baixada\/wp-json\/wp\/v2\/types\/post"}],"author":[{"embeddable":true,"href":"https:\/\/hostnetart.com.br\/baixada\/wp-json\/wp\/v2\/users\/1"}],"replies":[{"embeddable":true,"href":"https:\/\/hostnetart.com.br\/baixada\/wp-json\/wp\/v2\/comments?post=673"}],"version-history":[{"count":0,"href":"https:\/\/hostnetart.com.br\/baixada\/wp-json\/wp\/v2\/posts\/673\/revisions"}],"wp:attachment":[{"href":"https:\/\/hostnetart.com.br\/baixada\/wp-json\/wp\/v2\/media?parent=673"}],"wp:term":[{"taxonomy":"category","embeddable":true,"href":"https:\/\/hostnetart.com.br\/baixada\/wp-json\/wp\/v2\/categories?post=673"},{"taxonomy":"post_tag","embeddable":true,"href":"https:\/\/hostnetart.com.br\/baixada\/wp-json\/wp\/v2\/tags?post=673"}],"curies":[{"name":"wp","href":"https:\/\/api.w.org\/{rel}","templated":true}]}}