{"id":6720,"date":"2019-05-21T13:40:25","date_gmt":"2019-05-21T16:40:25","guid":{"rendered":"https:\/\/hostnetart.com.br\/baixada\/domingo-tem-protesto-das-comunidades-contra-as-mortes-no-rio-de-janeiro\/"},"modified":"2019-05-21T13:40:25","modified_gmt":"2019-05-21T16:40:25","slug":"domingo-tem-protesto-das-comunidades-contra-as-mortes-no-rio-de-janeiro","status":"publish","type":"post","link":"https:\/\/hostnetart.com.br\/baixada\/domingo-tem-protesto-das-comunidades-contra-as-mortes-no-rio-de-janeiro\/","title":{"rendered":"Domingo tem protesto das comunidades contra as mortes no Rio de Janeiro"},"content":{"rendered":"<p>No mesmo dia em que o ministro da Justi\u00e7a,\u00a0<a href=\"https:\/\/www.redebrasilatual.com.br\/blogs\/2019\/02\/20-fatos-sobre-os-atos-do-ex-juiz-sergio-moro-uma-cronologia\/\" target=\"_blank\" rel=\"noopener noreferrer\">Sergio Moro<\/a>, utilizou as redes sociais para reafirmar seu\u00a0<a href=\"https:\/\/www.redebrasilatual.com.br\/cidadania\/2019\/04\/pacote-anticrime-de-sergio-moro-tem-muito-marketing-e-pouca-eficiencia\/\" target=\"_blank\" rel=\"noopener noreferrer\">projeto de lei \u201canticrime\u201d<\/a>, moradores de comunidades do Rio de Janeiro confirmaram para o pr\u00f3ximo domingo (26) protesto contra o massacre nas favelas por a\u00e7\u00e3o da pol\u00edcia.<\/p>\n<p>Em tr\u00eas posts na sua\u00a0<a href=\"https:\/\/twitter.com\/SF_Moro\/status\/1130451728401412096?ref_src=twsrc%5Etfw%7Ctwcamp%5Etweetembed%7Ctwterm%5E1130451728401412096&amp;ref_url=http%3A%2F%2Fporem.net%2F2019%2F05%2F20%2Fsergio-moro-volta-a-defender-projeto-com-licenca-para-matar%2F\" target=\"_blank\" rel=\"noopener noreferrer\">conta no Twitter<\/a>, Moro reafirmou a justificativa para mortes cometidas por policiais: \u201cPropomos no projeto de lei anticrime que se algu\u00e9m em leg\u00edtima defesa, ou seja, reagindo a agress\u00e3o injusta, exceder-se, o juiz poder\u00e1 deixar de aplicar a pena ou diminui-la se o excesso decorrer de escus\u00e1vel medo, surpresa ou violenta emo\u00e7\u00e3o\u201d.<\/p>\n<p>Enquanto isso, sob o governo de\u00a0<a href=\"https:\/\/www.redebrasilatual.com.br\/cidadania\/2019\/04\/100-dias-de-wilson-witzel-poucas-propostas-e-muitos-assassinatos\/\" target=\"_blank\" rel=\"noopener noreferrer\">Wilson Witzel (PSC)<\/a>, as pol\u00edcias militar e civil do Rio estado\u00a0<a href=\"https:\/\/www.redebrasilatual.com.br\/cidadania\/2019\/05\/cinco-pessoas-sao-mortas-diariamente-pela-policia-do-rio-de-janeiro\/\" target=\"_blank\" rel=\"noopener noreferrer\">mataram 434 pessoas entre janeiro e mar\u00e7o<\/a>\u00a0deste ano. A m\u00e9dia \u00e9 de quase cinco (4,82) mortos por dia, o maior n\u00famero para o per\u00edodo desde que a s\u00e9rie estat\u00edstica come\u00e7ou a ser feita, em 1998.\u00a0O aumento foi de 18% sobre o primeiro trimestre de 2018, quando houve 368 mortos.<\/p>\n<p>No alvo, os moradores de favelas, que reagem: \u201c\u00c9 um ato a favor de nossas vidas, \u00e9 para que parem de nos matar, parem de matar a juventude negra favelada, parem as incurs\u00f5es em hor\u00e1rios escolares, parem de entrar em nossas casas sem mandato, parem de criminalizar nossa exist\u00eancia\u201d, diz Barbara Nascimento, do coletivo Favela no Feminino e porta-voz do ato. \u201cEm nada tem a ver com qualquer outro ato que possa ser marcado na mesma data.\u201d<\/p>\n<p>B\u00e1rbara refere-se ao protesto convocado por apoiadores do governo Jair Bolsonaro para a mesma data, depois que\u00a0<a href=\"https:\/\/www.redebrasilatual.com.br\/educacao\/2019\/05\/mais-de-um-milhao-de-pessoas-participam-de-mobilizacoes-em-defesa-da-educacao\/\" target=\"_blank\" rel=\"noopener noreferrer\">milh\u00f5es de estudantes<\/a>\u00a0tomaram as ruas do pa\u00eds em 15 de maio. \u201cNosso ato vem sendo planejado h\u00e1 um m\u00eas e n\u00e3o tem qualquer rela\u00e7\u00e3o com outras manifesta\u00e7\u00f5es que possam vir a ocorrer na mesma data\u201d, refor\u00e7a, lembrando que 26 de maio \u00e9 o primeiro domingo ap\u00f3s completar um m\u00eas do assassinato do gari comunit\u00e1rio William dos Santos Mendon\u00e7a, no Vidigal.<\/p>\n<h4><strong>O morro em Ipanema<\/strong><\/h4>\n<p>No domingo (26) o Rio de Janeiro vai parar para ouvir m\u00e3es e familiares das v\u00edtimas desses massacres, afirma nota da\u00a0<a href=\"https:\/\/www.facebook.com\/events\/756314761429997\/\" target=\"_blank\" rel=\"noopener noreferrer\">organiza\u00e7\u00e3o<\/a>. \u201cNossos mortos t\u00eam voz\u201d, dizem eles. O ato ser\u00e1 realizado entre 10h e 13h, com concentra\u00e7\u00e3o marcada para o Posto 8, de Ipanema.<\/p>\n<p>Coordenado por moradores de favelas do Rio, com apoio de diversos movimentos sociais, a mobiliza\u00e7\u00e3o pretende ser um manifesto contra o massacre que ocorre nas favelas e \u00e1reas perif\u00e9ricas do estado, com a\u00e7\u00e3o da pol\u00edcia nesses territ\u00f3rios, em hor\u00e1rios indiscriminados, com \u201cordem de abate\u201d, a\u00e7\u00f5es policiais de helic\u00f3pteros e \u201cautos de resist\u00eancia\u201d forjados.<\/p>\n<p>O objetivo, destaca a organiza\u00e7\u00e3o, \u00e9 que favela e asfalto se unam em um s\u00f3 grito: \u201cPelo fim do genoc\u00eddio do povo das favelas\u201d. \u00a0Entre os organizadores est\u00e3o a Associa\u00e7\u00e3o de Moradores do Vidigal, o Movimento Popular de Favelas N\u00f3s do Morro, o Bando Cultural Favelados da Rocinha, a Associa\u00e7\u00e3o de Moradores da Rocinha, Redes da Mar\u00e9, Nosso Jardim, Movimento Negro Unificado, Rede de M\u00e3es e Familiares da Baixada, Favela n\u00e3o se Cala, Frente de Juristas Negras e Negros do Estado do Rio de Janeiro, Unegro \u2013 Uni\u00e3o de Negras e Negros por Igualdade, M\u00e3es e Familiares V\u00edtimas de Viol\u00eancia do Estado, al\u00e9m de muitos outros movimentos sociais.<\/p>\n<p><span style=\"text-decoration: underline;\"><strong>Fonte: Rede Brasil Atual<\/strong><\/span><\/p>\n","protected":false},"excerpt":{"rendered":"<p>No mesmo dia em que o ministro da Justi\u00e7a,\u00a0Sergio Moro, utilizou as redes sociais para reafirmar seu\u00a0projeto de lei \u201canticrime\u201d, moradores de comunidades do Rio de Janeiro confirmaram para o pr\u00f3ximo domingo (26) protesto contra o massacre nas favelas por a\u00e7\u00e3o da pol\u00edcia. Em tr\u00eas posts na sua\u00a0conta no Twitter, Moro reafirmou a justificativa para [&hellip;]<\/p>\n","protected":false},"author":2,"featured_media":6719,"comment_status":"","ping_status":"","sticky":false,"template":"","format":"standard","meta":{"footnotes":""},"categories":[3],"tags":[],"class_list":["post-6720","post","type-post","status-publish","format-standard","has-post-thumbnail","hentry","category-noticias"],"_links":{"self":[{"href":"https:\/\/hostnetart.com.br\/baixada\/wp-json\/wp\/v2\/posts\/6720","targetHints":{"allow":["GET"]}}],"collection":[{"href":"https:\/\/hostnetart.com.br\/baixada\/wp-json\/wp\/v2\/posts"}],"about":[{"href":"https:\/\/hostnetart.com.br\/baixada\/wp-json\/wp\/v2\/types\/post"}],"author":[{"embeddable":true,"href":"https:\/\/hostnetart.com.br\/baixada\/wp-json\/wp\/v2\/users\/2"}],"replies":[{"embeddable":true,"href":"https:\/\/hostnetart.com.br\/baixada\/wp-json\/wp\/v2\/comments?post=6720"}],"version-history":[{"count":0,"href":"https:\/\/hostnetart.com.br\/baixada\/wp-json\/wp\/v2\/posts\/6720\/revisions"}],"wp:featuredmedia":[{"embeddable":true,"href":"https:\/\/hostnetart.com.br\/baixada\/wp-json\/wp\/v2\/media\/6719"}],"wp:attachment":[{"href":"https:\/\/hostnetart.com.br\/baixada\/wp-json\/wp\/v2\/media?parent=6720"}],"wp:term":[{"taxonomy":"category","embeddable":true,"href":"https:\/\/hostnetart.com.br\/baixada\/wp-json\/wp\/v2\/categories?post=6720"},{"taxonomy":"post_tag","embeddable":true,"href":"https:\/\/hostnetart.com.br\/baixada\/wp-json\/wp\/v2\/tags?post=6720"}],"curies":[{"name":"wp","href":"https:\/\/api.w.org\/{rel}","templated":true}]}}