{"id":672,"date":"2015-02-24T17:37:00","date_gmt":"2015-02-24T20:37:00","guid":{"rendered":"https:\/\/hostnetart.com.br\/baixada\/pesquisa-aponta-66-mortes-em-assaltos-envolvendo-bancos-em-2014\/"},"modified":"2015-02-24T17:37:00","modified_gmt":"2015-02-24T20:37:00","slug":"pesquisa-aponta-66-mortes-em-assaltos-envolvendo-bancos-em-2014","status":"publish","type":"post","link":"https:\/\/hostnetart.com.br\/baixada\/pesquisa-aponta-66-mortes-em-assaltos-envolvendo-bancos-em-2014\/","title":{"rendered":"Pesquisa aponta 66 mortes em assaltos envolvendo bancos em 2014"},"content":{"rendered":"<p><span style=\"color: #464646;\">Pesquisa nacional aponta que 66 pessoas foram assassinadas em assaltos envolvendo bancos em 2014, uma m\u00e9dia de 5,5 v\u00edtimas fatais por m\u00eas, o que representa aumento de 1,5% em rela\u00e7\u00e3o a 2013, quando foram registradas 65 mortes. O levantamento foi realizado pela Confedera\u00e7\u00e3o Nacional dos Trabalhadores do Ramo Financeiro (Contraf-CUT) e Confedera\u00e7\u00e3o Nacional dos Vigilantes (CNTV), com base em not\u00edcias da imprensa e com apoio t\u00e9cnico do Dieese.<\/span><br style=\"color: #464646;\" \/><br style=\"color: #464646;\" \/><span style=\"color: #464646;\">O lan\u00e7amento da pesquisa ocorreu na tarde desta ter\u00e7a-feira (24), durante entrevista coletiva \u00e0 imprensa na sede da CNTV, em Bras\u00edlia, com a presen\u00e7a do presidente da CNTV, Jos\u00e9 Boaventura, do secret\u00e1rio de imprensa da Contraf-CUT e coordenador do Coletivo Nacional de Seguran\u00e7a Banc\u00e1ria, Ademir Wiederkehr, do diretor do Sindicato dos Banc\u00e1rios de Bras\u00edlia, Raimundo Dantas, e do presidente da Federa\u00e7\u00e3o dos Vigilantes do DF, RJ e GO, Mois\u00e9s Alves da Consola\u00e7\u00e3o, e da diretora do Sindicato dos Vigilantes do DF, Sebastiana Santana.<\/span><br style=\"color: #464646;\" \/><br style=\"color: #464646;\" \/><span style=\"color: #464646;\">&gt; Clique<\/span><a style=\"color: #969696;\" href=\"http:\/\/www.contrafcut.org.br\/download\/Arquivo\/15224153747.pdf\" target=\"_blank\" rel=\"noopener noreferrer\">\u00a0aqui<\/a><span style=\"color: #464646;\">\u00a0para ver os gr\u00e1ficos e tabelas da pesquisa.<\/span><br style=\"color: #464646;\" \/><br style=\"color: #464646;\" \/><span style=\"color: #464646;\">S\u00e3o Paulo (20), Rio de Janeiro (8), Goi\u00e1s (5), Minas Gerais (4), Paran\u00e1 (4) e Pernambuco (4) foram os estados com o maior n\u00famero de mortes.\u00a0<\/span><br style=\"color: #464646;\" \/><br style=\"color: #464646;\" \/><span style=\"color: #464646;\">As principais ocorr\u00eancias (48,5%) foram o crime de \u201csaidinha de banco\u201d, que provocou 32 mortes; o assalto a correspondentes banc\u00e1rios (24,2%), que matou 16 pessoas; o transporte de valores (13,6%, que vitimou 9 pessoas, e o assalto a ag\u00eancias (10,6%), que tirou a vida de 7 pessoas. Houve tamb\u00e9m 2 mortes em ataques a caixas eletr\u00f4nicos.<\/span><br style=\"color: #464646;\" \/><br style=\"color: #464646;\" \/><span style=\"color: #464646;\">Novamente, as principais v\u00edtimas (54,5%) foram os clientes (36), seguidas de vigilantes (10) e policiais (8). As demais mortes s\u00e3o de transeuntes, donos ou empregados de correspondentes banc\u00e1rios e v\u00edtimas de balas perdidas em tiroteios entre assaltantes de bancos e policiais.\u00a0<\/span><br style=\"color: #464646;\" \/><br style=\"color: #464646;\" \/><span style=\"color: #464646;\">A pesquisa tamb\u00e9m revela a faixa et\u00e1ria das v\u00edtimas, quase sempre identificada nas not\u00edcias da imprensa. As idades entre 31 a 40 anos e acima de 60 anos foram as mais visadas, com 14 mortes cada (21,2%), seguida pela idade de 41 a 50 anos, com 13 mortes (19,7%), e a idade at\u00e9 30 anos, com 9 mortes (13,6%).<\/span><br style=\"color: #464646;\" \/><br style=\"color: #464646;\" \/><span style=\"color: #464646;\">J\u00e1 o g\u00eanero das v\u00edtimas continua sendo liderado pelos homens (57), o que representa 86% dos casos. Tamb\u00e9m foram assassinadas 9 mulheres (14%).<\/span><br style=\"color: #464646;\" \/><br style=\"color: #464646;\" \/><b style=\"color: #464646;\">Falta de investimentos dos bancos e tentativa de transferir responsabilidades<\/b><br style=\"color: #464646;\" \/><br style=\"color: #464646;\" \/><span style=\"color: #464646;\">Para a Contraf-CUT e a CNTV, essas mortes comprovam outra vez a car\u00eancia de investimentos dos bancos para melhorar a seguran\u00e7a dos estabelecimentos e garantir um atendimento seguro para os clientes e a popula\u00e7\u00e3o.\u00a0<\/span><br style=\"color: #464646;\" \/><br style=\"color: #464646;\" \/><span style=\"color: #464646;\">Em vez de fazer a sua parte, os bancos vivem empurrando a responsabilidade pela seguran\u00e7a para os clientes e o Estado, apesar da atividade de risco que exercem e dos seus lucros abundantes.<\/span><br style=\"color: #464646;\" \/><br style=\"color: #464646;\" \/><span style=\"color: #464646;\">Segundo dados apurados pelo Dieese com base nos balan\u00e7os publicados, os cinco maiores bancos (Ita\u00fa, BB, Bradesco, Caixa e Santander) apresentaram lucros de R$ 60,3 bilh\u00f5es em 2014. J\u00e1 as despesas com seguran\u00e7a e vigil\u00e2ncia somaram R$ 3,7 bilh\u00f5es, o que representa m\u00e9dia de 6,1% em compara\u00e7\u00e3o com os lucros auferidos.\u00a0<\/span><br style=\"color: #464646;\" \/><br style=\"color: #464646;\" \/><span style=\"color: #464646;\">Como se n\u00e3o bastasse essa escassez de investimentos em seguran\u00e7a, os bancos vivem descumprindo a lei federal n\u00ba 7.102\/83, que tem mais de 30 anos e se encontra defasada diante do crescimento da viol\u00eancia e da criminalidade. No ano passado, a Pol\u00edcia Federal aplicou multas contra 21 bancos, no total de R$ 19 milh\u00f5es, durante as reuni\u00f5es da Comiss\u00e3o Consultiva para Assuntos de Seguran\u00e7a Privada (CCASP).<\/span><br style=\"color: #464646;\" \/><br style=\"color: #464646;\" \/><b style=\"color: #464646;\">Avalia\u00e7\u00e3o dos banc\u00e1rios e vigilantes<\/b><br style=\"color: #464646;\" \/><br style=\"color: #464646;\" \/><span style=\"color: #464646;\">\u201cSai ano, entra ano e pessoas s\u00e3o mortas em assaltos envolvendo bancos, mostrando o enorme descaso e a falta de investimentos na preven\u00e7\u00e3o de assaltos e sequestros e na prote\u00e7\u00e3o da vida de trabalhadores e clientes\u201d, afirma o presidente da Contraf-CUT, Carlos Cordeiro.\u00a0<\/span><br style=\"color: #464646;\" \/><br style=\"color: #464646;\" \/><span style=\"color: #464646;\">\u201cO pior \u00e9 que nenhuma for\u00e7a-tarefa \u00e9 adotada pelos bancos para acabar com essas trag\u00e9dias. Eles preferem gastar bilh\u00f5es de reais em marketing e meios eletr\u00f4nicos de pagamento a investir em equipamentos de preven\u00e7\u00e3o e outros procedimentos seguros\u201d, completa. \u201cOs bancos fazem a gest\u00e3o do lucro e por isso encaram a seguran\u00e7a como custo que pode ser reduzido para turbinar ainda mais os seus ganhos\u201d.<\/span><br style=\"color: #464646;\" \/><br style=\"color: #464646;\" \/><span style=\"color: #464646;\">\u201cEssas mortes tamb\u00e9m revelam a fragilidade da seguran\u00e7a p\u00fablica, pois faltam mais policiais e viaturas nas ruas e a\u00e7\u00f5es de intelig\u00eancia para combater a\u00e7\u00f5es criminosas\u201d, salienta Cordeiro.<\/span><br style=\"color: #464646;\" \/><br style=\"color: #464646;\" \/><span style=\"color: #464646;\">Para o presidente da CNTV, Jos\u00e9 Boaventura Santos, \u201ctodos esses assassinatos s\u00e3o muito preocupantes e refor\u00e7am a necessidade de atualizar a lei federal n\u00ba 7.102\/83\u2033.<\/span><br style=\"color: #464646;\" \/><br style=\"color: #464646;\" \/><span style=\"color: #464646;\">\u201cO projeto de estatuto de seguran\u00e7a privada, que est\u00e1 em constru\u00e7\u00e3o no Minist\u00e9rio da Justi\u00e7a, precisa ser retomado, buscando incluir equipamentos e medidas eficientes para proteger a vida das pessoas, eliminar riscos e oferecer seguran\u00e7a para trabalhadores e clientes\u201d, defende.<\/span><br style=\"color: #464646;\" \/><br style=\"color: #464646;\" \/><span style=\"color: #464646;\">\u201cAl\u00e9m das mortes, essa viol\u00eancia ainda deixa in\u00fameros feridos e traumatizados pelo Brasil afora, acabando com os sonhos e as esperan\u00e7as de muita gente\u201d, salienta Boaventura.<\/span><br style=\"color: #464646;\" \/><br style=\"color: #464646;\" \/><b style=\"color: #464646;\">Perigo da saidinha de banco<\/b><br style=\"color: #464646;\" \/><br style=\"color: #464646;\" \/><span style=\"color: #464646;\">A Contraf-CUT e a CNTV defendem a\u00e7\u00f5es preventivas para enfrentar a \u201csaidinha de banco\u201d, que \u00e9 o crime que mais est\u00e1 matando em assaltos envolvendo bancos. \u201cEsse crime come\u00e7a dentro dos bancos e, para combat\u00ea-lo, \u00e9 preciso evitar a a\u00e7\u00e3o de olheiros na hora do saque de clientes\u201d, explica Cordeiro. \u201cOs bancos n\u00e3o podem trat\u00e1-lo como problema de seguran\u00e7a p\u00fablica e fugir das suas responsabilidades\u201d.<\/span><br style=\"color: #464646;\" \/><br style=\"color: #464646;\" \/><span style=\"color: #464646;\">\u201cDefendemos a instala\u00e7\u00e3o de biombos entre a fila de espera e os caixas, e de divis\u00f3rias individualizadas entre os caixas, inclusive os eletr\u00f4nicos, visando garantir privacidade nos saques\u201d, ressalta o presidente da Contraf-CUT.\u00a0<\/span><br style=\"color: #464646;\" \/><br style=\"color: #464646;\" \/><span style=\"color: #464646;\">\u201cA instala\u00e7\u00e3o de biombos j\u00e1 virou lei em v\u00e1rios munic\u00edpios, como Jo\u00e3o Pessoa, Belo Horizonte, Recife, Curitiba, Fortaleza e Bel\u00e9m, entre outros, reduzindo drasticamente a saidinha de banco\u201d, aponta Boaventura.\u00a0<\/span><br style=\"color: #464646;\" \/><br style=\"color: #464646;\" \/><span style=\"color: #464646;\">\u201cO biombo foi uma das medidas testadas e aprovadas no projeto-piloto de seguran\u00e7a banc\u00e1ria, realizado em Recife, Olinda e Jaboat\u00e3o dos Guararapes. Essa medida precisa ser estendida para todo pa\u00eds, a fim de combater a saidinha de banco\u201d, prop\u00f5e Cordeiro.<\/span><br style=\"color: #464646;\" \/><br style=\"color: #464646;\" \/><span style=\"color: #464646;\">Outra medida defendida por banc\u00e1rios e vigilantes \u00e9 a isen\u00e7\u00e3o de tarifas de transfer\u00eancia de recursos (DOC, TED), como forma de reduzir a circula\u00e7\u00e3o de dinheiro na pra\u00e7a. \u201cMuitos clientes sacam valores elevados para n\u00e3o pagar as altas tarifas dos bancos e viram alvos de assaltantes ousados e armados\u201d, alerta o secret\u00e1rio de imprensa da Contraf-CUT e coordenador do Coletivo Nacional de Seguran\u00e7a Banc\u00e1ria, Ademir Wiederkehr.<\/span><br style=\"color: #464646;\" \/><br style=\"color: #464646;\" \/><span style=\"color: #464646;\">\u201cProibir o uso do celular nos bancos \u00e9 uma medida ing\u00eanua, ineficaz e in\u00f3cua, pois n\u00e3o impede a visualiza\u00e7\u00e3o dos saques\u201d, alerta. \u201c\u00c9 uma tentativa de responsabilizar o cliente pela falta de seguran\u00e7a no atendimento dos bancos\u201d, completa Ademir.<\/span><br style=\"color: #464646;\" \/><br style=\"color: #464646;\" \/><b style=\"color: #464646;\">Inseguran\u00e7a nos correspondentes banc\u00e1rios<\/b><br style=\"color: #464646;\" \/><br style=\"color: #464646;\" \/><span style=\"color: #464646;\">A disparada das mortes em assaltos a correspondentes banc\u00e1rios (lot\u00e9ricas, banco postal, lojas e outros estabelecimentos) n\u00e3o surpreende a Contraf-CUT e a CNTV. \u201cOs bancos est\u00e3o elitizando os servi\u00e7os e empurrando cada vez os clientes de baixa renda para esses estabelecimentos, onde a seguran\u00e7a \u00e9 m\u00ednima, quando existe, precarizando o atendimento, aumentando o risco e expondo perigosamente a vida das pessoas\u201d, ressalta Boaventura.<\/span><br style=\"color: #464646;\" \/><br style=\"color: #464646;\" \/><span style=\"color: #464646;\">\u201cQueremos igualdade de atendimento para toda a popula\u00e7\u00e3o, com ag\u00eancias e postos de servi\u00e7os, onde t\u00eam banc\u00e1rios e vigilantes, al\u00e9m de equipamentos de preven\u00e7\u00e3o, possibilitando um atendimento com qualidade e seguran\u00e7a para clientes e usu\u00e1rios, e protegendo o sigilo banc\u00e1rio e, acima de tudo, a vida das pessoas\u201d, enfatiza Cordeiro.<\/span><br style=\"color: #464646;\" \/><br style=\"color: #464646;\" \/><b style=\"color: #464646;\">Alto risco no transporte de valores<\/b><br style=\"color: #464646;\" \/><br style=\"color: #464646;\" \/><span style=\"color: #464646;\">A pesquisa revela tamb\u00e9m o aumento das mortes em opera\u00e7\u00f5es de dep\u00f3sitos e transporte de valores com ou sem carro-forte.\u00a0<\/span><br style=\"color: #464646;\" \/><br style=\"color: #464646;\" \/><span style=\"color: #464646;\">\u201cOs bancos t\u00eam que estabelecer procedimentos mais seguros para o transporte e o abastecimento de numer\u00e1rio das ag\u00eancias, postos e caixas eletr\u00f4nicos, bem como definir medidas eficazes para proteger os clientes que efetuam dep\u00f3sitos em dinheiro e sacam quantias maiores\u201d, ressalta Boaventura.<\/span><br style=\"color: #464646;\" \/><br style=\"color: #464646;\" \/><span style=\"color: #464646;\">A vida em primeiro lugar<\/span><br style=\"color: #464646;\" \/><br style=\"color: #464646;\" \/><span style=\"color: #464646;\">Vigilantes e banc\u00e1rios refor\u00e7am outras solu\u00e7\u00f5es de seguran\u00e7a que j\u00e1 salvaram muitas vidas em todo pa\u00eds. \u201c\u00c9 fundamental a coloca\u00e7\u00e3o de portas de seguran\u00e7a com detectores de metais antes do autoatendimento, c\u00e2meras internas e externas com boa resolu\u00e7\u00e3o de imagens e monitoramento em tempo real, escudos com assento para vigilantes e vidros blindados nas fachadas, dentre outras medidas\u201d, frisa Boaventura.<\/span><br style=\"color: #464646;\" \/><br style=\"color: #464646;\" \/><span style=\"color: #464646;\">\u201cOs bancos e as autoridades de seguran\u00e7a p\u00fablica t\u00eam que tomar provid\u00eancias para evitar novas trag\u00e9dias, que acabam com o futuro de in\u00fameras fam\u00edlias em todo pa\u00eds\u201d, alerta Cordeiro. \u201cO atendimento banc\u00e1rio \u00e9 atividade de risco. Os bancos t\u00eam que assumir a sua responsabilidade para proteger a vida das pessoas\u201d, salienta Cordeiro. \u201cA vida tem que ser colocada em primeiro lugar\u201d, conclui.<\/span><br style=\"color: #464646;\" \/><br style=\"color: #464646;\" \/><br style=\"color: #464646;\" \/><span style=\"color: #464646;\">Fonte: Contraf-CUT com CNTV e Dieese<\/span><\/p>\n","protected":false},"excerpt":{"rendered":"<p>Pesquisa nacional aponta que 66 pessoas foram assassinadas em assaltos envolvendo bancos em 2014, uma m\u00e9dia de 5,5 v\u00edtimas fatais por m\u00eas, o que representa aumento de 1,5% em rela\u00e7\u00e3o a 2013, quando foram registradas 65 mortes. O levantamento foi realizado pela Confedera\u00e7\u00e3o Nacional dos Trabalhadores do Ramo Financeiro (Contraf-CUT) e Confedera\u00e7\u00e3o Nacional dos Vigilantes [&hellip;]<\/p>\n","protected":false},"author":1,"featured_media":0,"comment_status":"","ping_status":"","sticky":false,"template":"","format":"standard","meta":{"footnotes":""},"categories":[3],"tags":[],"class_list":["post-672","post","type-post","status-publish","format-standard","hentry","category-noticias"],"_links":{"self":[{"href":"https:\/\/hostnetart.com.br\/baixada\/wp-json\/wp\/v2\/posts\/672","targetHints":{"allow":["GET"]}}],"collection":[{"href":"https:\/\/hostnetart.com.br\/baixada\/wp-json\/wp\/v2\/posts"}],"about":[{"href":"https:\/\/hostnetart.com.br\/baixada\/wp-json\/wp\/v2\/types\/post"}],"author":[{"embeddable":true,"href":"https:\/\/hostnetart.com.br\/baixada\/wp-json\/wp\/v2\/users\/1"}],"replies":[{"embeddable":true,"href":"https:\/\/hostnetart.com.br\/baixada\/wp-json\/wp\/v2\/comments?post=672"}],"version-history":[{"count":0,"href":"https:\/\/hostnetart.com.br\/baixada\/wp-json\/wp\/v2\/posts\/672\/revisions"}],"wp:attachment":[{"href":"https:\/\/hostnetart.com.br\/baixada\/wp-json\/wp\/v2\/media?parent=672"}],"wp:term":[{"taxonomy":"category","embeddable":true,"href":"https:\/\/hostnetart.com.br\/baixada\/wp-json\/wp\/v2\/categories?post=672"},{"taxonomy":"post_tag","embeddable":true,"href":"https:\/\/hostnetart.com.br\/baixada\/wp-json\/wp\/v2\/tags?post=672"}],"curies":[{"name":"wp","href":"https:\/\/api.w.org\/{rel}","templated":true}]}}