{"id":6716,"date":"2019-05-20T18:36:01","date_gmt":"2019-05-20T21:36:01","guid":{"rendered":"https:\/\/hostnetart.com.br\/baixada\/contraf-cut-luta-pela-defesa-do-fgts\/"},"modified":"2019-05-20T18:36:01","modified_gmt":"2019-05-20T21:36:01","slug":"contraf-cut-luta-pela-defesa-do-fgts","status":"publish","type":"post","link":"https:\/\/hostnetart.com.br\/baixada\/contraf-cut-luta-pela-defesa-do-fgts\/","title":{"rendered":"Contraf-CUT luta pela defesa do FGTS"},"content":{"rendered":"<div class=\"elementor-element elementor-element-194680ec elementor-widget elementor-widget-theme-post-content\" data-id=\"194680ec\" data-element_type=\"widget\" data-widget_type=\"theme-post-content.default\">\n<div class=\"elementor-widget-container\">\n<p>Os trabalhadores precisam defender o Fundo de Garantia do Tempo de Servi\u00e7o (FGTS), que vem sofrendo constantes ataques do governo federal. Depois de publicar decreto que retirou a Caixa Econ\u00f4mica Federal do Conselho Curador, agora o governo federal anunciou, na semana passada, que pretende mudar as regras de remunera\u00e7\u00e3o do FGTS. De acordo com reportagem do Jornal O Globo, o objetivo seria proteger os recursos dos trabalhadores contra a infla\u00e7\u00e3o. Mas, o governo ainda est\u00e1 avaliando como seria o c\u00e1lculo do novo rendimento.<\/p>\n<p>A cobi\u00e7a do setor privado sobre o Fundo de Garantia n\u00e3o \u00e9 nova, mas tem se intensificado nos \u00faltimos anos, o que \u00e9 f\u00e1cil de entender, j\u00e1 que ele \u00e9 uma das fontes mais importantes de financiamento para o investimento p\u00fablico.<\/p>\n<p>S\u00e9rgio Takemoto, secret\u00e1rio de Finan\u00e7as da Confedera\u00e7\u00e3o Nacional dos Trabalhadores do Ramo Financeiro (Contraf-CUT) e empregado da Caixa, lembra que o FGTS foi criado para que os trabalhadores, demitidos sem justa causa e ao se aposentar, tivessem acesso a uma poupan\u00e7a individual, no montante de um sal\u00e1rio por ano de trabalho. \u201cAl\u00e9m disso, o FGTS tem um papel social fundamental para o desenvolvimento do Brasil e do brasileiro. At\u00e9 que os recursos n\u00e3o sejam sacados pelos trabalhadores eles s\u00e3o utilizados para financiar pol\u00edticas de habita\u00e7\u00e3o, infraestrutura urbana e saneamento\u201d.<\/p>\n<p>Dados do \u00faltimo levantamento divulgado mostram que, entre 2012 e 2017, o crescimento do patrim\u00f4nio l\u00edquido foi de 88,55%. Enquanto isso, os fundos de investimento de bancos privados com caracter\u00edsticas semelhantes obtiveram, nos \u00faltimos 36 meses, uma rentabilidade acumulada inferior a 30%.<\/p>\n<p>Segundo o secret\u00e1rio de Fazenda do Minist\u00e9rio da Economia, Waldery Rodrigues J\u00fanior, h\u00e1 v\u00e1rias alternativas sendo avaliadas para reestruturar o Fundo, mas os estudos ainda est\u00e3o na fase inicial. Ele antecipou que ser\u00e3o realizadas reformata\u00e7\u00f5es, com mudan\u00e7as em sua governan\u00e7a, gest\u00e3o e rentabilidade. Takemoto explica ainda que a rentabilidade do FGTS \u00e9 estabelecida em lei, que define que as contas vinculadas s\u00e3o remuneradas, mensalmente, com base em uma taxa de juros de 3% ao ano acrescida da varia\u00e7\u00e3o da TR no per\u00edodo. \u201cA Lei 13.446\/2017 prev\u00ea, ainda, a distribui\u00e7\u00e3o aos cotistas de metade do lucro l\u00edquido do Fundo, proporcionalmente \u00e0s cotas, o que fez com que a rentabilidade das contas fosse, naquele ano, de 7,14%, pr\u00f3xima \u00e0 rentabilidade l\u00edquida que fundos de investimento de bancos privados lastreados em cr\u00e9dito privado alcan\u00e7aram no mesmo per\u00edodo.\u201d<\/p>\n<p><strong>Fonte: Contraf-CUT<\/strong><\/p>\n<\/div>\n<\/div>\n","protected":false},"excerpt":{"rendered":"<p>Os trabalhadores precisam defender o Fundo de Garantia do Tempo de Servi\u00e7o (FGTS), que vem sofrendo constantes ataques do governo federal. Depois de publicar decreto que retirou a Caixa Econ\u00f4mica Federal do Conselho Curador, agora o governo federal anunciou, na semana passada, que pretende mudar as regras de remunera\u00e7\u00e3o do FGTS. De acordo com reportagem [&hellip;]<\/p>\n","protected":false},"author":2,"featured_media":6715,"comment_status":"","ping_status":"","sticky":false,"template":"","format":"standard","meta":{"footnotes":""},"categories":[3],"tags":[],"class_list":["post-6716","post","type-post","status-publish","format-standard","has-post-thumbnail","hentry","category-noticias"],"_links":{"self":[{"href":"https:\/\/hostnetart.com.br\/baixada\/wp-json\/wp\/v2\/posts\/6716","targetHints":{"allow":["GET"]}}],"collection":[{"href":"https:\/\/hostnetart.com.br\/baixada\/wp-json\/wp\/v2\/posts"}],"about":[{"href":"https:\/\/hostnetart.com.br\/baixada\/wp-json\/wp\/v2\/types\/post"}],"author":[{"embeddable":true,"href":"https:\/\/hostnetart.com.br\/baixada\/wp-json\/wp\/v2\/users\/2"}],"replies":[{"embeddable":true,"href":"https:\/\/hostnetart.com.br\/baixada\/wp-json\/wp\/v2\/comments?post=6716"}],"version-history":[{"count":0,"href":"https:\/\/hostnetart.com.br\/baixada\/wp-json\/wp\/v2\/posts\/6716\/revisions"}],"wp:featuredmedia":[{"embeddable":true,"href":"https:\/\/hostnetart.com.br\/baixada\/wp-json\/wp\/v2\/media\/6715"}],"wp:attachment":[{"href":"https:\/\/hostnetart.com.br\/baixada\/wp-json\/wp\/v2\/media?parent=6716"}],"wp:term":[{"taxonomy":"category","embeddable":true,"href":"https:\/\/hostnetart.com.br\/baixada\/wp-json\/wp\/v2\/categories?post=6716"},{"taxonomy":"post_tag","embeddable":true,"href":"https:\/\/hostnetart.com.br\/baixada\/wp-json\/wp\/v2\/tags?post=6716"}],"curies":[{"name":"wp","href":"https:\/\/api.w.org\/{rel}","templated":true}]}}