{"id":6714,"date":"2019-05-20T18:33:16","date_gmt":"2019-05-20T21:33:16","guid":{"rendered":"https:\/\/hostnetart.com.br\/baixada\/mais-um-sabado-de-fracasso-do-santander\/"},"modified":"2019-05-20T18:33:16","modified_gmt":"2019-05-20T21:33:16","slug":"mais-um-sabado-de-fracasso-do-santander","status":"publish","type":"post","link":"https:\/\/hostnetart.com.br\/baixada\/mais-um-sabado-de-fracasso-do-santander\/","title":{"rendered":"Mais um s\u00e1bado de fracasso do Santander"},"content":{"rendered":"<div class=\"elementor-element elementor-element-194680ec elementor-widget elementor-widget-theme-post-content\" data-id=\"194680ec\" data-element_type=\"widget\" data-widget_type=\"theme-post-content.default\">\n<div class=\"elementor-widget-container\">\n<p>O s\u00e1bado (18) foi o terceiro seguido de protestos dos sindicatos dos banc\u00e1rios contra a tentativa do banco Santander de abrir algumas de suas ag\u00eancias no s\u00e1bado. <a href=\"https:\/\/contrafcut.com.br\/fotos\/mais-um-sabado-de-fracasso-do-santander\/\" target=\"_blank\" rel=\"noopener noreferrer\">Na frente das ag\u00eancias<\/a>, dirigentes esclareciam a popula\u00e7\u00e3o e os pr\u00f3prios funcion\u00e1rios sobre os riscos a que os banc\u00e1rios ficam expostos ao trabalhar \u201cvoluntariamente\u201d para seu pr\u00f3prio empregador aos s\u00e1bados.<\/p>\n<p>\u201cFoi mais um dia de fracasso do banco. Mais ag\u00eancias permaneceram fechadas devido \u00e0 falta de interessados em receber a \u2018orienta\u00e7\u00e3o financeira\u2019 e menos \u2018volunt\u00e1rios\u2019 foram solicitados a trabalhar no s\u00e1bado\u201d, avaliou o secret\u00e1rio de Assuntos Socioecon\u00f4micos da Confedera\u00e7\u00e3o Nacional dos Trabalhadores do Ramo Financeiro (Contraf-CUT), Mario Raia.<\/p>\n<p>\u201cN\u00e3o podemos permitir a abertura das ag\u00eancias do Santander aos s\u00e1bados, sob o pretexto de \u2018trabalho volunt\u00e1rio\u2019. Muitos trabalhadores t\u00eam denunciado ao sindicato a press\u00e3o que v\u00eam sofrendo para aderir a essa campanha\u201d, disse a presidenta Mundial da UNI Am\u00e9ricas Finan\u00e7as, Rita Berlofa, que \u00e9 funcion\u00e1ria do Santander.<\/p>\n<p>Al\u00e9m de for\u00e7ar seus funcion\u00e1rios a trabalharem \u201cvoluntariamente\u201d aos s\u00e1bados, o banco tamb\u00e9m usou mecanismos para impedir a a\u00e7\u00e3o dos sindicatos.<\/p>\n<p>\u201cAt\u00e9 o uso da for\u00e7a policial foi acionada pelo banco para esse fim. Mas, os sindicatos defendem e sempre defender\u00e3o os interesses dos trabalhadores\u201d, completou Rita.<\/p>\n<p>Al\u00e9m acionar a pol\u00edcia, o banco apelou para um mecanismo criado na \u00e9poca da Ditadura Militar: o interdito proibit\u00f3rio. A finalidade deste mecanismo era a de impedir a ocupa\u00e7\u00e3o de propriedades. A Justi\u00e7a n\u00e3o acatou o pedido do banco em muitas das cidades, mas concedeu liminares em outros casos.<\/p>\n<p>\u201cMesmo assim a tentativa de abertura aos s\u00e1bados fracassou. N\u00e3o houve presen\u00e7a de p\u00fablico interessado na tal \u2018orienta\u00e7\u00e3o\u2019 que o banco queria dar. Talvez as pessoas achem que o banco n\u00e3o tem credibilidade para dar tal orienta\u00e7\u00e3o financeira. \u00c9 um dos que cobra taxas e tarifas mais caras no pa\u00eds. Ali\u00e1s, cobra muito mais dos brasileiros do que de clientes da sede na Espanha e de outros pa\u00eds\u201d, observou o dirigente da Contraf-CUT, lembrando da <a href=\"https:\/\/www.conversaafiada.com.br\/economia\/jb-denuncia-a-agiotagem-legalizada\" target=\"_blank\" rel=\"noopener noreferrer\">reportagem publicada pelo Jornal do Brasil<\/a>, a qual mostra que o banco cobra at\u00e9 1.761% a mais dos brasileiros do que dos espanh\u00f3is pelos mesmos servi\u00e7os realizados. A reportagem mostra tamb\u00e9m que, em empr\u00e9stimos, o <a href=\"https:\/\/contrafcut.com.br\/noticias\/santander-explora-brasileiros-1e4b\/\" target=\"_blank\" rel=\"noopener noreferrer\">banco chega a cobrar at\u00e9 20 vezes mais dos brasileiros do que dos espanh\u00f3is<\/a>.<\/p>\n<h3><strong>Nas ruas e nas redes<\/strong><\/h3>\n<p>As a\u00e7\u00f5es dos sindicatos tamb\u00e9m ganharam as redes sociais. Utilizando a hashtag #SantanderS\u00e1badoN\u00e3o, banc\u00e1rios postaram fotos das atividades em frente \u00e0s ag\u00eancias do banco e explicaram o porqu\u00ea do banco n\u00e3o poder abrir aos s\u00e1bados. Houve tamb\u00e9m den\u00fancias de que o \u201cvoluntariado\u201d era for\u00e7ado e que existem segundas inten\u00e7\u00f5es na \u201corienta\u00e7\u00e3o\u201d que o banco quer dar.<\/p>\n<p><strong> Fonte: Contraf-CUT<\/strong><\/p>\n<\/div>\n<\/div>\n","protected":false},"excerpt":{"rendered":"<p>O s\u00e1bado (18) foi o terceiro seguido de protestos dos sindicatos dos banc\u00e1rios contra a tentativa do banco Santander de abrir algumas de suas ag\u00eancias no s\u00e1bado. Na frente das ag\u00eancias, dirigentes esclareciam a popula\u00e7\u00e3o e os pr\u00f3prios funcion\u00e1rios sobre os riscos a que os banc\u00e1rios ficam expostos ao trabalhar \u201cvoluntariamente\u201d para seu pr\u00f3prio empregador [&hellip;]<\/p>\n","protected":false},"author":2,"featured_media":6713,"comment_status":"","ping_status":"","sticky":false,"template":"","format":"standard","meta":{"footnotes":""},"categories":[3],"tags":[],"class_list":["post-6714","post","type-post","status-publish","format-standard","has-post-thumbnail","hentry","category-noticias"],"_links":{"self":[{"href":"https:\/\/hostnetart.com.br\/baixada\/wp-json\/wp\/v2\/posts\/6714","targetHints":{"allow":["GET"]}}],"collection":[{"href":"https:\/\/hostnetart.com.br\/baixada\/wp-json\/wp\/v2\/posts"}],"about":[{"href":"https:\/\/hostnetart.com.br\/baixada\/wp-json\/wp\/v2\/types\/post"}],"author":[{"embeddable":true,"href":"https:\/\/hostnetart.com.br\/baixada\/wp-json\/wp\/v2\/users\/2"}],"replies":[{"embeddable":true,"href":"https:\/\/hostnetart.com.br\/baixada\/wp-json\/wp\/v2\/comments?post=6714"}],"version-history":[{"count":0,"href":"https:\/\/hostnetart.com.br\/baixada\/wp-json\/wp\/v2\/posts\/6714\/revisions"}],"wp:featuredmedia":[{"embeddable":true,"href":"https:\/\/hostnetart.com.br\/baixada\/wp-json\/wp\/v2\/media\/6713"}],"wp:attachment":[{"href":"https:\/\/hostnetart.com.br\/baixada\/wp-json\/wp\/v2\/media?parent=6714"}],"wp:term":[{"taxonomy":"category","embeddable":true,"href":"https:\/\/hostnetart.com.br\/baixada\/wp-json\/wp\/v2\/categories?post=6714"},{"taxonomy":"post_tag","embeddable":true,"href":"https:\/\/hostnetart.com.br\/baixada\/wp-json\/wp\/v2\/tags?post=6714"}],"curies":[{"name":"wp","href":"https:\/\/api.w.org\/{rel}","templated":true}]}}