{"id":6710,"date":"2019-05-17T19:02:26","date_gmt":"2019-05-17T22:02:26","guid":{"rendered":"https:\/\/hostnetart.com.br\/baixada\/dia-internacional-de-luta-contra-a-lgbtfobia-e-comemorado-nesta-sexta-17\/"},"modified":"2019-05-17T19:02:26","modified_gmt":"2019-05-17T22:02:26","slug":"dia-internacional-de-luta-contra-a-lgbtfobia-e-comemorado-nesta-sexta-17","status":"publish","type":"post","link":"https:\/\/hostnetart.com.br\/baixada\/dia-internacional-de-luta-contra-a-lgbtfobia-e-comemorado-nesta-sexta-17\/","title":{"rendered":"Dia Internacional de Luta contra a LGBTfobia \u00e9 comemorado nesta sexta (17)"},"content":{"rendered":"<div class=\"elementor-element elementor-element-194680ec elementor-widget elementor-widget-theme-post-content\" data-id=\"194680ec\" data-element_type=\"widget\" data-widget_type=\"theme-post-content.default\">\n<div class=\"elementor-widget-container\">\n<p>Nesta sexta-feira (17), \u00e9 comemorado o Dia Internacional de Luta contra a LGBTfobia. H\u00e1 29 anos, ap\u00f3s muita luta pelos direitos LGBT+, a Organiza\u00e7\u00e3o Mundial da Sa\u00fade (OMS) deixou de considerar a homossexualidade como doen\u00e7a. A data, al\u00e9m de celebrar a diversidade, exalta a import\u00e2ncia do enfrentamento \u00e0 homofobia e todos os tipos de discrimina\u00e7\u00e3o.<\/p>\n<p>Os dados de viol\u00eancia contra a comunidade LGBT+ s\u00e3o cada vez mais assustadores. <a href=\"https:\/\/homofobiamata.files.wordpress.com\/2019\/01\/relatorio-2018-1.pdf\">O relat\u00f3rio de 2018, divulgado pelo Grupo Gay da Bahia (GGB)<\/a> com informa\u00e7\u00f5es de ONGs e Redes Sociais, aponta o Brasil como recordista no ranking de pa\u00edses que mais mata LGBT+ no mundo. \u00a0De acordo com a pesquisa, a cada 20 horas um LGBT+ \u00e9 morto ou comete suic\u00eddio no Brasil.<\/p>\n<p>No ano passado, foram registradas 420 mortes por LGBTfobia, sendo que 100 delas foram caracterizadas como suic\u00eddio. Do total de mortes, 45,5% s\u00e3o gays, 39% trans, 12,5% l\u00e9sbicas, 1,9% bissexuais e 1,2%, que s\u00e3o heterossexuais e foram confundidos ou sa\u00edram em defesa contra o crime.<\/p>\n<p>Os dados mostram que o n\u00famero de mortes vem evoluindo com o passar dos anos. Em 2000, foram registradas 130 mortes. J\u00e1 em 2010, passou para 260. Em 2017, 445. At\u00e9 chegar aos 420 de 2018. \u00a0<\/p>\n<p>De acordo com a secret\u00e1ria de Pol\u00edticas Sociais, Rosalina Amorim, o cen\u00e1rio s\u00f3 tende a piorar. \u201cO discurso de \u00f3dio contra as minorias e o posicionamento homof\u00f3bico do presidente, Jair Bolsonaro, s\u00f3 reitera a necessidade de luta contra a discrimina\u00e7\u00e3o e em defesa dos direitos da comunidade LGBT+\u201d, afirmou. <\/p>\n<p>Para Rosalina Amorim, \u00e9 preciso educar a popula\u00e7\u00e3o contra a LGBTfobia. \u201cPrecisamos lutar por uma educa\u00e7\u00e3o inclusiva, que valorize a diversidade. Por mais respeito dentro dos espa\u00e7os sociais e menos viol\u00eancia\u201d, disse.<\/p>\n<h3><strong>Criminaliza\u00e7\u00e3o da homofobia e da transfobia<\/strong><\/h3>\n<p>O Supremo Tribunal Federal (STF) ir\u00e1 julgar no dia 23 de maio a proposta que enquadra a <a href=\"https:\/\/contrafcut.com.br\/noticias\/ainda-sem-votos-stf-suspende-sessao-sobre-criminalizacao-da-homofobia-fbe5\/\">criminaliza\u00e7\u00e3o da homofobia e da transfobia<\/a> na Lei dos Crimes de Preconceito e Discrimina\u00e7\u00e3o Racial (Lei 7.716 de 1989). <\/p>\n<p>O dirigente da Contraf-CUT, Adilson Barros, afirmou a import\u00e2ncia da criminaliza\u00e7\u00e3o de crimes motivados por LGBTfobia. \u201cMesmo com este retrocesso, \u00e9 preciso afirmar os avan\u00e7os ocorridos durante o governo democr\u00e1tico e popular. Para barrar de vez os ataques e tamanha viol\u00eancia contra a comunidade LGBT+ \u00e9 necess\u00e1rio e urgente criminalizar a homofobia\u201d, afirmou.<\/p>\n<p><strong>Fonte: Contraf-CUT<\/strong><\/p>\n<\/div>\n<\/div>\n","protected":false},"excerpt":{"rendered":"<p>Nesta sexta-feira (17), \u00e9 comemorado o Dia Internacional de Luta contra a LGBTfobia. H\u00e1 29 anos, ap\u00f3s muita luta pelos direitos LGBT+, a Organiza\u00e7\u00e3o Mundial da Sa\u00fade (OMS) deixou de considerar a homossexualidade como doen\u00e7a. A data, al\u00e9m de celebrar a diversidade, exalta a import\u00e2ncia do enfrentamento \u00e0 homofobia e todos os tipos de discrimina\u00e7\u00e3o. [&hellip;]<\/p>\n","protected":false},"author":2,"featured_media":6709,"comment_status":"","ping_status":"","sticky":false,"template":"","format":"standard","meta":{"footnotes":""},"categories":[3],"tags":[],"class_list":["post-6710","post","type-post","status-publish","format-standard","has-post-thumbnail","hentry","category-noticias"],"_links":{"self":[{"href":"https:\/\/hostnetart.com.br\/baixada\/wp-json\/wp\/v2\/posts\/6710","targetHints":{"allow":["GET"]}}],"collection":[{"href":"https:\/\/hostnetart.com.br\/baixada\/wp-json\/wp\/v2\/posts"}],"about":[{"href":"https:\/\/hostnetart.com.br\/baixada\/wp-json\/wp\/v2\/types\/post"}],"author":[{"embeddable":true,"href":"https:\/\/hostnetart.com.br\/baixada\/wp-json\/wp\/v2\/users\/2"}],"replies":[{"embeddable":true,"href":"https:\/\/hostnetart.com.br\/baixada\/wp-json\/wp\/v2\/comments?post=6710"}],"version-history":[{"count":0,"href":"https:\/\/hostnetart.com.br\/baixada\/wp-json\/wp\/v2\/posts\/6710\/revisions"}],"wp:featuredmedia":[{"embeddable":true,"href":"https:\/\/hostnetart.com.br\/baixada\/wp-json\/wp\/v2\/media\/6709"}],"wp:attachment":[{"href":"https:\/\/hostnetart.com.br\/baixada\/wp-json\/wp\/v2\/media?parent=6710"}],"wp:term":[{"taxonomy":"category","embeddable":true,"href":"https:\/\/hostnetart.com.br\/baixada\/wp-json\/wp\/v2\/categories?post=6710"},{"taxonomy":"post_tag","embeddable":true,"href":"https:\/\/hostnetart.com.br\/baixada\/wp-json\/wp\/v2\/tags?post=6710"}],"curies":[{"name":"wp","href":"https:\/\/api.w.org\/{rel}","templated":true}]}}