{"id":6708,"date":"2019-05-17T19:01:14","date_gmt":"2019-05-17T22:01:14","guid":{"rendered":"https:\/\/hostnetart.com.br\/baixada\/um-em-cada-quatro-desempregados-esta-ha-dois-anos-procurando-trabalho\/"},"modified":"2019-05-17T19:01:14","modified_gmt":"2019-05-17T22:01:14","slug":"um-em-cada-quatro-desempregados-esta-ha-dois-anos-procurando-trabalho","status":"publish","type":"post","link":"https:\/\/hostnetart.com.br\/baixada\/um-em-cada-quatro-desempregados-esta-ha-dois-anos-procurando-trabalho\/","title":{"rendered":"Um em cada quatro desempregados est\u00e1 h\u00e1 dois anos procurando trabalho"},"content":{"rendered":"<p>Praticamente um quarto dos desempregados brasileiros (24,8%) est\u00e1 h\u00e1 pelo menos dois anos procurando trabalho, segundo o IBGE. Perto da metade, 45,4%, est\u00e3o \u00e0 procura de um m\u00eas a at\u00e9 um ano.<\/p>\n<p>Os dados s\u00e3o da Pesquisa Nacional por Amostra de Domic\u00edlios (Pnad) Cont\u00ednua, divulgada nesta quinta-feira (16). O instituto mostra ainda que 14,1% procuram trabalho de um ano a at\u00e9 dois anos, enquanto 15,7% est\u00e3o fora do mercado h\u00e1 menos de um m\u00eas.<\/p>\n<p>O IBGE divulgou hoje informa\u00e7\u00f5es detalhadas sobre a pesquisa, <a class=\"internal-link\" title=\"\" href=\"https:\/\/www.redebrasilatual.com.br\/economia\/2019\/04\/no-primeiro-trimestre-do-ano-novo-1-2-milhao-de-desempregados-a-mais\" target=\"_blank\" rel=\"noopener noreferrer\">que em 30 de abril mostrou crescimento do desemprego no primeiro trimestre.<\/a> S\u00e3o aproximadamente 13,4 milh\u00f5es de pessoas desempregadas.<\/p>\n<p>As mulheres eram maioria (52,4%) na popula\u00e7\u00e3o em idade de trabalhar. Mas, entre os efetivamente ocupados, os homens representam 56,3%. No desemprego, as mulheres tamb\u00e9m s\u00e3o maioria: 52,6%. Isso acontece em todas as regi\u00f5es, chegando a 56,2% no Sul.<\/p>\n<p>Segundo a pesquisa, a taxa m\u00e9dia de desocupa\u00e7\u00e3o \u00e9 de 12,7%. Mas cai para 10,9% entre os homens e sobe para 14,9% no caso das mulheres.<\/p>\n<p>O desemprego \u00e9 maior tamb\u00e9m entre os negros. De acordo com o instituto, dos 13,4 milh\u00f5es de desempregados no primeiro trimestre, os pardos (classifica\u00e7\u00e3o usada pelo IBGE) representavam mais da metade: 51,2%. Os brancos eram 35,2% do total e os pretos, 12,7%. Somando-se pardos e pretos, s\u00e3o quase dois ter\u00e7os dos desempregados.<\/p>\n<p>Em 2012, quando havia 7,6 milh\u00f5es de desempregados, os pardos eram 48,9% do total e os brancos, 40,2%. Os pretos somavam 10,2%.<\/p>\n<p>Entre os que se declararam brancos, a taxa de desemprego foi de 10,2%, abaixo da m\u00e9dia nacional. A de pretos e pardos ficou acima, com 16% e 14,5%, respectivamente. Os pardos eram 47,9% da popula\u00e7\u00e3o fora da for\u00e7a de trabalho, os brancos eram 42,2% e os pretos, 8,9%.<\/p>\n<p>A pesquisa mostra ainda estabilidade no rendimento m\u00e9dio dos ocupados, estimado em R$ 2.291.\u00a0<\/p>\n<p><strong>Fonte: Rede Brasil Atual<\/strong><\/p>\n","protected":false},"excerpt":{"rendered":"<p>Praticamente um quarto dos desempregados brasileiros (24,8%) est\u00e1 h\u00e1 pelo menos dois anos procurando trabalho, segundo o IBGE. Perto da metade, 45,4%, est\u00e3o \u00e0 procura de um m\u00eas a at\u00e9 um ano. Os dados s\u00e3o da Pesquisa Nacional por Amostra de Domic\u00edlios (Pnad) Cont\u00ednua, divulgada nesta quinta-feira (16). O instituto mostra ainda que 14,1% procuram [&hellip;]<\/p>\n","protected":false},"author":2,"featured_media":6707,"comment_status":"","ping_status":"","sticky":false,"template":"","format":"standard","meta":{"footnotes":""},"categories":[3],"tags":[],"class_list":["post-6708","post","type-post","status-publish","format-standard","has-post-thumbnail","hentry","category-noticias"],"_links":{"self":[{"href":"https:\/\/hostnetart.com.br\/baixada\/wp-json\/wp\/v2\/posts\/6708","targetHints":{"allow":["GET"]}}],"collection":[{"href":"https:\/\/hostnetart.com.br\/baixada\/wp-json\/wp\/v2\/posts"}],"about":[{"href":"https:\/\/hostnetart.com.br\/baixada\/wp-json\/wp\/v2\/types\/post"}],"author":[{"embeddable":true,"href":"https:\/\/hostnetart.com.br\/baixada\/wp-json\/wp\/v2\/users\/2"}],"replies":[{"embeddable":true,"href":"https:\/\/hostnetart.com.br\/baixada\/wp-json\/wp\/v2\/comments?post=6708"}],"version-history":[{"count":0,"href":"https:\/\/hostnetart.com.br\/baixada\/wp-json\/wp\/v2\/posts\/6708\/revisions"}],"wp:featuredmedia":[{"embeddable":true,"href":"https:\/\/hostnetart.com.br\/baixada\/wp-json\/wp\/v2\/media\/6707"}],"wp:attachment":[{"href":"https:\/\/hostnetart.com.br\/baixada\/wp-json\/wp\/v2\/media?parent=6708"}],"wp:term":[{"taxonomy":"category","embeddable":true,"href":"https:\/\/hostnetart.com.br\/baixada\/wp-json\/wp\/v2\/categories?post=6708"},{"taxonomy":"post_tag","embeddable":true,"href":"https:\/\/hostnetart.com.br\/baixada\/wp-json\/wp\/v2\/tags?post=6708"}],"curies":[{"name":"wp","href":"https:\/\/api.w.org\/{rel}","templated":true}]}}