{"id":6704,"date":"2019-05-17T18:57:09","date_gmt":"2019-05-17T21:57:09","guid":{"rendered":"https:\/\/hostnetart.com.br\/baixada\/prazo-para-inscricao-no-enem-2019-se-encerra-nesta-sexta-feira\/"},"modified":"2019-05-17T18:57:09","modified_gmt":"2019-05-17T21:57:09","slug":"prazo-para-inscricao-no-enem-2019-se-encerra-nesta-sexta-feira","status":"publish","type":"post","link":"https:\/\/hostnetart.com.br\/baixada\/prazo-para-inscricao-no-enem-2019-se-encerra-nesta-sexta-feira\/","title":{"rendered":"Prazo para inscri\u00e7\u00e3o no Enem 2019 se encerra nesta sexta-feira"},"content":{"rendered":"<p>Os estudantes t\u00eam at\u00e9 esta sexta-feira (17) para se inscreverem no Exame Nacional do Ensino M\u00e9dio (<strong>Enem<\/strong>) deste ano. As <strong>inscri\u00e7\u00f5es<\/strong> s\u00e3o feitas pela internet,\u00a0na\u00a0<a href=\"https:\/\/enem.inep.gov.br\/participante\/#!\/\" target=\"_blank\" rel=\"noopener noreferrer\">P\u00e1gina do Participante<\/a>, at\u00e9 as 23h59.<\/p>\n<p>Hoje tamb\u00e9m \u00e9 o \u00faltimo dia para solicitar atendimento especializado e espec\u00edfico e para alterar dados cadastrais, munic\u00edpio de provas e op\u00e7\u00e3o de l\u00edngua estrangeira. Na pr\u00f3xima quarta-feira (22) ser\u00e1 divulgado o resultado do pedido de atendimento especializado e espec\u00edfico.<\/p>\n<p>A taxa de inscri\u00e7\u00e3o para o exame \u00e9 de R$ 85. O pagamento para quem n\u00e3o tem isen\u00e7\u00e3o deve ser feito at\u00e9 a quinta-feira (23).<\/p>\n<p>O Enem ser\u00e1 aplicado em dois domingos: 3 e 10 de novembro. O primeiro dia ser\u00e1 voltado para quest\u00f5es de linguagens e ci\u00eancias humanas, al\u00e9m da prova de reda\u00e7\u00e3o. J\u00e1 no segundo domingo os estudantes ter\u00e3o resolver\u00e3o quest\u00f5es de ci\u00eancias da natureza e matem\u00e1tica.<\/p>\n<h3>Inep<\/h3>\n<p>Com 17 dias no cargo, o presidente do Instituto Nacional de Estudos e Pesquisas Educacionais An\u00edsio Teixeira (Inep), <a class=\"internal-link\" title=\"\" href=\"https:\/\/www.redebrasilatual.com.br\/educacao\/2019\/01\/apos-recuo-em-primeira-indicacao-bolsonaro-nomeia-novo-presidente-do-inep\" target=\"_blank\" rel=\"noopener noreferrer\">Elmer Vicenzi<\/a>, foi demitido nessa quinta-feira (16). O \u00f3rg\u00e3o \u00e9 respons\u00e1vel pelo Enem.<\/p>\n<p>O diretor legislativo na Secretaria Executiva da Casa Civil,\u00a0Alexandre Ribeiro Pereira Lopes, deve assumir o Inep. Ele ser\u00e1 o terceiro a ocupar o cargo no governo de Jair Bolsonaro (PSL).<\/p>\n<p>Segundo o jornal <i><a class=\"external-link\" title=\"\" href=\"https:\/\/oglobo.globo.com\/sociedade\/mec-quer-acessar-dados-sigilosos-de-alunos-para-emitir-nova-carteirinha-estudantil-23672335\" target=\"_blank\" rel=\"noopener noreferrer\">O Globo<\/a><\/i>,\u00a0Vicenzi foi demitido ap\u00f3s contrariar o pedido do Minist\u00e9rio da Educa\u00e7\u00e3o (MEC) para usar dados sigilosos de alunos na emiss\u00e3o de uma nova carteira estudantil, que seria digital. A\u00a0inten\u00e7\u00e3o do ministro <a class=\"internal-link\" title=\"\" href=\"https:\/\/www.redebrasilatual.com.br\/educacao\/2019\/05\/ministro-da-educacao-e-convocado-a-explicar-cortes-nas-universidades\" target=\"_blank\" rel=\"noopener noreferrer\">Abraham Weintraub<\/a> era\u00a0esvaziar o poder de entidades como a Uni\u00e3o Nacional dos Estudantes (UNE), que t\u00eam na emiss\u00e3o de carteirinhas sua principal fonte de receita.<\/p>\n<p><strong>Fonte: Rede Brasil Atual<\/strong><\/p>\n","protected":false},"excerpt":{"rendered":"<p>Os estudantes t\u00eam at\u00e9 esta sexta-feira (17) para se inscreverem no Exame Nacional do Ensino M\u00e9dio (Enem) deste ano. As inscri\u00e7\u00f5es s\u00e3o feitas pela internet,\u00a0na\u00a0P\u00e1gina do Participante, at\u00e9 as 23h59. Hoje tamb\u00e9m \u00e9 o \u00faltimo dia para solicitar atendimento especializado e espec\u00edfico e para alterar dados cadastrais, munic\u00edpio de provas e op\u00e7\u00e3o de l\u00edngua estrangeira. [&hellip;]<\/p>\n","protected":false},"author":2,"featured_media":6703,"comment_status":"","ping_status":"","sticky":false,"template":"","format":"standard","meta":{"footnotes":""},"categories":[3],"tags":[],"class_list":["post-6704","post","type-post","status-publish","format-standard","has-post-thumbnail","hentry","category-noticias"],"_links":{"self":[{"href":"https:\/\/hostnetart.com.br\/baixada\/wp-json\/wp\/v2\/posts\/6704","targetHints":{"allow":["GET"]}}],"collection":[{"href":"https:\/\/hostnetart.com.br\/baixada\/wp-json\/wp\/v2\/posts"}],"about":[{"href":"https:\/\/hostnetart.com.br\/baixada\/wp-json\/wp\/v2\/types\/post"}],"author":[{"embeddable":true,"href":"https:\/\/hostnetart.com.br\/baixada\/wp-json\/wp\/v2\/users\/2"}],"replies":[{"embeddable":true,"href":"https:\/\/hostnetart.com.br\/baixada\/wp-json\/wp\/v2\/comments?post=6704"}],"version-history":[{"count":0,"href":"https:\/\/hostnetart.com.br\/baixada\/wp-json\/wp\/v2\/posts\/6704\/revisions"}],"wp:featuredmedia":[{"embeddable":true,"href":"https:\/\/hostnetart.com.br\/baixada\/wp-json\/wp\/v2\/media\/6703"}],"wp:attachment":[{"href":"https:\/\/hostnetart.com.br\/baixada\/wp-json\/wp\/v2\/media?parent=6704"}],"wp:term":[{"taxonomy":"category","embeddable":true,"href":"https:\/\/hostnetart.com.br\/baixada\/wp-json\/wp\/v2\/categories?post=6704"},{"taxonomy":"post_tag","embeddable":true,"href":"https:\/\/hostnetart.com.br\/baixada\/wp-json\/wp\/v2\/tags?post=6704"}],"curies":[{"name":"wp","href":"https:\/\/api.w.org\/{rel}","templated":true}]}}