{"id":6702,"date":"2019-05-16T14:32:28","date_gmt":"2019-05-16T17:32:28","guid":{"rendered":"https:\/\/hostnetart.com.br\/baixada\/avanco-tecnologico-no-sistema-produtivo-causara-cada-vez-mais-desemprego\/"},"modified":"2019-05-16T14:32:28","modified_gmt":"2019-05-16T17:32:28","slug":"avanco-tecnologico-no-sistema-produtivo-causara-cada-vez-mais-desemprego","status":"publish","type":"post","link":"https:\/\/hostnetart.com.br\/baixada\/avanco-tecnologico-no-sistema-produtivo-causara-cada-vez-mais-desemprego\/","title":{"rendered":"Avan\u00e7o tecnol\u00f3gico no sistema produtivo causar\u00e1 cada vez mais desemprego"},"content":{"rendered":"<p>As transforma\u00e7\u00f5es no mundo do trabalho, o surgimento de outro modelo de <strong>capitalismo<\/strong>, o avan\u00e7o da tecnologia que elimina empregos do ser humano, e a situa\u00e7\u00e3o do Brasil com suas \u201creformas&#8221; trabalhista e da Previd\u00eancia no contexto global, s\u00e3o alguns dos temas abordados por Clemente Ganz L\u00facio, diretor-t\u00e9cnico do Dieese, no programa <strong><em>Entre Vistas<\/em><\/strong>, apresentado pelo jornalista <strong>Juca Kfouri<\/strong>, e que vai ao ar nesta quinta-feira (16), a partir das 22h, na <strong>TVT<\/strong>.\u00a0<\/p>\n<p>Quase dois depois da aprova\u00e7\u00e3o da \u201creforma&#8221; trabalhista feita pelo governo do ex-presidente Michel Temer, a situa\u00e7\u00e3o do emprego no Brasil n\u00e3o melhorou, pelo contr\u00e1rio, o n\u00famero de desempregados aumentou, alcan\u00e7ado mais de 13 milh\u00f5es de pessoas. Clemente Ganz L\u00facio pondera que, entre 2008 e 2014, nada menos que 110 pa\u00edses fizeram algum tipo de reforma trabalhista, e todas com o mesmo objetivo: flexibilizar contratos e jornadas de trabalho, flexibilizar sal\u00e1rios e direitos e limitar o papel dos sindicatos e da Justi\u00e7a do Trabalho. E o Brasil foi inserido neste contexto. O motivo? Dar seguran\u00e7a \u00e0s empresas para reestruturarem seus sistemas produtivos.\u00a0<\/p>\n<p>\u201cH\u00e1 uma reformula\u00e7\u00e3o subterr\u00e2nea. O capitalismo est\u00e1 se reorganizando, do ponto de vista produtivo, para uma coisa que n\u00f3s desconhecemos. A base industrial que estruturou nossa sociedade urbana est\u00e1 em transforma\u00e7\u00e3o. Eles precisam de uma grande flexibilidade para fazer um ajuste no mundo do trabalho, que eles n\u00e3o t\u00eam ideia de qual vai ser. O que n\u00f3s vemos \u00e9 que a m\u00e1quina vai ocupar cada vez mais espa\u00e7o\u201d, analisa o diretor-t\u00e9cnico do Dieese.\u00a0<\/p>\n<p>Para ele, toda essa transforma\u00e7\u00e3o no sistema produtivo ter\u00e1 como consequ\u00eancia uma \u201ctrag\u00e9dia economia e social\u201d. \u201cA soma de m\u00e1quinas pode dar, do ponto de vista econ\u00f4mico e social, no alijamento de grande parcela da sociedade.\u201d Clemente pondera que o empres\u00e1rio brasileiro quer reorganizar o sistema produtivo, ao mesmo tempo em que esse sistema est\u00e1 sendo desmontado pela crise econ\u00f4mica e as decis\u00f5es tomadas para enfrent\u00e1-la. \u201cEnquanto outras economias no sistema produtivo industrial se organizam para capitanear processos de ocupa\u00e7\u00e3o no mundo, as nossas empresas est\u00e3o sendo destru\u00eddas.\u201d\u00a0<\/p>\n<p>A mudan\u00e7a no sistema produtivo, ele explica, passa tamb\u00e9m pelas transforma\u00e7\u00f5es do pr\u00f3prio sistema capitalista, no qual o \u201ccapitalista tradicional\u201d est\u00e1 sumindo e dando lugar a um outro tipo de capitalista, com predom\u00ednio dos fundos de investimentos e fundos de pens\u00e3o, cujos donos s\u00e3o milhares de pessoas espalhadas pelo mundo. \u201cO capitalista tradicional reinvestia tr\u00eas quartos na empresa, para ela crescer, e retirava um quatro como sua parte. Os fundos tiram tr\u00eas quartos e entregam para os acionistas, e reinvestem um quarto. O mundo n\u00e3o cresce, a economia n\u00e3o cresce, porque as empresas est\u00e3o investindo menos\u201d, afirma.\u00a0<\/p>\n<p>O diretor-t\u00e9cnico cita progn\u00f3sticos que apontam para, nos pr\u00f3ximos 10 anos, todo trabalhador ter a assist\u00eancia de alguma m\u00e1quina; e nos pr\u00f3ximos 30 anos, toda m\u00e1quina ter a assist\u00eancia de algum ser humano. \u201cEssa \u00e9 a radicalidade da mudan\u00e7a que est\u00e1 em curso. E para fazer essa mudan\u00e7a, eles querem a m\u00e1xima flexibilidade. A reforma trabalhista \u00e9 para fazer essa flexibilidade\u201d, explica.\u00a0\u00a0<\/p>\n<p>Enquanto antes a m\u00e1quina era utilizada para incrementar a produtividade industrial, na chamada Revolu\u00e7\u00e3o 4.0, a tecnologia passa a tomar conta, inclusive, do setor de servi\u00e7os e no setor p\u00fablico. \u201cO setor p\u00fablico e de servi\u00e7os s\u00e3o respons\u00e1veis por mais de dois ter\u00e7os dos empregos. Ent\u00e3o estamos falando de uma tecnologia que vai desempregar trabalhadores do setor p\u00fablico e do setor de servi\u00e7os, e reocup\u00e1-los em fun\u00e7\u00f5es flex\u00edveis.\u201d\u00a0<\/p>\n<h3>O Brasil no contexto global\u00a0<\/h3>\n<p>Na avalia\u00e7\u00e3o de Clemente, o desemprego no Brasil \u00e9 consequ\u00eancia de uma economia que &#8220;anda de lado\u201d, sem vitalidade. Seu diagn\u00f3stico \u00e9 duro: \u201cJogou-se a economia para uma recess\u00e3o absurda, levamos o pa\u00eds a um processe de desinvestimento, perdemos capacidade no setor produtivo, estamos desnacionalizando nossa base produtiva, as empresas est\u00e3o sendo vendidas, o patrim\u00f4nio p\u00fablico produtivo est\u00e1 sendo transferido para a iniciativa privada, o investimento em queda, queda nos sal\u00e1rios, queda no emprego, a economia n\u00e3o tem tra\u00e7\u00e3o e n\u00e3o tem emprego sendo gerado\u201d.\u00a0<\/p>\n<p>\u00c9 nesse contexto que o soci\u00f3logo analisa o surgimento de \u201cfadas&#8221; que prometem resolver o problema: primeiro a \u201creforma\u201d trabalhista, agora a da Previd\u00eancia, e a venda de estatais. \u201cEstamos abrindo m\u00e3o dos instrumentos e das institui\u00e7\u00f5es que promovem o desenvolvimento, como os bancos p\u00fablicos, uma empresa estatal, a capacidade de investimento.\u201d Ele cita ainda a destrui\u00e7\u00e3o da ind\u00fastria nacional, ao mesmo tempo em que se expande o setor de servi\u00e7os de modo precarizado, com empregos e remunera\u00e7\u00f5es de baixa qualidade.\u00a0<\/p>\n<p>\u201cO governo n\u00e3o gasta e n\u00e3o investe, e o empres\u00e1rio n\u00e3o investe e n\u00e3o produz. O trabalhador n\u00e3o tem emprego e nem sal\u00e1rio. Essa economia n\u00e3o tem por onde crescer internamente. E externamente, vamos vender, exportar. O mundo compra pouco, compra gr\u00e3o e min\u00e9rio de ferro, mas isso n\u00e3o d\u00e1 dinamismo para uma economia industrializada como a brasileira. Estamos no caminho contr\u00e1rio ao crescimento e o emprego, e a reforma trabalhista s\u00f3 veio dar prote\u00e7\u00e3o aos empregadores.\u201d\u00a0<\/p>\n<p>O\u00a0<em>Entre Vistas<\/em> desta quinta conta com a participa\u00e7\u00e3o de Juneia Batista, secret\u00e1ria nacional da Mulher Trabalhadora da CUT, e Simone Magalh\u00e3es, coordenadora regional do Movimento dos Trabalhadores Sem Terra (MST).<\/p>\n<p>\u00a0<\/p>\n<p><strong>Fonte: Rede Brasil Atual<\/strong><\/p>\n","protected":false},"excerpt":{"rendered":"<p>As transforma\u00e7\u00f5es no mundo do trabalho, o surgimento de outro modelo de capitalismo, o avan\u00e7o da tecnologia que elimina empregos do ser humano, e a situa\u00e7\u00e3o do Brasil com suas \u201creformas&#8221; trabalhista e da Previd\u00eancia no contexto global, s\u00e3o alguns dos temas abordados por Clemente Ganz L\u00facio, diretor-t\u00e9cnico do Dieese, no programa Entre Vistas, apresentado [&hellip;]<\/p>\n","protected":false},"author":2,"featured_media":6701,"comment_status":"","ping_status":"","sticky":false,"template":"","format":"standard","meta":{"footnotes":""},"categories":[3],"tags":[],"class_list":["post-6702","post","type-post","status-publish","format-standard","has-post-thumbnail","hentry","category-noticias"],"_links":{"self":[{"href":"https:\/\/hostnetart.com.br\/baixada\/wp-json\/wp\/v2\/posts\/6702","targetHints":{"allow":["GET"]}}],"collection":[{"href":"https:\/\/hostnetart.com.br\/baixada\/wp-json\/wp\/v2\/posts"}],"about":[{"href":"https:\/\/hostnetart.com.br\/baixada\/wp-json\/wp\/v2\/types\/post"}],"author":[{"embeddable":true,"href":"https:\/\/hostnetart.com.br\/baixada\/wp-json\/wp\/v2\/users\/2"}],"replies":[{"embeddable":true,"href":"https:\/\/hostnetart.com.br\/baixada\/wp-json\/wp\/v2\/comments?post=6702"}],"version-history":[{"count":0,"href":"https:\/\/hostnetart.com.br\/baixada\/wp-json\/wp\/v2\/posts\/6702\/revisions"}],"wp:featuredmedia":[{"embeddable":true,"href":"https:\/\/hostnetart.com.br\/baixada\/wp-json\/wp\/v2\/media\/6701"}],"wp:attachment":[{"href":"https:\/\/hostnetart.com.br\/baixada\/wp-json\/wp\/v2\/media?parent=6702"}],"wp:term":[{"taxonomy":"category","embeddable":true,"href":"https:\/\/hostnetart.com.br\/baixada\/wp-json\/wp\/v2\/categories?post=6702"},{"taxonomy":"post_tag","embeddable":true,"href":"https:\/\/hostnetart.com.br\/baixada\/wp-json\/wp\/v2\/tags?post=6702"}],"curies":[{"name":"wp","href":"https:\/\/api.w.org\/{rel}","templated":true}]}}