{"id":6700,"date":"2019-05-16T14:28:20","date_gmt":"2019-05-16T17:28:20","guid":{"rendered":"https:\/\/hostnetart.com.br\/baixada\/desemprego-sobe-na-maior-parte-do-pais-nordeste-tem-mais-desalentados\/"},"modified":"2019-05-16T14:28:20","modified_gmt":"2019-05-16T17:28:20","slug":"desemprego-sobe-na-maior-parte-do-pais-nordeste-tem-mais-desalentados","status":"publish","type":"post","link":"https:\/\/hostnetart.com.br\/baixada\/desemprego-sobe-na-maior-parte-do-pais-nordeste-tem-mais-desalentados\/","title":{"rendered":"Desemprego sobe na maior parte do pa\u00eds. Nordeste tem mais desalentados"},"content":{"rendered":"<p><a class=\"internal-link\" title=\"\" href=\"https:\/\/www.redebrasilatual.com.br\/economia\/2019\/04\/no-primeiro-trimestre-do-ano-novo-1-2-milhao-de-desempregados-a-mais\" target=\"_blank\" rel=\"noopener noreferrer\">Em alta no primeiro trimestre<\/a>, o desemprego sobe na maior parte das unidades da federa\u00e7\u00e3o, segundo o IBGE, com predomin\u00e2ncia do desalento na regi\u00e3o Nordeste e de trabalhadores informais no Norte, embora a precariza\u00e7\u00e3o aconte\u00e7a em todo o pa\u00eds. A taxa m\u00e9dia de desemprego foi de 12,7% no primeiro trimestre, mas chegou a 20,2% no Amap\u00e1 e a 18,3% na Bahia, caindo para 7,2% em Santa Catarina e 8% no Rio Grande do Sul. De acordo com a Pesquisa Nacional por Amostra de Domic\u00edlios (Pnad) Cont\u00ednua, o desemprego aumentou em 14 das 27 unidades em rela\u00e7\u00e3o ao final de 2018.<\/p>\n<p>Ainda em compara\u00e7\u00e3o com o \u00faltimo trimestre de 2018, a taxa subiu em todas as regi\u00f5es. Subiu de 14,3% para 15,3% no Nordeste e de 12,1% para 13,2% no Sudeste, por exemplo. Atingiu 13,1% no Norte, 10,8% no Centro-Oeste e 8,1% na regi\u00e3o Sul.<\/p>\n<p>A chamada taxa de subutiliza\u00e7\u00e3o, que inclui as pessoas que gostariam de trabalhar mais, de 25% na m\u00e9dia nacional atingiu 41,6% no Piau\u00ed, 41,1% no Maranh\u00e3o e 40,4% na Bahia. Foram menores em Santa Catarina (12,1%), Rio Grande do Sul (15,5%) e Mato Grosso (16,5%). No total, s\u00e3o 28,3 milh\u00f5es de pessoas nessa situa\u00e7\u00e3o, recorde da s\u00e9rie hist\u00f3rica.\u00a0<\/p>\n<p>J\u00e1 os desalentados \u2013 4,8 milh\u00f5es no pa\u00eds \u2013 concentram-se mais em estados do Nordeste: s\u00e3o 768 mil apenas na Bahia e 561 mil no Maranh\u00e3o. A m\u00e9dia do pa\u00eds \u00e9 de 4,4%, tamb\u00e9m recorde, mas sobe a 17,9% no Maranh\u00e3o e a 16,5% em Alagoas, caindo para 1,2% no Rio de Janeiro e 0,9% em Santa Catarina.<\/p>\n<p>No recorte por ocupa\u00e7\u00e3o, o Brasil tinha no primeiro trimestre 11,1 milh\u00f5es de pessoas sem carteira assinada no setor privado. Eram 91,9 milh\u00f5es de ocupados, sendo 67% empregados (com ou sem carteira), 4,8% empregadores e 25,9% de trabalhadores por conta pr\u00f3pria, entre outros. Esse \u00faltimo grupo sobe para 33,7% na regi\u00e3o Norte e 29,3% no Nordeste.<\/p>\n<p><strong>Fonte: Rede Brasil Atual<\/strong><\/p>\n","protected":false},"excerpt":{"rendered":"<p>Em alta no primeiro trimestre, o desemprego sobe na maior parte das unidades da federa\u00e7\u00e3o, segundo o IBGE, com predomin\u00e2ncia do desalento na regi\u00e3o Nordeste e de trabalhadores informais no Norte, embora a precariza\u00e7\u00e3o aconte\u00e7a em todo o pa\u00eds. A taxa m\u00e9dia de desemprego foi de 12,7% no primeiro trimestre, mas chegou a 20,2% no [&hellip;]<\/p>\n","protected":false},"author":2,"featured_media":6699,"comment_status":"","ping_status":"","sticky":false,"template":"","format":"standard","meta":{"footnotes":""},"categories":[3],"tags":[],"class_list":["post-6700","post","type-post","status-publish","format-standard","has-post-thumbnail","hentry","category-noticias"],"_links":{"self":[{"href":"https:\/\/hostnetart.com.br\/baixada\/wp-json\/wp\/v2\/posts\/6700","targetHints":{"allow":["GET"]}}],"collection":[{"href":"https:\/\/hostnetart.com.br\/baixada\/wp-json\/wp\/v2\/posts"}],"about":[{"href":"https:\/\/hostnetart.com.br\/baixada\/wp-json\/wp\/v2\/types\/post"}],"author":[{"embeddable":true,"href":"https:\/\/hostnetart.com.br\/baixada\/wp-json\/wp\/v2\/users\/2"}],"replies":[{"embeddable":true,"href":"https:\/\/hostnetart.com.br\/baixada\/wp-json\/wp\/v2\/comments?post=6700"}],"version-history":[{"count":0,"href":"https:\/\/hostnetart.com.br\/baixada\/wp-json\/wp\/v2\/posts\/6700\/revisions"}],"wp:featuredmedia":[{"embeddable":true,"href":"https:\/\/hostnetart.com.br\/baixada\/wp-json\/wp\/v2\/media\/6699"}],"wp:attachment":[{"href":"https:\/\/hostnetart.com.br\/baixada\/wp-json\/wp\/v2\/media?parent=6700"}],"wp:term":[{"taxonomy":"category","embeddable":true,"href":"https:\/\/hostnetart.com.br\/baixada\/wp-json\/wp\/v2\/categories?post=6700"},{"taxonomy":"post_tag","embeddable":true,"href":"https:\/\/hostnetart.com.br\/baixada\/wp-json\/wp\/v2\/tags?post=6700"}],"curies":[{"name":"wp","href":"https:\/\/api.w.org\/{rel}","templated":true}]}}