{"id":6698,"date":"2019-05-16T13:59:26","date_gmt":"2019-05-16T16:59:26","guid":{"rendered":"https:\/\/hostnetart.com.br\/baixada\/contraf-cut-participa-de-seminario-do-coletivo-nacional-de-combate-ao-racismo-da-cut\/"},"modified":"2019-05-16T13:59:26","modified_gmt":"2019-05-16T16:59:26","slug":"contraf-cut-participa-de-seminario-do-coletivo-nacional-de-combate-ao-racismo-da-cut","status":"publish","type":"post","link":"https:\/\/hostnetart.com.br\/baixada\/contraf-cut-participa-de-seminario-do-coletivo-nacional-de-combate-ao-racismo-da-cut\/","title":{"rendered":"Contraf-CUT participa de semin\u00e1rio do Coletivo Nacional de Combate ao Racismo da CUT"},"content":{"rendered":"<div class=\"elementor-element elementor-element-194680ec elementor-widget elementor-widget-theme-post-content\" data-id=\"194680ec\" data-element_type=\"widget\" data-widget_type=\"theme-post-content.default\">\n<div class=\"elementor-widget-container\">\n<p>A Secretaria Nacional de Combate ao Racismo da CUT, reuniu, nos dias 14 e 15 de maio, na cidade do Rio de Janeiro, o coletivo para debater a conjuntura e os impactos da pol\u00edtica do atual governo na vida da popula\u00e7\u00e3o negra, como reforma trabalhista e da previd\u00eancia, encarceramento em massa da popula\u00e7\u00e3o negra e projeto anticrime. <\/p>\n<p>De acordo com dados do Mapa da Viol\u00eancia de 2018, estudo realizado pelo Ipea (Instituto de Pesquisa Econ\u00f4mica Aplicada) e o F\u00f3rum Brasileiro de Seguran\u00e7a P\u00fablica (FBSP) o Brasil teve, em um ano, 62.517 assassinatos, 30 vezes maior que o n\u00famero de toda a Europa. <\/p>\n<p>O perfil da esmagadora maioria das v\u00edtimas s\u00e3o jovens homens de 15 a 19 anos, especialmente negros das favelas e periferias, que respondem por 56,5% dos \u00f3bitos, com mortes violentas. O estudo revela ainda que, 71,6% das pessoas assassinadas s\u00e3o negras ou pardas. <\/p>\n<p>Para o <a href=\"https:\/\/contrafcut.com.br\/editorias\/negros\/\" target=\"_blank\" rel=\"noopener noreferrer\">Secret\u00e1rio de Combate ao Racismo da Contraf-CUT,<\/a> Almir Aguiar, \u201ca pol\u00edcia brasileira \u00e9 a que mais mata, mas tamb\u00e9m a que mais morre no mundo, nessa guerra insana, fruto da maior desigualdade social do planeta, que escolheu historicamente a cor do seu alvo, o povo Preto. No entanto, o Ministro S\u00e9rgio Moro, quer legalizar o crime de estado. O pacote anticrime tem este esp\u00edrito que ganha coro na classe m\u00e9dia, assustada com a viol\u00eancia, onde a solu\u00e7\u00e3o reducionista \u00e9 \u201cbandido bom, \u00e9 bandido morto\u201d, afirmou.<\/p>\n<p>Na sua fala sobre conjuntura, o ex-ministro Edson Santos, da Secretaria Nacional de Pol\u00edticas de Promo\u00e7\u00e3o da Igualdade Racial (Seppir), do governo Lula, destacou a import\u00e2ncia do Estatuto da Igualdade Racial para a popula\u00e7\u00e3o negra, e a pol\u00edtica de cotas nas universidades, proporcionando o acesso de milhares de negros no curso superior.<\/p>\n<figure class=\"wp-block-image\"><img decoding=\"async\" class=\"wp-image-270466 lazyloaded\" src=\"https:\/\/contrafcut.com.br\/wp-content\/uploads\/2019\/05\/whatsapp-image-2019-05-15-at-15-31-06.jpeg?x51215\" sizes=\"(max-width: 1024px) 100vw, 1024px\" srcset=\"https:\/\/contrafcut.com.br\/wp-content\/uploads\/2019\/05\/whatsapp-image-2019-05-15-at-15-31-06.jpeg 1024w, https:\/\/contrafcut.com.br\/wp-content\/uploads\/2019\/05\/whatsapp-image-2019-05-15-at-15-31-06-165x110.jpeg 165w, https:\/\/contrafcut.com.br\/wp-content\/uploads\/2019\/05\/whatsapp-image-2019-05-15-at-15-31-06-349x230.jpeg 349w, https:\/\/contrafcut.com.br\/wp-content\/uploads\/2019\/05\/whatsapp-image-2019-05-15-at-15-31-06-768x506.jpeg 768w, https:\/\/contrafcut.com.br\/wp-content\/uploads\/2019\/05\/whatsapp-image-2019-05-15-at-15-31-06-440x290.jpeg 440w\" alt=\"\" data-lazy-srcset=\"https:\/\/contrafcut.com.br\/wp-content\/uploads\/2019\/05\/whatsapp-image-2019-05-15-at-15-31-06.jpeg 1024w, https:\/\/contrafcut.com.br\/wp-content\/uploads\/2019\/05\/whatsapp-image-2019-05-15-at-15-31-06-165x110.jpeg 165w, https:\/\/contrafcut.com.br\/wp-content\/uploads\/2019\/05\/whatsapp-image-2019-05-15-at-15-31-06-349x230.jpeg 349w, https:\/\/contrafcut.com.br\/wp-content\/uploads\/2019\/05\/whatsapp-image-2019-05-15-at-15-31-06-768x506.jpeg 768w, https:\/\/contrafcut.com.br\/wp-content\/uploads\/2019\/05\/whatsapp-image-2019-05-15-at-15-31-06-440x290.jpeg 440w\" data-lazy-sizes=\"(max-width: 1024px) 100vw, 1024px\" data-lazy-src=\"https:\/\/contrafcut.com.br\/wp-content\/uploads\/2019\/05\/whatsapp-image-2019-05-15-at-15-31-06.jpeg?x51215\" data-was-processed=\"true\" \/><\/figure>\n<h3>Mercado de trabalho<\/h3>\n<p>Para Julia Nogueira, Secret\u00e1ria Nacional de Combate ao Racismo, \u201cN\u00e3o adianta mais a gente se capacitar se o mercado de trabalho n\u00e3o tem condi\u00e7\u00e3o de assegurar nossa vaga de emprego. Isso mostra que nosso problema \u00e9 sist\u00eamico e n\u00e3o conjuntural\u201d. A Reforma Trabalhista foi um mal que n\u00e3o conseguimos barrar, trazendo males como o regime intermitente. Com a reforma trabalhista as pessoas podem trabalhar de forma intermitente e n\u00e3o conseguir assegurar nem um sal\u00e1rio m\u00ednimo no final do m\u00eas\u201d, disse. J\u00falia afirma ainda que a situa\u00e7\u00e3o pode piorar ainda mais com a Reforma da Previd\u00eancia. \u201cTr\u00eas coisas s\u00e3o grav\u00edssimas nessa proposta. Acaba o pacto entre gera\u00e7\u00f5es, na qual eu estou contribuindo para os j\u00e1 aposentados. A capitaliza\u00e7\u00e3o, que n\u00e3o \u00e9 uma proposta nova, nunca deu certo em lugar algum e nos anos 80 n\u00f3s j\u00e1 fomos capazes de derrotar essa proposta. A quest\u00e3o da constitucionaliza\u00e7\u00e3o, tirando por lei ordin\u00e1ria qualquer mudan\u00e7a que acharem relevante em qualquer governo. Hoje, por exemplo, diz que nenhum benef\u00edcio pode ser menor que um sal\u00e1rio m\u00ednimo, isso pode acabar\u201d.<\/p>\n<p>O encontro contou com a participa\u00e7\u00e3o de v\u00e1rios palestrantes e mais de 30 sindicalistas de v\u00e1rias regi\u00f5es do pa\u00eds.<\/p>\n<p><strong>Fonte: Contraf-CUT<\/strong><\/p>\n<\/div>\n<\/div>\n","protected":false},"excerpt":{"rendered":"<p>A Secretaria Nacional de Combate ao Racismo da CUT, reuniu, nos dias 14 e 15 de maio, na cidade do Rio de Janeiro, o coletivo para debater a conjuntura e os impactos da pol\u00edtica do atual governo na vida da popula\u00e7\u00e3o negra, como reforma trabalhista e da previd\u00eancia, encarceramento em massa da popula\u00e7\u00e3o negra e [&hellip;]<\/p>\n","protected":false},"author":2,"featured_media":6697,"comment_status":"","ping_status":"","sticky":false,"template":"","format":"standard","meta":{"footnotes":""},"categories":[3],"tags":[],"class_list":["post-6698","post","type-post","status-publish","format-standard","has-post-thumbnail","hentry","category-noticias"],"_links":{"self":[{"href":"https:\/\/hostnetart.com.br\/baixada\/wp-json\/wp\/v2\/posts\/6698","targetHints":{"allow":["GET"]}}],"collection":[{"href":"https:\/\/hostnetart.com.br\/baixada\/wp-json\/wp\/v2\/posts"}],"about":[{"href":"https:\/\/hostnetart.com.br\/baixada\/wp-json\/wp\/v2\/types\/post"}],"author":[{"embeddable":true,"href":"https:\/\/hostnetart.com.br\/baixada\/wp-json\/wp\/v2\/users\/2"}],"replies":[{"embeddable":true,"href":"https:\/\/hostnetart.com.br\/baixada\/wp-json\/wp\/v2\/comments?post=6698"}],"version-history":[{"count":0,"href":"https:\/\/hostnetart.com.br\/baixada\/wp-json\/wp\/v2\/posts\/6698\/revisions"}],"wp:featuredmedia":[{"embeddable":true,"href":"https:\/\/hostnetart.com.br\/baixada\/wp-json\/wp\/v2\/media\/6697"}],"wp:attachment":[{"href":"https:\/\/hostnetart.com.br\/baixada\/wp-json\/wp\/v2\/media?parent=6698"}],"wp:term":[{"taxonomy":"category","embeddable":true,"href":"https:\/\/hostnetart.com.br\/baixada\/wp-json\/wp\/v2\/categories?post=6698"},{"taxonomy":"post_tag","embeddable":true,"href":"https:\/\/hostnetart.com.br\/baixada\/wp-json\/wp\/v2\/tags?post=6698"}],"curies":[{"name":"wp","href":"https:\/\/api.w.org\/{rel}","templated":true}]}}