{"id":6696,"date":"2019-05-16T13:47:08","date_gmt":"2019-05-16T16:47:08","guid":{"rendered":"https:\/\/hostnetart.com.br\/baixada\/bancarios-da-baixada-fluminense-participam-do-historico-dia-nacional-de-greve-pela-educacao\/"},"modified":"2019-05-16T13:47:08","modified_gmt":"2019-05-16T16:47:08","slug":"bancarios-da-baixada-fluminense-participam-do-historico-dia-nacional-de-greve-pela-educacao","status":"publish","type":"post","link":"https:\/\/hostnetart.com.br\/baixada\/bancarios-da-baixada-fluminense-participam-do-historico-dia-nacional-de-greve-pela-educacao\/","title":{"rendered":"Banc\u00e1rios da Baixada Fluminense participam do hist\u00f3rico Dia Nacional de Greve Pela Educa\u00e7\u00e3o"},"content":{"rendered":"<p>O Sindicato dos Banc\u00e1rios da Baixada Fluminense esteve presente ao Dia Nacional de Greve Pela Educa\u00e7\u00e3o, que aconteceu nesta quarta-feira (15), numa caminhada da Igreja da Candel\u00e1ria at\u00e9 a Central do Brasil, Centro do Rio de Janeiro, e que ficou na hist\u00f3ria pela grandiosidade do ato.\u00a0<\/p>\n<p>A categoria se uniu a centenas de milhares de estudantes, aos trabalhadores e trabalhadoras da educa\u00e7\u00e3o, para protestar contra o corte de 30% nos investimentos para a educa\u00e7\u00e3o, anunciado pelo ministro da Educa\u00e7\u00e3o, Abraham Weintraub. A paralisa\u00e7\u00e3o tamb\u00e9m ganhou apoio popular e contou com a ades\u00e3o de estudantes e trabalhadores de outras categorias. Al\u00e9m de impedir a realiza\u00e7\u00e3o de servi\u00e7os b\u00e1sicos, como abastecimento de \u00e1gua, energia el\u00e9trica, limpeza e seguran\u00e7a, o corte da verba para a educa\u00e7\u00e3o impossibilita o desenvolvimento de pesquisas acad\u00eamicas.<\/p>\n<p>Foi a primeira grande manifesta\u00e7\u00e3o contra o governo Bolsonaro.<\/p>\n<p>A paralisa\u00e7\u00e3o dos trabalhadores da educa\u00e7\u00e3o \u00e9 um esquenta para a Greve Geral, que acontecer\u00e1 no dia 14 de junho, contra a proposta de Reforma da Previd\u00eancia, que decretar\u00e1 o fim da aposentadoria. <\/p>\n","protected":false},"excerpt":{"rendered":"<p>O Sindicato dos Banc\u00e1rios da Baixada Fluminense esteve presente ao Dia Nacional de Greve Pela Educa\u00e7\u00e3o, que aconteceu nesta quarta-feira (15), numa caminhada da Igreja da Candel\u00e1ria at\u00e9 a Central do Brasil, Centro do Rio de Janeiro, e que ficou na hist\u00f3ria pela grandiosidade do ato.\u00a0 A categoria se uniu a centenas de milhares de [&hellip;]<\/p>\n","protected":false},"author":2,"featured_media":6695,"comment_status":"","ping_status":"","sticky":false,"template":"","format":"standard","meta":{"footnotes":""},"categories":[3],"tags":[],"class_list":["post-6696","post","type-post","status-publish","format-standard","has-post-thumbnail","hentry","category-noticias"],"_links":{"self":[{"href":"https:\/\/hostnetart.com.br\/baixada\/wp-json\/wp\/v2\/posts\/6696","targetHints":{"allow":["GET"]}}],"collection":[{"href":"https:\/\/hostnetart.com.br\/baixada\/wp-json\/wp\/v2\/posts"}],"about":[{"href":"https:\/\/hostnetart.com.br\/baixada\/wp-json\/wp\/v2\/types\/post"}],"author":[{"embeddable":true,"href":"https:\/\/hostnetart.com.br\/baixada\/wp-json\/wp\/v2\/users\/2"}],"replies":[{"embeddable":true,"href":"https:\/\/hostnetart.com.br\/baixada\/wp-json\/wp\/v2\/comments?post=6696"}],"version-history":[{"count":0,"href":"https:\/\/hostnetart.com.br\/baixada\/wp-json\/wp\/v2\/posts\/6696\/revisions"}],"wp:featuredmedia":[{"embeddable":true,"href":"https:\/\/hostnetart.com.br\/baixada\/wp-json\/wp\/v2\/media\/6695"}],"wp:attachment":[{"href":"https:\/\/hostnetart.com.br\/baixada\/wp-json\/wp\/v2\/media?parent=6696"}],"wp:term":[{"taxonomy":"category","embeddable":true,"href":"https:\/\/hostnetart.com.br\/baixada\/wp-json\/wp\/v2\/categories?post=6696"},{"taxonomy":"post_tag","embeddable":true,"href":"https:\/\/hostnetart.com.br\/baixada\/wp-json\/wp\/v2\/tags?post=6696"}],"curies":[{"name":"wp","href":"https:\/\/api.w.org\/{rel}","templated":true}]}}