{"id":6690,"date":"2019-05-15T19:20:49","date_gmt":"2019-05-15T22:20:49","guid":{"rendered":"https:\/\/hostnetart.com.br\/baixada\/banco-central-e-comercio-dao-mais-sinais-de-nova-recessao-no-pais\/"},"modified":"2019-05-15T19:20:49","modified_gmt":"2019-05-15T22:20:49","slug":"banco-central-e-comercio-dao-mais-sinais-de-nova-recessao-no-pais","status":"publish","type":"post","link":"https:\/\/hostnetart.com.br\/baixada\/banco-central-e-comercio-dao-mais-sinais-de-nova-recessao-no-pais\/","title":{"rendered":"Banco Central e com\u00e9rcio d\u00e3o mais sinais de nova recess\u00e3o no pa\u00eds"},"content":{"rendered":"<p>O pa\u00eds amanheceu nesta ter\u00e7a-feira (14) com duas informa\u00e7\u00f5es na\u00a0<strong>\u00e1rea econ\u00f4mica<\/strong>\u00a0que apenas confirmam o cen\u00e1rio de\u00a0<strong>estagna\u00e7\u00e3o<\/strong>, apontando para a chegada de uma recess\u00e3o. Ao divulgar ata da reuni\u00e3o do Comit\u00ea de Pol\u00edtica Monet\u00e1ria (Copom), o Banco Central informa que \u201co arrefecimento da atividade observado no final de 2018 teve continuidade no in\u00edcio de 2019\u201d. Enquanto isso, segundo pesquisa da Associa\u00e7\u00e3o Brasileira de Lojistas de Shopping (Alshop), os consumidores gastaram 5% a menos do que no ano passado para o Dia das M\u00e3es, a segunda data mais importante para o com\u00e9rcio varejista no pa\u00eds (a primeira \u00e9 o Natal).<\/p>\n<p>O BC reconhece que \u201cos indicadores dispon\u00edveis sugerem probabilidade relevante de que o Produto Interno Bruto (PIB) tenha recuado ligeiramente no primeiro trimestre do ano, na compara\u00e7\u00e3o com o trimestre anterior\u201d. O PIB referente ao per\u00edodo de janeiro a mar\u00e7o deve ser divulgado no final de maio, pelo IBGE. Tecnicamente, o cen\u00e1rio de recess\u00e3o \u00e9 reconhecido a partir de dois trimestres com o PIB negativo,\u00a0<a class=\"internal-link\" title=\"\" href=\"https:\/\/www.redebrasilatual.com.br\/economia\/2019\/05\/economia-brasileira-esta-em-depressao-e-no-fundo-do-poco-avaliam-economistas\" target=\"_self\">segundo economistas<\/a>.<\/p>\n<p>\u201cA atividade econ\u00f4mica est\u00e1 praticamente paralisada na ind\u00fastria, no com\u00e9rcio e em servi\u00e7os, e n\u00e3o h\u00e1 nenhum tipo de pol\u00edtica voltada a dar um pouco de vigor a ela. S\u00f3 se fala em cortar e cortar. Portanto, o que se mostra \u00e0 frente \u00e9 no sentido de aprofundar ainda mais esse cen\u00e1rio\u201d, diz Jorge Mattoso, economista e ex-presidente da Caixa Econ\u00f4mica Federal. \u201cA perspectiva no pr\u00f3ximo trimestre \u00e9 nessa dire\u00e7\u00e3o, de se manter ou agravar-se a situa\u00e7\u00e3o. Nada aponta no sentido contr\u00e1rio.\u201d<\/p>\n<p>O grande problema \u00e9 que, al\u00e9m dos cortes para \u201ccombater\u201d o cen\u00e1rio desalentador, o governo s\u00f3 tem uma iniciativa: mais cortes. Diante do horizonte de contra\u00e7\u00e3o do PIB, a equipe econ\u00f4mica comandada pelo ministro Paulo Guedes estuda a possibilidade de cortar mais R$ 10 bilh\u00f5es no or\u00e7amento, ap\u00f3s a redu\u00e7\u00e3o de R$ 30 bilh\u00f5es h\u00e1 um m\u00eas e meio.<\/p>\n<p>\u201cSe tivesse alguma pol\u00edtica para oferecer cr\u00e9dito, favorecer o investimento, tanto p\u00fablico como privado, poder\u00edamos esperar que o cen\u00e1rio se revertesse. Mas n\u00e3o h\u00e1 nada disso\u201d, diz Mattoso.<\/p>\n<p>Em sua opini\u00e3o, a pol\u00edtica do presidente Jair Bolsonaro \u00e9 \u201cpraticamente a mesma\u201d do governo anterior, de Michel Temer. \u201cS\u00f3 que mais acentuada, com intensidade maior. A diferen\u00e7a \u00e9 que o Temer n\u00e3o podia tentar fazer um arrocho mais intenso, principalmente porque n\u00e3o tinha sido eleito. Por isso n\u00e3o tentou fazer a reforma da Previd\u00eancia radical como essa que est\u00e3o tentando.\u201d<\/p>\n<p>Para o ex-presidente da Caixa, a pol\u00edtica de Paulo Guedes \u00e9 algo que, hoje, n\u00e3o \u00e9 adotada em lugar nenhum do mundo. \u201cMesmo nos pa\u00edses conservadores, como It\u00e1lia \u2013 e nem vamos falar de pa\u00edses do leste, como Bulg\u00e1ria \u2013, pa\u00edses que t\u00eam um discurso de direita, n\u00e3o se tem uma pol\u00edtica radical como a de Guedes. Os argentinos tentaram fazer o que se quer fazer aqui, e est\u00e3o numa situa\u00e7\u00e3o terr\u00edvel. \u00c9 quase como a gente se olhar no espelho aqui no Brasil.\u201d<\/p>\n<p>No pa\u00eds vizinho, a pobreza cresce aceleradamente, a infla\u00e7\u00e3o acumulada de 2018 j\u00e1 bate em 50% e os tarifa\u00e7os, com os cortes de subs\u00eddios, tornam a situa\u00e7\u00e3o ainda mais dram\u00e1tica. Segundo mat\u00e9ria do site\u00a0<em><a class=\"external-link\" title=\"\" href=\"https:\/\/www.cartamaior.com.br\/?\/Editoria\/Pelo-Mundo\/Crise-na-Argentina-a-fome-ja-atinge-a-classe-media\/6\/43843\" target=\"_self\">Carta Maior<\/a><\/em>, de abril, \u201ca indig\u00eancia duplicou nos \u00faltimos tr\u00eas anos (<em>per\u00edodo em que Mauricio Macri est\u00e1 no poder<\/em>) e a pobreza cresceu em 20%\u201d.<\/p>\n<p>A Argentina realiza elei\u00e7\u00e3o presidencial em outubro. A ex-presidenta Cristina Kirchner lidera com 35,3% das inten\u00e7\u00f5es de voto, seguida pelo atual presidente, que tem 30,8%, segundo estudo do instituto Synopsis, realizado no in\u00edcio de maio.\u00a0<\/p>\n<h3>Manifesta\u00e7\u00f5es<\/h3>\n<p>Na opini\u00e3o de Mattoso, esta quarta-feira vai ser \u201cum dia especial&#8221;, com as\u00a0<a class=\"internal-link\" title=\"\" href=\"https:\/\/www.redebrasilatual.com.br\/educacao\/2019\/05\/estudantes-vao-as-ruas-de-todo-o-brasil-nesta-quarta-confira-a-agenda\" target=\"_self\">manifesta\u00e7\u00f5es deflagradas<\/a>\u00a0a partir do\u00a0<a class=\"internal-link\" title=\"\" href=\"https:\/\/www.redebrasilatual.com.br\/politica\/2019\/05\/une-no-dia-nacional-de-paralisacao-educacao-bolsonaro-vai-provar-o-gosto\" target=\"_self\">ataque do governo \u00e0s universidades<\/a>. &#8220;At\u00e9 porque a rea\u00e7\u00e3o das for\u00e7as contr\u00e1rias \u00e0 pol\u00edtica bolsonarista tem sido pouco intensa e pouco expl\u00edcita at\u00e9 aqui\u201d.<\/p>\n<p>Ele diz que o atual governo \u00e9 &#8220;contra a cultura, contra a educa\u00e7\u00e3o, contra tudo, mas a favor das armas. Uma coisa meio b\u00e1rbara\u201d.\u00a0\u201cTanto que, at\u00e9 mesmo pessoas conservadoras, como Rubens Ric\u00fapero, ou qualquer pessoa minimamente democr\u00e1tica, fica abismado e indignado.\u201d<\/p>\n<p>Ric\u00fapero tem feito cr\u00edticas reiteradas ao governo Bolsonaro. Em entrevista a Jamil Chade, no m\u00eas passado, o ex-ministro da Fazenda e do Meio Ambiente afirmou sobre o atual presidente: \u201cEle v\u00ea o papel dele mais como um papel de destruir o que outros, na opini\u00e3o dele, erroneamente fizeram\u201d.<\/p>\n<p><strong>Fonte: Rede Brasil Atual<\/strong><\/p>\n","protected":false},"excerpt":{"rendered":"<p>O pa\u00eds amanheceu nesta ter\u00e7a-feira (14) com duas informa\u00e7\u00f5es na\u00a0\u00e1rea econ\u00f4mica\u00a0que apenas confirmam o cen\u00e1rio de\u00a0estagna\u00e7\u00e3o, apontando para a chegada de uma recess\u00e3o. Ao divulgar ata da reuni\u00e3o do Comit\u00ea de Pol\u00edtica Monet\u00e1ria (Copom), o Banco Central informa que \u201co arrefecimento da atividade observado no final de 2018 teve continuidade no in\u00edcio de 2019\u201d. Enquanto [&hellip;]<\/p>\n","protected":false},"author":2,"featured_media":6689,"comment_status":"","ping_status":"","sticky":false,"template":"","format":"standard","meta":{"footnotes":""},"categories":[3],"tags":[],"class_list":["post-6690","post","type-post","status-publish","format-standard","has-post-thumbnail","hentry","category-noticias"],"_links":{"self":[{"href":"https:\/\/hostnetart.com.br\/baixada\/wp-json\/wp\/v2\/posts\/6690","targetHints":{"allow":["GET"]}}],"collection":[{"href":"https:\/\/hostnetart.com.br\/baixada\/wp-json\/wp\/v2\/posts"}],"about":[{"href":"https:\/\/hostnetart.com.br\/baixada\/wp-json\/wp\/v2\/types\/post"}],"author":[{"embeddable":true,"href":"https:\/\/hostnetart.com.br\/baixada\/wp-json\/wp\/v2\/users\/2"}],"replies":[{"embeddable":true,"href":"https:\/\/hostnetart.com.br\/baixada\/wp-json\/wp\/v2\/comments?post=6690"}],"version-history":[{"count":0,"href":"https:\/\/hostnetart.com.br\/baixada\/wp-json\/wp\/v2\/posts\/6690\/revisions"}],"wp:featuredmedia":[{"embeddable":true,"href":"https:\/\/hostnetart.com.br\/baixada\/wp-json\/wp\/v2\/media\/6689"}],"wp:attachment":[{"href":"https:\/\/hostnetart.com.br\/baixada\/wp-json\/wp\/v2\/media?parent=6690"}],"wp:term":[{"taxonomy":"category","embeddable":true,"href":"https:\/\/hostnetart.com.br\/baixada\/wp-json\/wp\/v2\/categories?post=6690"},{"taxonomy":"post_tag","embeddable":true,"href":"https:\/\/hostnetart.com.br\/baixada\/wp-json\/wp\/v2\/tags?post=6690"}],"curies":[{"name":"wp","href":"https:\/\/api.w.org\/{rel}","templated":true}]}}