{"id":6688,"date":"2019-05-15T19:01:44","date_gmt":"2019-05-15T22:01:44","guid":{"rendered":"https:\/\/hostnetart.com.br\/baixada\/contraf-cut-orienta-aprovacao-da-proposta-de-manutencao-da-cassi\/"},"modified":"2019-05-15T19:01:44","modified_gmt":"2019-05-15T22:01:44","slug":"contraf-cut-orienta-aprovacao-da-proposta-de-manutencao-da-cassi","status":"publish","type":"post","link":"https:\/\/hostnetart.com.br\/baixada\/contraf-cut-orienta-aprovacao-da-proposta-de-manutencao-da-cassi\/","title":{"rendered":"Contraf-CUT orienta aprova\u00e7\u00e3o da proposta de manuten\u00e7\u00e3o da Cassi"},"content":{"rendered":"<p>A vota\u00e7\u00e3o da nova proposta de manuten\u00e7\u00e3o da Caixa de Assist\u00eancia dos Funcion\u00e1rios do Banco do Brasil (Cassi) come\u00e7a na sexta-feira (17). O processo de vota\u00e7\u00e3o segue at\u00e9 o dia 27 de maio. A Confedera\u00e7\u00e3o Nacional dos Trabalhadores do Ramo Financeiro (Contraf-CUT) e a maioria das entidades representativas dos funcion\u00e1rios\u00a0<a href=\"https:\/\/contrafcut.com.br\/noticias\/contraf-cut-defende-aprovacao-da-proposta-da-cassi\/\" target=\"_blank\" rel=\"noopener noreferrer\">orientam a aprova\u00e7\u00e3o da proposta<\/a>, que traz avan\u00e7os em rela\u00e7\u00e3o \u00e0 proposta anterior, que foi rejeitada pelos associados.<\/p>\n<p>\u201cA proposta mant\u00e9m os preceitos fundamentais, como a rela\u00e7\u00e3o contributiva de 60% para o banco e 40% pelos associados; a solidariedade (mesmo cobrando por dependentes); incorpora os novos funcion\u00e1rios no Plano Associados; mant\u00e9m os pontos fundamentais da governan\u00e7a da Cassi e o equil\u00edbrio entre banco e associados\u201d, informou o coordenador da Comiss\u00e3o de Empresa dos Funcion\u00e1rios do Banco do Brasil (CEBB), Wagner Nascimento. \u201cAl\u00e9m disso, traz novos aportes do BB para recompor a situa\u00e7\u00e3o financeira prec\u00e1ria do plano de sa\u00fade\u201d, completou.<\/p>\n<p>Se a proposta n\u00e3o for aprovada, o banco volta a contribuir com 4,5% e os associados com 3% a partir de janeiro de 2020, conforme previsto no estatuto, mas o\u00a0<a href=\"http:\/\/spbancarios.com.br\/04\/2019\/presidente-em-exercicio-da-ans-recomenda-intervencao-na-cassi\" target=\"_blank\" rel=\"noopener noreferrer\">Plano Associados se torna insolvente<\/a>\u00a0e corre o risco de sofrer\u00a0<a href=\"https:\/\/contrafcut.com.br\/noticias\/contraf-cut-participa-de-encontro-com-presidente-da-ans\/\" target=\"_blank\" rel=\"noopener noreferrer\">interven\u00e7\u00e3o da Ag\u00eancia Nacional de Sa\u00fade Suplementar (ANS)<\/a>.<\/p>\n<h3><strong>Constru\u00e7\u00e3o da proposta<\/strong><\/h3>\n<p>A proposta que vai \u00e0 vota\u00e7\u00e3o surgiu de uma negocia\u00e7\u00e3o que se deu sob a vig\u00eancia da Resolu\u00e7\u00e3o CGPAR 23, que determina \u00e0s empresas federais que instituam cobran\u00e7a por dependente ou por faixa et\u00e1ria.<\/p>\n<p>A cobran\u00e7a por faixa et\u00e1ria foi recha\u00e7ada pelas entidades, pois significaria grandes aumentos nas contribui\u00e7\u00f5es ao longo do tempo. Nas negocia\u00e7\u00f5es, o banco avisou que s\u00f3 aceitaria fazer novos aportes \u00e0 Cassi se fosse estabelecido uma das duas formas de cobran\u00e7a.<\/p>\n<p>\u201cA proposta \u00e9 fruto de negocia\u00e7\u00e3o em uma conjuntura pol\u00edtica adversa, em que o governo empossado em janeiro anuncia a privatiza\u00e7\u00e3o de \u2018tudo o que for poss\u00edvel\u2019 e n\u00e3o mede esfor\u00e7os para destruir a Previd\u00eancia Social, cortar direitos trabalhistas, atacar sindicatos e organiza\u00e7\u00f5es sociais e sucatear os servi\u00e7os p\u00fablicos. Diante de tantos ataques, a prioridade, neste momento, foi manter a sobreviv\u00eancia da Cassi para, quando houver conjuntura mais favor\u00e1vel, buscarmos avan\u00e7os e a incorpora\u00e7\u00e3o de direitos\u201d, disse Wagner.<\/p>\n<h3><strong>Vota\u00e7\u00e3o<\/strong><\/h3>\n<p>Todo associado da ativa e aposentados t\u00eam direito ao voto. Para votar, os funcion\u00e1rios da ativa podem utilizar o Sistema de Informa\u00e7\u00f5es Banco do Brasil (Sisbb). Os aposentados podem faz\u00ea-lo pelo aplicativo ou pelos terminais de autoatendimento (caixas eletr\u00f4nicos).<\/p>\n<p>Para que a proposta seja aprovada, \u00e9 preciso que mais da metade dos associados, somando ativos e aposentados, exer\u00e7am seu direito de voto e que a proposta receba o voto favor\u00e1vel de 2\/3 dos votantes.<\/p>\n<p>O jornal dos funcion\u00e1rios do BB\u00a0<a href=\"https:\/\/contrafcut.com.br\/publicacoes\/o-espelho-maio-2019\/\" target=\"_blank\" rel=\"noopener noreferrer\">O Espelho<\/a>\u00a0de maio traz mais informa\u00e7\u00f5es sobre\u00a0<a href=\"https:\/\/www.cassi.com.br\/propostacassi\/\" target=\"_blank\" rel=\"noopener noreferrer\">a proposta<\/a>\u00a0e sobre o processo de vota\u00e7\u00e3o da mesma pelo corpo social.<\/p>\n<p><strong>Fonte:\u00a0Contraf-CUT<\/strong><\/p>\n","protected":false},"excerpt":{"rendered":"<p>A vota\u00e7\u00e3o da nova proposta de manuten\u00e7\u00e3o da Caixa de Assist\u00eancia dos Funcion\u00e1rios do Banco do Brasil (Cassi) come\u00e7a na sexta-feira (17). O processo de vota\u00e7\u00e3o segue at\u00e9 o dia 27 de maio. A Confedera\u00e7\u00e3o Nacional dos Trabalhadores do Ramo Financeiro (Contraf-CUT) e a maioria das entidades representativas dos funcion\u00e1rios\u00a0orientam a aprova\u00e7\u00e3o da proposta, que [&hellip;]<\/p>\n","protected":false},"author":2,"featured_media":6687,"comment_status":"","ping_status":"","sticky":false,"template":"","format":"standard","meta":{"footnotes":""},"categories":[3],"tags":[],"class_list":["post-6688","post","type-post","status-publish","format-standard","has-post-thumbnail","hentry","category-noticias"],"_links":{"self":[{"href":"https:\/\/hostnetart.com.br\/baixada\/wp-json\/wp\/v2\/posts\/6688","targetHints":{"allow":["GET"]}}],"collection":[{"href":"https:\/\/hostnetart.com.br\/baixada\/wp-json\/wp\/v2\/posts"}],"about":[{"href":"https:\/\/hostnetart.com.br\/baixada\/wp-json\/wp\/v2\/types\/post"}],"author":[{"embeddable":true,"href":"https:\/\/hostnetart.com.br\/baixada\/wp-json\/wp\/v2\/users\/2"}],"replies":[{"embeddable":true,"href":"https:\/\/hostnetart.com.br\/baixada\/wp-json\/wp\/v2\/comments?post=6688"}],"version-history":[{"count":0,"href":"https:\/\/hostnetart.com.br\/baixada\/wp-json\/wp\/v2\/posts\/6688\/revisions"}],"wp:featuredmedia":[{"embeddable":true,"href":"https:\/\/hostnetart.com.br\/baixada\/wp-json\/wp\/v2\/media\/6687"}],"wp:attachment":[{"href":"https:\/\/hostnetart.com.br\/baixada\/wp-json\/wp\/v2\/media?parent=6688"}],"wp:term":[{"taxonomy":"category","embeddable":true,"href":"https:\/\/hostnetart.com.br\/baixada\/wp-json\/wp\/v2\/categories?post=6688"},{"taxonomy":"post_tag","embeddable":true,"href":"https:\/\/hostnetart.com.br\/baixada\/wp-json\/wp\/v2\/tags?post=6688"}],"curies":[{"name":"wp","href":"https:\/\/api.w.org\/{rel}","templated":true}]}}