{"id":6686,"date":"2019-05-15T18:37:47","date_gmt":"2019-05-15T21:37:47","guid":{"rendered":"https:\/\/hostnetart.com.br\/baixada\/bancarios-da-baixada-fluminense-fazem-ato-contra-a-reforma-da-previdencia-e-cortes-na-educacao\/"},"modified":"2019-05-15T18:37:47","modified_gmt":"2019-05-15T21:37:47","slug":"bancarios-da-baixada-fluminense-fazem-ato-contra-a-reforma-da-previdencia-e-cortes-na-educacao","status":"publish","type":"post","link":"https:\/\/hostnetart.com.br\/baixada\/bancarios-da-baixada-fluminense-fazem-ato-contra-a-reforma-da-previdencia-e-cortes-na-educacao\/","title":{"rendered":"Banc\u00e1rios da Baixada Fluminense fazem ato contra a Reforma da Previd\u00eancia e cortes na educa\u00e7\u00e3o"},"content":{"rendered":"<p>O Sindicato dos Banc\u00e1rios da Baixada Fluminense esteve na manh\u00e3 desta\u00a0quarta-feira (15), na Pra\u00e7a da Matriz, em S\u00e3o Jo\u00e3o de Meriti, recolhendo assinaturas contra a Reforma da Previd\u00eancia e que acaba com a aposentadoria do trabalhador, e tamb\u00e9m esteve junto com estudantes, servidores e professores do Instituto Federal Rio de Janeiro (IFRJ) S\u00e3o Jo\u00e3o de Meriti, que protestavam contra os cortes na educa\u00e7\u00e3o.\u00a0<\/p>\n<p>A manifesta\u00e7\u00e3o teve apoio maci\u00e7o e grande ades\u00e3o do p\u00fablico em geral.\u00a0<span class=\"text_exposed_show\"><br \/><\/span><\/p>\n<p><span class=\"text_exposed_show\">Diretoras e diretores tamb\u00e9m falaram com a popula\u00e7\u00e3o sobre os riscos e malef\u00edcios desta reforma e dos cortes na educa\u00e7\u00e3o.<\/span><\/p>\n<p><span class=\"text_exposed_show\">Foram distribu\u00eddos p\u00e9s-de moleque para simbolizar a \u201cmolecagem\u201d que o governo quer fazer com os trabalhadores, professores, servidores e estudantes.<\/span><\/p>\n<div class=\"text_exposed_show\">\n<p>\u00a0<\/p>\n<\/div>\n","protected":false},"excerpt":{"rendered":"<p>O Sindicato dos Banc\u00e1rios da Baixada Fluminense esteve na manh\u00e3 desta\u00a0quarta-feira (15), na Pra\u00e7a da Matriz, em S\u00e3o Jo\u00e3o de Meriti, recolhendo assinaturas contra a Reforma da Previd\u00eancia e que acaba com a aposentadoria do trabalhador, e tamb\u00e9m esteve junto com estudantes, servidores e professores do Instituto Federal Rio de Janeiro (IFRJ) S\u00e3o Jo\u00e3o de [&hellip;]<\/p>\n","protected":false},"author":2,"featured_media":6685,"comment_status":"","ping_status":"","sticky":false,"template":"","format":"standard","meta":{"footnotes":""},"categories":[3],"tags":[],"class_list":["post-6686","post","type-post","status-publish","format-standard","has-post-thumbnail","hentry","category-noticias"],"_links":{"self":[{"href":"https:\/\/hostnetart.com.br\/baixada\/wp-json\/wp\/v2\/posts\/6686","targetHints":{"allow":["GET"]}}],"collection":[{"href":"https:\/\/hostnetart.com.br\/baixada\/wp-json\/wp\/v2\/posts"}],"about":[{"href":"https:\/\/hostnetart.com.br\/baixada\/wp-json\/wp\/v2\/types\/post"}],"author":[{"embeddable":true,"href":"https:\/\/hostnetart.com.br\/baixada\/wp-json\/wp\/v2\/users\/2"}],"replies":[{"embeddable":true,"href":"https:\/\/hostnetart.com.br\/baixada\/wp-json\/wp\/v2\/comments?post=6686"}],"version-history":[{"count":0,"href":"https:\/\/hostnetart.com.br\/baixada\/wp-json\/wp\/v2\/posts\/6686\/revisions"}],"wp:featuredmedia":[{"embeddable":true,"href":"https:\/\/hostnetart.com.br\/baixada\/wp-json\/wp\/v2\/media\/6685"}],"wp:attachment":[{"href":"https:\/\/hostnetart.com.br\/baixada\/wp-json\/wp\/v2\/media?parent=6686"}],"wp:term":[{"taxonomy":"category","embeddable":true,"href":"https:\/\/hostnetart.com.br\/baixada\/wp-json\/wp\/v2\/categories?post=6686"},{"taxonomy":"post_tag","embeddable":true,"href":"https:\/\/hostnetart.com.br\/baixada\/wp-json\/wp\/v2\/tags?post=6686"}],"curies":[{"name":"wp","href":"https:\/\/api.w.org\/{rel}","templated":true}]}}