{"id":6680,"date":"2019-05-14T14:50:24","date_gmt":"2019-05-14T17:50:24","guid":{"rendered":"https:\/\/hostnetart.com.br\/baixada\/empregados-da-caixa-nao-confiam-na-palavra-do-presidente\/"},"modified":"2019-05-14T14:50:24","modified_gmt":"2019-05-14T17:50:24","slug":"empregados-da-caixa-nao-confiam-na-palavra-do-presidente","status":"publish","type":"post","link":"https:\/\/hostnetart.com.br\/baixada\/empregados-da-caixa-nao-confiam-na-palavra-do-presidente\/","title":{"rendered":"Empregados da Caixa n\u00e3o confiam na palavra do presidente"},"content":{"rendered":"<p>O povo brasileiro vive momentos de inseguran\u00e7a desde que o atual presidente da Caixa, Pedro Guimar\u00e3es, assumiu a dire\u00e7\u00e3o do banco. No s\u00e1bado (13), ele declarou ao jornal Estado de S. Paulo que \u201ca Caixa n\u00e3o ser\u00e1 privatizada na atual gest\u00e3o do presidente\u201d, contrapondo informa\u00e7\u00f5es publicadas nas redes sociais.<\/p>\n<p>Por\u00e9m, a afirma\u00e7\u00e3o foi feita um dia depois dele mesmo dizer que a institui\u00e7\u00e3o j\u00e1 enviou a bancos de investimentos as chamadas \u201cRFPs\u201d \u2013 pedidos de propostas, na sigla em ingl\u00eas. O que significa que Caixa deu in\u00edcio ao processo de escolha dos bancos de investimentos que v\u00e3o coordenar a oferta inicial de a\u00e7\u00f5es (IPO) de sua empresa de seguridade.<\/p>\n<p>Segundo o jornal Valor Econ\u00f4mico, a institui\u00e7\u00e3o vai receber em dez dias as propostas dos interessados em participar da opera\u00e7\u00e3o, prevista para o segundo semestre.<\/p>\n<p>\u201cN\u00e3o podemos confiar na palavra do presidente. Ele diz que n\u00e3o vai privatizar, um dia depois de anunciar o in\u00edcio do processo de IPO. Est\u00e1 claro que ele quer ludibriar os empregados, com afirma\u00e7\u00f5es mentirosas. N\u00f3s defendemos a Caixa 100% publica por completo, sem o fatiamento das diversas empresas que a comp\u00f5e\u201d, disse\u00a0<a href=\"https:\/\/contrafcut.com.br\/?s=takemoto\" target=\"_blank\" rel=\"noopener noreferrer\">S\u00e9rgio Takemoto<\/a>, secret\u00e1rio de Finan\u00e7as da Contraf-CUT e empregado da Caixa.<\/p>\n<p>\u201cQuando se fala em amplia\u00e7\u00e3o do controle social nas empresas p\u00fablicas \u00e9 preciso ter em mente a transpar\u00eancia e a democratiza\u00e7\u00e3o, n\u00e3o a venda do patrim\u00f4nio, que \u00e9 de todos os brasileiros\u201d, avaliou a coordenadora do\u00a0<a href=\"http:\/\/www.comiteempresaspublicas.com.br\/portal\/comite-empresas-publicas\/\" target=\"_blank\" rel=\"noopener noreferrer\">Comit\u00ea Nacional em Defesa das Empresas P\u00fablicas<\/a>\u00a0e conselheira do Conselho de Administra\u00e7\u00e3o da Caixa, Rita Serrano. \u201cVamos prosseguir mobilizados para tentar evitar essa e outras vendas\u201d, destaca a coordenadora do comit\u00ea.<\/p>\n<p><strong>Fonte: Contraf-CUT<\/strong><\/p>\n","protected":false},"excerpt":{"rendered":"<p>O povo brasileiro vive momentos de inseguran\u00e7a desde que o atual presidente da Caixa, Pedro Guimar\u00e3es, assumiu a dire\u00e7\u00e3o do banco. No s\u00e1bado (13), ele declarou ao jornal Estado de S. Paulo que \u201ca Caixa n\u00e3o ser\u00e1 privatizada na atual gest\u00e3o do presidente\u201d, contrapondo informa\u00e7\u00f5es publicadas nas redes sociais. Por\u00e9m, a afirma\u00e7\u00e3o foi feita um [&hellip;]<\/p>\n","protected":false},"author":2,"featured_media":6679,"comment_status":"","ping_status":"","sticky":false,"template":"","format":"standard","meta":{"footnotes":""},"categories":[3],"tags":[],"class_list":["post-6680","post","type-post","status-publish","format-standard","has-post-thumbnail","hentry","category-noticias"],"_links":{"self":[{"href":"https:\/\/hostnetart.com.br\/baixada\/wp-json\/wp\/v2\/posts\/6680","targetHints":{"allow":["GET"]}}],"collection":[{"href":"https:\/\/hostnetart.com.br\/baixada\/wp-json\/wp\/v2\/posts"}],"about":[{"href":"https:\/\/hostnetart.com.br\/baixada\/wp-json\/wp\/v2\/types\/post"}],"author":[{"embeddable":true,"href":"https:\/\/hostnetart.com.br\/baixada\/wp-json\/wp\/v2\/users\/2"}],"replies":[{"embeddable":true,"href":"https:\/\/hostnetart.com.br\/baixada\/wp-json\/wp\/v2\/comments?post=6680"}],"version-history":[{"count":0,"href":"https:\/\/hostnetart.com.br\/baixada\/wp-json\/wp\/v2\/posts\/6680\/revisions"}],"wp:featuredmedia":[{"embeddable":true,"href":"https:\/\/hostnetart.com.br\/baixada\/wp-json\/wp\/v2\/media\/6679"}],"wp:attachment":[{"href":"https:\/\/hostnetart.com.br\/baixada\/wp-json\/wp\/v2\/media?parent=6680"}],"wp:term":[{"taxonomy":"category","embeddable":true,"href":"https:\/\/hostnetart.com.br\/baixada\/wp-json\/wp\/v2\/categories?post=6680"},{"taxonomy":"post_tag","embeddable":true,"href":"https:\/\/hostnetart.com.br\/baixada\/wp-json\/wp\/v2\/tags?post=6680"}],"curies":[{"name":"wp","href":"https:\/\/api.w.org\/{rel}","templated":true}]}}