{"id":6678,"date":"2019-05-14T14:49:15","date_gmt":"2019-05-14T17:49:15","guid":{"rendered":"https:\/\/hostnetart.com.br\/baixada\/contraf-cut-apoia-greve-dos-trabalhadores-da-educacao\/"},"modified":"2019-05-14T14:49:15","modified_gmt":"2019-05-14T17:49:15","slug":"contraf-cut-apoia-greve-dos-trabalhadores-da-educacao","status":"publish","type":"post","link":"https:\/\/hostnetart.com.br\/baixada\/contraf-cut-apoia-greve-dos-trabalhadores-da-educacao\/","title":{"rendered":"Contraf-CUT apoia greve dos trabalhadores da Educa\u00e7\u00e3o"},"content":{"rendered":"<p>A Confedera\u00e7\u00e3o Nacional dos Trabalhadores do Ramo Financeiro (Contraf-CUT) apoia a\u00a0<a href=\"https:\/\/www.cut.org.br\/noticias\/trabalhadores-da-educacao-vao-parar-no-dia-15-contra-reforma-e-cortes-de-verbas-9625\" target=\"_blank\" rel=\"noopener noreferrer\">greve dos trabalhadores da Educa\u00e7\u00e3o<\/a>, que ir\u00e1 acontecer nesta quarta-feira (15). A paralisa\u00e7\u00e3o \u00e9 contra o corte de verbas para a educa\u00e7\u00e3o, anunciado pelo Ministro da Educa\u00e7\u00e3o, Abraham Weintraub, no dia 30 de abril, e contra a proposta desumana de Reforma da Previd\u00eancia.<br \/>O an\u00fancio de corte de verbas, feito pelo Governo Federal, determinou o bloqueio de 30% da verba destinada \u00e0s universidades e institutos federais. A medida coloca em risco servi\u00e7os b\u00e1sicos e impede a realiza\u00e7\u00e3o de pesquisas, projetos e servi\u00e7os acad\u00eamicos. \u00a0<br \/>Os impactos da decis\u00e3o j\u00e1 podem ser sentidos. De acordo com dados levantados pela Consultoria de Or\u00e7amento da C\u00e2mara dos Deputados, o corte de investimentos compromete R$2,1 bilh\u00f5es das universidades, R$ 860,4 milh\u00f5es dos Institutos Federais e R$914 milh\u00f5es da educa\u00e7\u00e3o b\u00e1sica.\u00a0<br \/>A Universidade Federal do Rio de Janeiro (UFRJ) identificou na quinta-feira (2) que o Governo Federal bloqueou 41% das verbas destinadas \u00e0 manuten\u00e7\u00e3o da institui\u00e7\u00e3o. Ou seja, um corte de R$114 milh\u00f5es, que impedir\u00e1 servi\u00e7os como abastecimento de \u00e1gua, energia el\u00e9trica, limpeza e seguran\u00e7a.\u00a0<br \/>De acordo com a nota publicada pela UFRJ, o bloqueio dos investimentos impede o desenvolvimento de obras e a compra de equipamentos utilizados em instala\u00e7\u00f5es como laborat\u00f3rios e hospitais.\u00a0<br \/>Dentre as quatro justificativas diferentes, apresentadas pelo ministro da Educa\u00e7\u00e3o, sobre a necessidade do corte dos investimentos, at\u00e9 hoje, nenhuma foi plaus\u00edvel. O ex-ministro da Educa\u00e7\u00e3o e professor universit\u00e1rio, Ricardo Janine Ribeiro, afirma que a decis\u00e3o \u00e9 ideol\u00f3gica. \u201cEssas mudan\u00e7as de justificativa mostram que a decis\u00e3o \u00e9 ideol\u00f3gica porque n\u00e3o t\u00eam base real, dados nem projetos. \u201cN\u00e3o consigo ver l\u00f3gica nisso. Parece que est\u00e3o sem saber o que fazer com a educa\u00e7\u00e3o. Estes discursos v\u00eam da base de Olavo de Carvalho e s\u00e3o contr\u00e1rios a \u00e1rea de educa\u00e7\u00e3o porque eles consideram a liberdade pessoal e de costumes como imoral, e culpam a educa\u00e7\u00e3o por ela\u201d, afirmou o professor.<\/p>\n<h3><strong>Greve Geral<\/strong><\/h3>\n<p>A\u00a0<a href=\"https:\/\/contrafcut.com.br\/noticias\/centrais-sindicais-voltam-a-se-reunir-em-esquenta-para-a-greve-geral\/\">paralisa\u00e7\u00e3o \u00e9 um \u201cesquenta\u201d para a greve geral,<\/a>\u00a0que ser\u00e1 realizada pela CUT e demais centrais sindicais (For\u00e7a, UGT, CTB, CGTB, Intersindical, CSP-Conlutas, Nova Central), no dia 14 de junho, em todo o pa\u00eds. Para o presidente da Confedera\u00e7\u00e3o Nacional dos Trabalhadores da Educa\u00e7\u00e3o (CNTE), Heleno Ara\u00fajo, a ades\u00e3o \u00e0 greve geral cresceu ainda mais depois do an\u00fancio do governo. \u201cO corte de investimentos na educa\u00e7\u00e3o atraiu o apoio de pais, m\u00e3es e alunos preocupados com os rumos do ensino p\u00fablico no Brasil\u201d, disse.\u00a0<br \/>Na data, ser\u00e3o realizadas assembleias, atos, mobiliza\u00e7\u00f5es, panfletagens nas pra\u00e7as, nos locais de trabalho, nas ruas da cidade, com objetivo de explicar como\u00a0a reforma da Previd\u00eancia do governo de Jair Bolsonaro impactar\u00e1 na vida da classe trabalhadora.<\/p>\n<p><strong>Fonte: Contraf-CUT<\/strong><\/p>\n","protected":false},"excerpt":{"rendered":"<p>A Confedera\u00e7\u00e3o Nacional dos Trabalhadores do Ramo Financeiro (Contraf-CUT) apoia a\u00a0greve dos trabalhadores da Educa\u00e7\u00e3o, que ir\u00e1 acontecer nesta quarta-feira (15). A paralisa\u00e7\u00e3o \u00e9 contra o corte de verbas para a educa\u00e7\u00e3o, anunciado pelo Ministro da Educa\u00e7\u00e3o, Abraham Weintraub, no dia 30 de abril, e contra a proposta desumana de Reforma da Previd\u00eancia.O an\u00fancio de [&hellip;]<\/p>\n","protected":false},"author":2,"featured_media":6677,"comment_status":"","ping_status":"","sticky":false,"template":"","format":"standard","meta":{"footnotes":""},"categories":[3],"tags":[],"class_list":["post-6678","post","type-post","status-publish","format-standard","has-post-thumbnail","hentry","category-noticias"],"_links":{"self":[{"href":"https:\/\/hostnetart.com.br\/baixada\/wp-json\/wp\/v2\/posts\/6678","targetHints":{"allow":["GET"]}}],"collection":[{"href":"https:\/\/hostnetart.com.br\/baixada\/wp-json\/wp\/v2\/posts"}],"about":[{"href":"https:\/\/hostnetart.com.br\/baixada\/wp-json\/wp\/v2\/types\/post"}],"author":[{"embeddable":true,"href":"https:\/\/hostnetart.com.br\/baixada\/wp-json\/wp\/v2\/users\/2"}],"replies":[{"embeddable":true,"href":"https:\/\/hostnetart.com.br\/baixada\/wp-json\/wp\/v2\/comments?post=6678"}],"version-history":[{"count":0,"href":"https:\/\/hostnetart.com.br\/baixada\/wp-json\/wp\/v2\/posts\/6678\/revisions"}],"wp:featuredmedia":[{"embeddable":true,"href":"https:\/\/hostnetart.com.br\/baixada\/wp-json\/wp\/v2\/media\/6677"}],"wp:attachment":[{"href":"https:\/\/hostnetart.com.br\/baixada\/wp-json\/wp\/v2\/media?parent=6678"}],"wp:term":[{"taxonomy":"category","embeddable":true,"href":"https:\/\/hostnetart.com.br\/baixada\/wp-json\/wp\/v2\/categories?post=6678"},{"taxonomy":"post_tag","embeddable":true,"href":"https:\/\/hostnetart.com.br\/baixada\/wp-json\/wp\/v2\/tags?post=6678"}],"curies":[{"name":"wp","href":"https:\/\/api.w.org\/{rel}","templated":true}]}}