{"id":6676,"date":"2019-05-14T14:47:13","date_gmt":"2019-05-14T17:47:13","guid":{"rendered":"https:\/\/hostnetart.com.br\/baixada\/abertura-do-santander-aos-sabados-fracassa-mais-uma-vez\/"},"modified":"2019-05-14T14:47:13","modified_gmt":"2019-05-14T17:47:13","slug":"abertura-do-santander-aos-sabados-fracassa-mais-uma-vez","status":"publish","type":"post","link":"https:\/\/hostnetart.com.br\/baixada\/abertura-do-santander-aos-sabados-fracassa-mais-uma-vez\/","title":{"rendered":"Abertura do Santander aos s\u00e1bados fracassa mais uma vez"},"content":{"rendered":"<p>A\u00a0<a href=\"http:\/\/www.planalto.gov.br\/ccivil_03\/leis\/L4178.htm\" target=\"_blank\" rel=\"noopener noreferrer\">legisla\u00e7\u00e3o brasileira<\/a>\u00a0n\u00e3o permite a abertura de unidades banc\u00e1rias aos s\u00e1bados, mas, pelo segundo s\u00e1bado consecutivo, o banco Santander tentou abrir 29 ag\u00eancias em todo o pa\u00eds para dar \u201corienta\u00e7\u00e3o financeira\u201d aos seus clientes. O servi\u00e7o de orienta\u00e7\u00e3o seria dado por funcion\u00e1rios do pr\u00f3prio banco, que foram trabalhar de maneira \u201cvolunt\u00e1ria\u201d. Dirigentes sindicais estiveram nas ag\u00eancias para conversar com seus colegas de trabalho. A maioria das ag\u00eancias das bases das federa\u00e7\u00f5es associadas \u00e0 Contraf-CUT permaneceu fechada.<\/p>\n<p>\u201cApoiamos o trabalho social volunt\u00e1rio, mas nunca vimos trabalho volunt\u00e1rio para o pr\u00f3prio empregador. O banco tem no Brasil sua principal fonte de lucro. Precisa reconhecer o trabalho realizado pelos seus funcion\u00e1rios e remuner\u00e1-los adequadamente\u201d, disse o secret\u00e1rio de Assuntos Socioecon\u00f4micos da Confedera\u00e7\u00e3o Nacional dos Trabalhadores do Ramo Financeiro (Contraf-CUT), Mario Raia. \u201cAl\u00e9m disso, n\u00e3o pega bem um banco querer dar orienta\u00e7\u00e3o sobre o que for e desrespeitar a lei. Como uma institui\u00e7\u00e3o que desrespeita a lei pode dar orienta\u00e7\u00e3o a algu\u00e9m?\u201d, questionou.<\/p>\n<p>O Santander divulgou no dia 30 de abril o\u00a0<a href=\"https:\/\/contrafcut.com.br\/noticias\/santander-lucra-r3485-bilhoes-no-1o-trimestre-de-2019\/\" target=\"_blank\" rel=\"noopener noreferrer\">balan\u00e7o do primeiro trimestre<\/a>\u00a0de 2019. Os n\u00fameros mostram que o banco obt\u00e9m 29% de seu lucro mundial no Brasil. O pa\u00eds \u00e9 que proporciona maior ganho para o banco.<\/p>\n<p>\u201cVamos continuar com as mobiliza\u00e7\u00f5es at\u00e9 que o banco respeite a Lei e desista de abrir ag\u00eancias aos s\u00e1bados\u201d, informou o dirigente da Contraf-CUT.<\/p>\n<h3><strong>Raposa no galinheiro<\/strong><\/h3>\n<p>Para as entidades sindicais, o banco n\u00e3o \u00e9 o mais indicado a dar \u201corienta\u00e7\u00e3o financeira\u201d aos brasileiros.<\/p>\n<p>\u201cNo ano passado, uma\u00a0<a href=\"https:\/\/www.conversaafiada.com.br\/economia\/jb-denuncia-a-agiotagem-legalizada\" target=\"_blank\" rel=\"noopener noreferrer\">reportagem do Jornal do Brasil<\/a>\u00a0mostrou que o Santander cobra at\u00e9 1.761% a mais dos brasileiros pelos mesmos servi\u00e7os realizados aos espanh\u00f3is. \u00c9 como colocar a raposa para cuidar do galinheiro\u201d, observou o dirigente da Contraf-CUT. \u201cTodo mundo sabe disso. E, talvez justamente por isso, pouqu\u00edssimas pessoas foram \u00e0s agencias para receber a tal orienta\u00e7\u00e3o\u201d.<\/p>\n<p>A reportagem citada pelo dirigente da Contraf-CUT mostrou que, em empr\u00e9stimos, o banco espanhol cobra\u00a0<a href=\"https:\/\/contrafcut.com.br\/noticias\/santander-explora-brasileiros-1e4b\/\" target=\"_blank\" rel=\"noopener noreferrer\">at\u00e9 20 vezes a mais<\/a>\u00a0de seus clientes brasileiros do que dos espanh\u00f3is. Mostrou tamb\u00e9m que o banco n\u00e3o pode usar a costumeira justificativa de que a taxa no Brasil \u00e9 alta por causa da inadimpl\u00eancia. Na \u00e9poca, a taxa de inadimpl\u00eancia na Espanha era maior do que a verificada no Brasil (4,7% l\u00e1, 4,5% aqui).<\/p>\n<p>\u201cN\u00e3o \u00e9 \u00e0 toa que o Brasil \u00e9 o pa\u00eds no qual o Santander mais lucra. Coitados dos brasileiros\u201d, observou Mario.<\/p>\n<p><strong>Fonte: Contraf-CUT<\/strong><\/p>\n","protected":false},"excerpt":{"rendered":"<p>A\u00a0legisla\u00e7\u00e3o brasileira\u00a0n\u00e3o permite a abertura de unidades banc\u00e1rias aos s\u00e1bados, mas, pelo segundo s\u00e1bado consecutivo, o banco Santander tentou abrir 29 ag\u00eancias em todo o pa\u00eds para dar \u201corienta\u00e7\u00e3o financeira\u201d aos seus clientes. O servi\u00e7o de orienta\u00e7\u00e3o seria dado por funcion\u00e1rios do pr\u00f3prio banco, que foram trabalhar de maneira \u201cvolunt\u00e1ria\u201d. Dirigentes sindicais estiveram nas ag\u00eancias [&hellip;]<\/p>\n","protected":false},"author":2,"featured_media":6675,"comment_status":"","ping_status":"","sticky":false,"template":"","format":"standard","meta":{"footnotes":""},"categories":[3],"tags":[],"class_list":["post-6676","post","type-post","status-publish","format-standard","has-post-thumbnail","hentry","category-noticias"],"_links":{"self":[{"href":"https:\/\/hostnetart.com.br\/baixada\/wp-json\/wp\/v2\/posts\/6676","targetHints":{"allow":["GET"]}}],"collection":[{"href":"https:\/\/hostnetart.com.br\/baixada\/wp-json\/wp\/v2\/posts"}],"about":[{"href":"https:\/\/hostnetart.com.br\/baixada\/wp-json\/wp\/v2\/types\/post"}],"author":[{"embeddable":true,"href":"https:\/\/hostnetart.com.br\/baixada\/wp-json\/wp\/v2\/users\/2"}],"replies":[{"embeddable":true,"href":"https:\/\/hostnetart.com.br\/baixada\/wp-json\/wp\/v2\/comments?post=6676"}],"version-history":[{"count":0,"href":"https:\/\/hostnetart.com.br\/baixada\/wp-json\/wp\/v2\/posts\/6676\/revisions"}],"wp:featuredmedia":[{"embeddable":true,"href":"https:\/\/hostnetart.com.br\/baixada\/wp-json\/wp\/v2\/media\/6675"}],"wp:attachment":[{"href":"https:\/\/hostnetart.com.br\/baixada\/wp-json\/wp\/v2\/media?parent=6676"}],"wp:term":[{"taxonomy":"category","embeddable":true,"href":"https:\/\/hostnetart.com.br\/baixada\/wp-json\/wp\/v2\/categories?post=6676"},{"taxonomy":"post_tag","embeddable":true,"href":"https:\/\/hostnetart.com.br\/baixada\/wp-json\/wp\/v2\/tags?post=6676"}],"curies":[{"name":"wp","href":"https:\/\/api.w.org\/{rel}","templated":true}]}}