{"id":6674,"date":"2019-05-14T14:46:10","date_gmt":"2019-05-14T17:46:10","guid":{"rendered":"https:\/\/hostnetart.com.br\/baixada\/mais-de-40-manifestacoes-programadas-para-15-de-maio-confira-a-agenda\/"},"modified":"2019-05-14T14:46:10","modified_gmt":"2019-05-14T17:46:10","slug":"mais-de-40-manifestacoes-programadas-para-15-de-maio-confira-a-agenda","status":"publish","type":"post","link":"https:\/\/hostnetart.com.br\/baixada\/mais-de-40-manifestacoes-programadas-para-15-de-maio-confira-a-agenda\/","title":{"rendered":"Mais de 40 manifesta\u00e7\u00f5es programadas para 15 de maio. Confira a agenda"},"content":{"rendered":"<p>Estudantes e professores v\u00e3o cruzar os bra\u00e7os e ir \u00e0s ruas nesta quarta-feira (15), em todo o Brasil, no\u00a0<strong>Dia Nacional de Greve na Educa\u00e7\u00e3o<\/strong>\u00a0contra o\u00a0<strong>corte de verbas\u00a0<\/strong>nas\u00a0universidades e institutos federais.\u00a0<\/p>\n<p>Secundaristas, universit\u00e1rios, p\u00f3s-graduandos, professores e\u00a0<a class=\"internal-link\" title=\"\" href=\"https:\/\/www.redebrasilatual.com.br\/educacao\/2019\/05\/trabalhadores-aderem-a-greve-de-estudantes-e-professores-contra-cortes-na-educacao\" target=\"_blank\" rel=\"noopener noreferrer\">trabalhadores da Educa\u00e7\u00e3o<\/a>\u00a0estar\u00e3o juntos na mobiliza\u00e7\u00e3o nacional.\u00a0Segundo a presidenta da Uni\u00e3o Nacional dos Estudantes (UNE), Marianna Dias, a expectativa \u00e9 de que\u00a0a sociedade como um todo\u00a0<a class=\"internal-link\" title=\"\" href=\"https:\/\/www.redebrasilatual.com.br\/educacao\/2019\/05\/estudantes-e-professores-conclamam-sociedade-a-entrar-na-luta-em-defesa-da-educacao\" target=\"_blank\" rel=\"noopener noreferrer\">apoie e participe dos atos<\/a>.<\/p>\n<p>&#8220;Temos expectativa muito positiva porque a gente acha que Bolsonaro precisa entender que n\u00e3o \u00e9 simples ignorar o clamor das ruas\u201d, diz. &#8220;Ele vai provar o gosto da\u00a0<a class=\"internal-link\" title=\"\" href=\"https:\/\/www.redebrasilatual.com.br\/politica\/2019\/05\/une-no-dia-nacional-de-paralisacao-educacao-bolsonaro-vai-provar-o-gosto\" target=\"_blank\" rel=\"noopener noreferrer\">press\u00e3o popular nessa quarta-feira<\/a>&#8220;, acrescentou ela.<\/p>\n<p>Em S\u00e3o Paulo, a manifesta\u00e7\u00e3o ser\u00e1 realizada no v\u00e3o livre do Museu de Artes de S\u00e3o Paulo (Masp), na Avenida Paulista, a partir das 14h. Todas as entidades estudantis estar\u00e3o presentes. J\u00e1 no\u00a0<a class=\"internal-link\" title=\"\" href=\"https:\/\/www.redebrasilatual.com.br\/educacao\/2019\/05\/estudantes-da-ufrj-se-mobilizam-contra-cortes-de-recursos-na-educacao\" target=\"_blank\" rel=\"noopener noreferrer\">Rio de Janeiro<\/a>, os manifestantes realizar\u00e3o uma caminhada no centro da capital, da Candel\u00e1ria at\u00e9 a Central, a partir das 15h.<\/p>\n<p>O setor da educa\u00e7\u00e3o universit\u00e1ria vai parar no Brasil inteiro. At\u00e9 agora j\u00e1 s\u00e3o mais de 70 universidades que confirmaram a ades\u00e3o \u00e0 greve e aos atos que ocorrer\u00e3o em todas as capitais.<\/p>\n<p>Segundo o presidente da Confedera\u00e7\u00e3o Nacional dos Trabalhadores em Educa\u00e7\u00e3o (CNTE),\u00a0<a class=\"external-link\" title=\"\" href=\"https:\/\/www.cut.org.br\/noticias\/15-de-maio-confira-onde-serao-os-atos-e-paralisacoes-em-todo-o-brasil-5e6d\" target=\"_blank\" rel=\"noopener noreferrer\">Heleno Ara\u00fajo<\/a>, o corte de recursos da \u00e1rea &#8220;colocou lenha na fogueira&#8221; e ajudou a ampliar a ades\u00e3o. &#8220;Somente juntos vamos fortalecer essa luta pelo direito social e humano a uma educa\u00e7\u00e3o p\u00fablica e de qualidade da creche \u00e0 p\u00f3s gradua\u00e7\u00e3o&#8221;, disse.<\/p>\n<h3>Confira a agenda completa de mobiliza\u00e7\u00f5es:<\/h3>\n<p class=\" \"><strong>SUL<\/strong><\/p>\n<p class=\" \"><strong>Rio Grande do Sul<br \/><\/strong>&#8211; Porto Alegre: Faculdade de Educa\u00e7\u00e3o (Faced) da Universidade Federal do Rio Grande do Sul (UFRGS), \u00e0s 18h.\u00a0<br \/>&#8211; Caxias do Sul: Pra\u00e7a Dante Alighieri, no centro, \u00e0s 17h30<br \/>&#8211; Viam\u00e3o: centro de Viam\u00e3o, \u00e0s 16h<\/p>\n<p><strong>Santa Catarina<br \/><\/strong>&#8211; Florian\u00f3polis: Pra\u00e7a Central, \u00e0s 15h<br \/>&#8211; Chapec\u00f3: Pra\u00e7a Coronel Bertaso, no centro, \u00e0s 9h30<\/p>\n<p><strong>Paran\u00e1<\/strong><br \/>&#8211; Curitiba: Pra\u00e7a Santos Andrade, centro, \u00e0s 9h, com caminhada a partir das 10h at\u00e9 o Centro C\u00edvico.\u00a0<\/p>\n<p>\u00c0s 11h30, haver\u00e1 ato em frente a prefeitura e, \u00e0s 12h30, uma reuni\u00e3o com a bancada da Educa\u00e7\u00e3o na Assembleia Legislativa.<\/p>\n<p><strong>SUDESTE<\/strong><\/p>\n<p><b>S\u00e3o Paulo<\/b><br \/>&#8211; S\u00e3o Paulo: Masp, na Avenida Paulista, \u00e0s 14h\u00a0<br \/>&#8211; Sorocaba: Pra\u00e7a Coronel Fernando Prestes, centro, \u00e0s 9h\u00a0<br \/>&#8211; S\u00e3o Carlos: Pra\u00e7a Coronel Salles, \u00e0s 9h\u00a0<br \/>&#8211; Campinas: Largo do Ros\u00e1rio, \u00e0s 10h30<\/p>\n<p><strong>Minas Gerais<\/strong><br \/>&#8211; Belo Horizonte: Pra\u00e7a da Esta\u00e7\u00e3o, na Avenida dos Andradas, \u00e0s 15h.\u00a0Um pouco antes, \u00e0s 14h, haver\u00e1 um debate sobre a reforma da previd\u00eancia na Universidade Federal de Minas Gerais (UFMG).<\/p>\n<p><strong>Rio de Janeiro<\/strong><br \/>&#8211; Rio de Janeiro: Candel\u00e1ria, na Pra\u00e7a Pio X, \u00e0s 15h\u00a0<\/p>\n<p><strong>Esp\u00edrito Santo<br \/><\/strong>&#8211; Vit\u00f3ria: Universidade Federal do Esp\u00edrito Santo (Ufes), no campus Goiabeiras e Maru\u00edpe, \u00e0s 16h30.\u00a0\u00c0s 8h30 ter\u00e1 um ato unit\u00e1rio na Pra\u00e7a do Papa, tamb\u00e9m na capital.<\/p>\n<p><strong>CENTRO OESTE\u00a0<\/strong><\/p>\n<p><strong>Distrito Federal<\/strong><br \/>&#8211; Bras\u00edlia: Museu Nacional, \u00e0s 10h<\/p>\n<p><strong>Goi\u00e1s<br \/><\/strong>&#8211; Goi\u00e2nia: Pra\u00e7a Universit\u00e1ria, no Setor Leste, \u00e0s 14h. J\u00e1 por volta das\u00a015h, os trabalhadores da educa\u00e7\u00e3o em Goi\u00e2nia far\u00e3o ato p\u00fablico\u00a0na\u00a0Pra\u00e7a C\u00edvica.<\/p>\n<p><strong>Mato Grosso<br \/><\/strong>&#8211; Cuiab\u00e1: Pra\u00e7a Alencastro, \u00e0s 14h, com estudantes, professores e servidores da educa\u00e7\u00e3o.\u00a0<a href=\"https:\/\/www.facebook.com\/events\/1486295398174026\" target=\"_blank\" rel=\"noopener noreferrer\"><br \/><\/a><\/p>\n<p><strong>Mato Grosso do Sul<\/strong><br \/>&#8211; Campo Grande: Gramado do Pontilh\u00e3o, em frente a Universidade Federal do Mato Grosso do Sul, \u00e0s 9h.\u00a0<\/p>\n<p><strong>NORTE\u00a0<\/strong><\/p>\n<p><strong>Amap\u00e1<\/strong><br \/>&#8211; Macap\u00e1, Pra\u00e7a da Bandeira, 16h, com estudantes e trabalhadores da educa\u00e7\u00e3o.<\/p>\n<p><strong>Amazonas<\/strong><br \/>&#8211; Manaus: Entrada da Universidade Federal do Amazonas (Ufam), \u00e0s 7h e, na Pra\u00e7a do Congresso, \u00e0s 15h.<\/p>\n<p><strong>Par\u00e1<br \/><\/strong>&#8211; Bel\u00e9m: \u00e0s\u00a08h,\u00a0na Pra\u00e7a da Rep\u00fablica,\u00a0haver\u00e1 um ato p\u00fablico da categoria. Mais tarde, na\u00a0Pra\u00e7a Dom Pedro II, \u00e0s 11h, os estudantes realizar\u00e3o sua manifesta\u00e7\u00e3o.<\/p>\n<p><strong>Tocantins<br \/><\/strong>&#8211; Palmas: Pra\u00e7a dos Girass\u00f3is, na\u00a0Av. Joaquim Teot\u00f4nio Segurado,\u00a0\u00e0s 9h.\u00a0No mesmo hor\u00e1rio, trabalhadores realizar\u00e3o um ato na\u00a0C\u00e2mara Municipal.<\/p>\n<p><strong>Acre<br \/><\/strong>&#8211; Rio Branco: Ato na Universidade Federal do Acre (Ufac), \u00e0s 7h. J\u00e1 \u00e0s 8h ter\u00e1 um ato p\u00fablico, organizado pelos trabalhadores da educa\u00e7\u00e3o, em frente\u00a0ao Pal\u00e1cio Rio Branco.<\/p>\n<p><strong>NORDESTE\u00a0<\/strong><\/p>\n<p><strong>Maranh\u00e3o<\/strong><br \/>&#8211; S\u00e3o Luis: Ato de estudantes na viv\u00eancia da Universidade Federal do Maranh\u00e3o (UFMA), \u00e0s 11h30. Mais tarde, \u00e0s 15h, na Pra\u00e7a Deodoro, os trabalhadores da educa\u00e7\u00e3o far\u00e3o greve e participar do ato unificado.<\/p>\n<p><strong>Piau\u00ed<\/strong><br \/>&#8211; Teresina: em frente ao Instituto Nacional do Seguro Social (INSS), \u00e0s 8h, com trabalhadores em educa\u00e7\u00e3o b\u00e1sica e entidades estudantis.\u00a0<\/p>\n<p><strong>Alagoas<\/strong><br \/>&#8211; Macei\u00f3: Centro Educacional de Pesquisa Aplicada (Cepa), na\u00a0Avenida Fernandes Lima, \u00e0s 9h.<\/p>\n<p><strong>Para\u00edba<\/strong><br \/>&#8211; Jo\u00e3o Pessoa:\u00a0Lyceu Paraibano, na Avenida Presidente Get\u00falio Vargas, \u00e0s 9h. Um ato p\u00fablico tamb\u00e9m ser\u00e1 feito, \u00e0s 14h, na Assembleia Legislativa.\u00a0<\/p>\n<p><strong>Sergipe<\/strong><br \/>&#8211; Aracaju:\u00a08h30, ser\u00e1 feito um ato em frente a C\u00e2mara Municipal de Aracaju.\u00a0\u00c0s 14h, uma mobiliza\u00e7\u00e3o unificada entre sindicatos e movimentos sociais, na Pra\u00e7a General Valad\u00e3o, regi\u00e3o central.<\/p>\n<p><strong>Cear\u00e1<\/strong><br \/>&#8211; Fortaleza: Pra\u00e7a da Bandeira, \u00e0s 8h. Ser\u00e1 feita\u00a0uma caminhada at\u00e9 a reitoria da Universidade Federal do Cear\u00e1 (UFC), onde ter\u00e1 um grande ato unificado, com estudantes e trabalhadores.\u00a0<\/p>\n<p><strong>Pernambuco<\/strong><br \/>&#8211; Recife: Ato no Gin\u00e1sio Pernambucana da Aurora, \u00e0s 15h, que sair\u00e1 em\u00a0caminhada at\u00e9 a Pra\u00e7a do Carmo.<\/p>\n<p><strong>Rio Grande do Norte<br \/><\/strong>&#8211; Natal: \u00e0s 15h, os trabalhadores junto com as universidade estar\u00e3o nas ruas participando do ato unificado em frente ao Midway Mal, na\u00a0Avenida Bernardo Vieira.<\/p>\n<p><strong>Bahia<br \/><\/strong>&#8211; Salvador: Ato em Campo Grande, \u00e0s 9h.\u00a0\u00c0s 08h30 ter\u00e1 um ato unificado ao lado da prefeitura da capital, com a participa\u00e7\u00e3o de professores e professoras da rede p\u00fablica de municipal de Cama\u00e7ari<\/p>\n<p>\u00a0<\/p>\n<p><span style=\"text-decoration: underline;\"><strong>Fonte: Rede Brasil Atual<\/strong><\/span><\/p>\n","protected":false},"excerpt":{"rendered":"<p>Estudantes e professores v\u00e3o cruzar os bra\u00e7os e ir \u00e0s ruas nesta quarta-feira (15), em todo o Brasil, no\u00a0Dia Nacional de Greve na Educa\u00e7\u00e3o\u00a0contra o\u00a0corte de verbas\u00a0nas\u00a0universidades e institutos federais.\u00a0 Secundaristas, universit\u00e1rios, p\u00f3s-graduandos, professores e\u00a0trabalhadores da Educa\u00e7\u00e3o\u00a0estar\u00e3o juntos na mobiliza\u00e7\u00e3o nacional.\u00a0Segundo a presidenta da Uni\u00e3o Nacional dos Estudantes (UNE), Marianna Dias, a expectativa \u00e9 de [&hellip;]<\/p>\n","protected":false},"author":2,"featured_media":6673,"comment_status":"","ping_status":"","sticky":false,"template":"","format":"standard","meta":{"footnotes":""},"categories":[3],"tags":[],"class_list":["post-6674","post","type-post","status-publish","format-standard","has-post-thumbnail","hentry","category-noticias"],"_links":{"self":[{"href":"https:\/\/hostnetart.com.br\/baixada\/wp-json\/wp\/v2\/posts\/6674","targetHints":{"allow":["GET"]}}],"collection":[{"href":"https:\/\/hostnetart.com.br\/baixada\/wp-json\/wp\/v2\/posts"}],"about":[{"href":"https:\/\/hostnetart.com.br\/baixada\/wp-json\/wp\/v2\/types\/post"}],"author":[{"embeddable":true,"href":"https:\/\/hostnetart.com.br\/baixada\/wp-json\/wp\/v2\/users\/2"}],"replies":[{"embeddable":true,"href":"https:\/\/hostnetart.com.br\/baixada\/wp-json\/wp\/v2\/comments?post=6674"}],"version-history":[{"count":0,"href":"https:\/\/hostnetart.com.br\/baixada\/wp-json\/wp\/v2\/posts\/6674\/revisions"}],"wp:featuredmedia":[{"embeddable":true,"href":"https:\/\/hostnetart.com.br\/baixada\/wp-json\/wp\/v2\/media\/6673"}],"wp:attachment":[{"href":"https:\/\/hostnetart.com.br\/baixada\/wp-json\/wp\/v2\/media?parent=6674"}],"wp:term":[{"taxonomy":"category","embeddable":true,"href":"https:\/\/hostnetart.com.br\/baixada\/wp-json\/wp\/v2\/categories?post=6674"},{"taxonomy":"post_tag","embeddable":true,"href":"https:\/\/hostnetart.com.br\/baixada\/wp-json\/wp\/v2\/tags?post=6674"}],"curies":[{"name":"wp","href":"https:\/\/api.w.org\/{rel}","templated":true}]}}