{"id":6666,"date":"2019-05-13T20:05:05","date_gmt":"2019-05-13T23:05:05","guid":{"rendered":"https:\/\/hostnetart.com.br\/baixada\/bancarios-do-santander-vao-protestar-contra-problemas-no-va-e-vr\/"},"modified":"2019-05-13T20:05:05","modified_gmt":"2019-05-13T23:05:05","slug":"bancarios-do-santander-vao-protestar-contra-problemas-no-va-e-vr","status":"publish","type":"post","link":"https:\/\/hostnetart.com.br\/baixada\/bancarios-do-santander-vao-protestar-contra-problemas-no-va-e-vr\/","title":{"rendered":"Banc\u00e1rios do Santander v\u00e3o protestar contra problemas no VA e VR"},"content":{"rendered":"<div class=\"elementor-element elementor-element-194680ec elementor-widget elementor-widget-theme-post-content\" data-id=\"194680ec\" data-element_type=\"widget\" data-widget_type=\"theme-post-content.default\">\n<div class=\"elementor-widget-container\">\n<p>Os banc\u00e1rios do Santander realizar\u00e3o, nesta ter\u00e7a-feira (14), um Dia Nacional de Luta para protestar contra a persist\u00eancia das <a href=\"https:\/\/contrafcut.com.br\/noticias\/bancarios-do-santander-nao-conseguem-usar-va-e-vr-apos-mudanca-de-bandeira\/\" target=\"_blank\" rel=\"noopener noreferrer\">dificuldades para utiliza\u00e7\u00e3o dos vales alimenta\u00e7\u00e3o e refei\u00e7\u00e3o<\/a>. O banco alterou a bandeira do VA e VR, que passou a ser a <a href=\"https:\/\/www.benvisavale.com.br\/\" target=\"_blank\" rel=\"noopener noreferrer\">Ben Visa Vale<\/a>, uma marca pr\u00f3pria do banco, mesmo ap\u00f3s o movimento sindical alertar sobre os poss\u00edveis problemas.<\/p>\n<p>\u201cAlertamos o banco antes da mudan\u00e7a e, depois da mudan\u00e7a j\u00e1 pedimos diversas vezes que os problemas sejam solucionados, mas n\u00e3o vemos nenhuma a\u00e7\u00e3o que leve a uma solu\u00e7\u00e3o concreta. N\u00e3o \u00e9 justo que os funcion\u00e1rios sejam prejudicados por um problema de gest\u00e3o de um produto do banco\u201d, criticou o secret\u00e1rio de Assuntos Socioecon\u00f4micos e representante da Contraf-CUT na mesa de negocia\u00e7\u00f5es com o banco, Mario Raia.<\/p>\n<p>Segundo o dirigente da Contraf-CUT, os banc\u00e1rios est\u00e3o tendo que usar recursos pr\u00f3prios para as refei\u00e7\u00f5es di\u00e1rias e para as compras em supermercados. \u201cIsso viola um direito que \u00e9 garantido no acordo coletivo\u201d, completou, referindo-se \u00e0s cl\u00e1usulas 14 e 15 da <a href=\"https:\/\/contrafcut.com.br\/wp-content\/uploads\/anexos\/convenios\/2b2f727bc33ea8bfb0c4ea349ed3bbea\/file\/cct-geral.PDF\" target=\"_blank\" rel=\"noopener noreferrer\">Conven\u00e7\u00e3o Coletiva de Trabalho (CCT) da categoria<\/a>. De acordo com a CCT, os bancos devem fornecer o VA e o VR ser\u00e3o concedidos de forma antecipada e mensalmente at\u00e9 o dia \u00faltimo dia do m\u00eas anterior ao benef\u00edcio.<\/p>\n<p>Em <a href=\"https:\/\/contrafcut.com.br\/oficio-santander-ben-visa-vale\/\" target=\"_blank\" rel=\"noopener noreferrer\">of\u00edcio enviado ao banco<\/a>, a Contraf-CUT, sindicatos e federa\u00e7\u00f5es elencaram, mais uma vez, os problemas que est\u00e3o ocorrendo e solicitaram a imediata resolu\u00e7\u00e3o, ou que os valores correspondentes ao VA e VR sejam creditados nas contas dos funcion\u00e1rios enquanto o banco n\u00e3o conseguir estabilizar a rede credenciada.<\/p>\n<h3><strong>Outros problemas<\/strong><\/h3>\n<p>Nas atividades do Dia Nacional de Luta, que ser\u00e3o realizados nesta ter\u00e7a-feira (14), tamb\u00e9m ser\u00e3o lembrados <a href=\"https:\/\/contrafcut.com.br\/noticias\/santander-trabalhadores-conseguem-poucos-avancos-em-reuniao-com-banco\/\" target=\"_blank\" rel=\"noopener noreferrer\">outros problemas<\/a> enfrentados pelos funcion\u00e1rios do Santander, como a desatualiza\u00e7\u00e3o do valor pago por quil\u00f4metro rodado nos deslocamentos que os trabalhadores precisam fazer para atender os clientes, a abertura de ag\u00eancias aos finais de semana e a retirada das portas de seguran\u00e7a das ag\u00eancias.<\/p>\n<p><strong> Fonte: Contraf-CUT<\/strong><\/p>\n<\/div>\n<\/div>\n","protected":false},"excerpt":{"rendered":"<p>Os banc\u00e1rios do Santander realizar\u00e3o, nesta ter\u00e7a-feira (14), um Dia Nacional de Luta para protestar contra a persist\u00eancia das dificuldades para utiliza\u00e7\u00e3o dos vales alimenta\u00e7\u00e3o e refei\u00e7\u00e3o. O banco alterou a bandeira do VA e VR, que passou a ser a Ben Visa Vale, uma marca pr\u00f3pria do banco, mesmo ap\u00f3s o movimento sindical alertar [&hellip;]<\/p>\n","protected":false},"author":2,"featured_media":6665,"comment_status":"","ping_status":"","sticky":false,"template":"","format":"standard","meta":{"footnotes":""},"categories":[3],"tags":[],"class_list":["post-6666","post","type-post","status-publish","format-standard","has-post-thumbnail","hentry","category-noticias"],"_links":{"self":[{"href":"https:\/\/hostnetart.com.br\/baixada\/wp-json\/wp\/v2\/posts\/6666","targetHints":{"allow":["GET"]}}],"collection":[{"href":"https:\/\/hostnetart.com.br\/baixada\/wp-json\/wp\/v2\/posts"}],"about":[{"href":"https:\/\/hostnetart.com.br\/baixada\/wp-json\/wp\/v2\/types\/post"}],"author":[{"embeddable":true,"href":"https:\/\/hostnetart.com.br\/baixada\/wp-json\/wp\/v2\/users\/2"}],"replies":[{"embeddable":true,"href":"https:\/\/hostnetart.com.br\/baixada\/wp-json\/wp\/v2\/comments?post=6666"}],"version-history":[{"count":0,"href":"https:\/\/hostnetart.com.br\/baixada\/wp-json\/wp\/v2\/posts\/6666\/revisions"}],"wp:featuredmedia":[{"embeddable":true,"href":"https:\/\/hostnetart.com.br\/baixada\/wp-json\/wp\/v2\/media\/6665"}],"wp:attachment":[{"href":"https:\/\/hostnetart.com.br\/baixada\/wp-json\/wp\/v2\/media?parent=6666"}],"wp:term":[{"taxonomy":"category","embeddable":true,"href":"https:\/\/hostnetart.com.br\/baixada\/wp-json\/wp\/v2\/categories?post=6666"},{"taxonomy":"post_tag","embeddable":true,"href":"https:\/\/hostnetart.com.br\/baixada\/wp-json\/wp\/v2\/tags?post=6666"}],"curies":[{"name":"wp","href":"https:\/\/api.w.org\/{rel}","templated":true}]}}