{"id":6664,"date":"2019-05-13T20:03:49","date_gmt":"2019-05-13T23:03:49","guid":{"rendered":"https:\/\/hostnetart.com.br\/baixada\/contraf-cut-participa-de-reuniao-da-alianca-latino-americana-em-defesa-dos-bancos-publicos\/"},"modified":"2019-05-13T20:03:49","modified_gmt":"2019-05-13T23:03:49","slug":"contraf-cut-participa-de-reuniao-da-alianca-latino-americana-em-defesa-dos-bancos-publicos","status":"publish","type":"post","link":"https:\/\/hostnetart.com.br\/baixada\/contraf-cut-participa-de-reuniao-da-alianca-latino-americana-em-defesa-dos-bancos-publicos\/","title":{"rendered":"Contraf-CUT participa de reuni\u00e3o da Alian\u00e7a Latino-Americana em Defesa dos Bancos P\u00fablicos"},"content":{"rendered":"<p>A Contraf-CUT participou, na quarta-feira (8), da reuni\u00e3o da <a href=\"https:\/\/contrafcut.com.br\/noticias\/contraf-cut-participa-de-reuniao-de-coordenacao-da-alianza-latino-americana-em-d-ddfa\/\" target=\"_blank\" rel=\"noopener noreferrer\">Alian\u00e7a Latino Americana em Defesa dos Bancos P\u00fablicos<\/a>, em Bras\u00edlia. O encontro analisou a conjuntura e a situa\u00e7\u00e3o de cada banco p\u00fablico, dos pa\u00edses da alian\u00e7a, perante ao risco das privatiza\u00e7\u00f5es, e planejou as a\u00e7\u00f5es para o pr\u00f3ximo per\u00edodo. <br \/>O secret\u00e1rio Geral da Contraf-CUT, Gustavo Tabatinga Jr, afirmou que o encontro \u00e9 de extrema import\u00e2ncia para a organiza\u00e7\u00e3o contra os ataques aos bancos p\u00fablicos. \u201c\u00c9 muito bom poder contar com a presen\u00e7a dos companheiros de toda Am\u00e9rica Latina, que se solidarizam com a nossa luta em defesa dos bancos p\u00fablicos e, tamb\u00e9m, poder escutar o quanto os bancos brasileiros s\u00e3o importantes para o fomento da din\u00e2mica econ\u00f4mica da regi\u00e3o latino-americana. A nossa organiza\u00e7\u00e3o procura apoio de v\u00e1rios pa\u00edses para que possamos enfrentar os ataques ao nosso patrim\u00f4nio\u201d, afirmou. <br \/>Para o diretor regional da Uni Am\u00e9ricas Finan\u00e7as, Gillermo Maffeo, o governo de direita do Brasil quer acabar com os direitos dos brasileiros. \u201cA direita est\u00e1 atacando os bancos p\u00fablicos com a tentativa de privatiza\u00e7\u00e3o. Isso \u00e9 um ataque contra o povo e contra os trabalhadores. Os bancos p\u00fablicos fazem pol\u00edticas sociais que os bancos privados n\u00e3o se interessam em fazer. N\u00f3s, os sindicatos e os trabalhadores, estamos unidos fazendo uma luta comum para enfrentar as pol\u00edticas neoliberais. \u201d, concluiu.<\/p>\n<p><strong>Fonte: Contraf-CUT<\/strong><\/p>\n","protected":false},"excerpt":{"rendered":"<p>A Contraf-CUT participou, na quarta-feira (8), da reuni\u00e3o da Alian\u00e7a Latino Americana em Defesa dos Bancos P\u00fablicos, em Bras\u00edlia. O encontro analisou a conjuntura e a situa\u00e7\u00e3o de cada banco p\u00fablico, dos pa\u00edses da alian\u00e7a, perante ao risco das privatiza\u00e7\u00f5es, e planejou as a\u00e7\u00f5es para o pr\u00f3ximo per\u00edodo. O secret\u00e1rio Geral da Contraf-CUT, Gustavo Tabatinga [&hellip;]<\/p>\n","protected":false},"author":2,"featured_media":6663,"comment_status":"","ping_status":"","sticky":false,"template":"","format":"standard","meta":{"footnotes":""},"categories":[3],"tags":[],"class_list":["post-6664","post","type-post","status-publish","format-standard","has-post-thumbnail","hentry","category-noticias"],"_links":{"self":[{"href":"https:\/\/hostnetart.com.br\/baixada\/wp-json\/wp\/v2\/posts\/6664","targetHints":{"allow":["GET"]}}],"collection":[{"href":"https:\/\/hostnetart.com.br\/baixada\/wp-json\/wp\/v2\/posts"}],"about":[{"href":"https:\/\/hostnetart.com.br\/baixada\/wp-json\/wp\/v2\/types\/post"}],"author":[{"embeddable":true,"href":"https:\/\/hostnetart.com.br\/baixada\/wp-json\/wp\/v2\/users\/2"}],"replies":[{"embeddable":true,"href":"https:\/\/hostnetart.com.br\/baixada\/wp-json\/wp\/v2\/comments?post=6664"}],"version-history":[{"count":0,"href":"https:\/\/hostnetart.com.br\/baixada\/wp-json\/wp\/v2\/posts\/6664\/revisions"}],"wp:featuredmedia":[{"embeddable":true,"href":"https:\/\/hostnetart.com.br\/baixada\/wp-json\/wp\/v2\/media\/6663"}],"wp:attachment":[{"href":"https:\/\/hostnetart.com.br\/baixada\/wp-json\/wp\/v2\/media?parent=6664"}],"wp:term":[{"taxonomy":"category","embeddable":true,"href":"https:\/\/hostnetart.com.br\/baixada\/wp-json\/wp\/v2\/categories?post=6664"},{"taxonomy":"post_tag","embeddable":true,"href":"https:\/\/hostnetart.com.br\/baixada\/wp-json\/wp\/v2\/tags?post=6664"}],"curies":[{"name":"wp","href":"https:\/\/api.w.org\/{rel}","templated":true}]}}