{"id":6658,"date":"2019-05-10T21:21:32","date_gmt":"2019-05-11T00:21:32","guid":{"rendered":"https:\/\/hostnetart.com.br\/baixada\/problemas-com-vr-e-va-do-santander-persistem\/"},"modified":"2019-05-10T21:21:32","modified_gmt":"2019-05-11T00:21:32","slug":"problemas-com-vr-e-va-do-santander-persistem","status":"publish","type":"post","link":"https:\/\/hostnetart.com.br\/baixada\/problemas-com-vr-e-va-do-santander-persistem\/","title":{"rendered":"Problemas com VR e VA do Santander persistem"},"content":{"rendered":"<p>As\u00a0<a href=\"https:\/\/contrafcut.com.br\/noticias\/bancarios-do-santander-nao-conseguem-usar-va-e-vr-apos-mudanca-de-bandeira\/\" target=\"_blank\" rel=\"noopener noreferrer\">dificuldades para utiliza\u00e7\u00e3o dos vales alimenta\u00e7\u00e3o e refei\u00e7\u00e3o<\/a>\u00a0persistem e est\u00e3o prejudicando os banc\u00e1rios do Santander. O banco alterou a bandeira do VA e VR, que passou a ser a Ben, uma marca pr\u00f3pria do banco.<\/p>\n<p>\u201cN\u00e3o \u00e9 justo que os funcion\u00e1rios sejam prejudicados por um problema de gest\u00e3o de um produto do banco\u201d, criticou o secret\u00e1rio de Assuntos Socioecon\u00f4micos e representante da Contraf-CUT na mesa de negocia\u00e7\u00f5es com o banco, Mario Raia.<\/p>\n<p>\u201cOs banc\u00e1rios est\u00e3o tendo que usar recursos pr\u00f3prios para as refei\u00e7\u00f5es di\u00e1rias e para as compras em supermercados. Isso viola um direito que \u00e9 garantido no acordo coletivo\u201d, completou, referindo-se \u00e0s cl\u00e1usulas 14 e 15 da\u00a0<a href=\"https:\/\/contrafcut.com.br\/wp-content\/uploads\/anexos\/convenios\/2b2f727bc33ea8bfb0c4ea349ed3bbea\/file\/cct-geral.PDF\" target=\"_blank\" rel=\"noopener noreferrer\">Conven\u00e7\u00e3o Coletiva de Trabalho (CCT) da categoria<\/a>. De acordo com a CCT, os bancos devem fornecer o VA e o VR ser\u00e3o concedidos de forma antecipada e mensalmente at\u00e9 o dia \u00faltimo dia do m\u00eas anterior ao benef\u00edcio.<\/p>\n<p>Os representantes dos trabalhadores est\u00e3o se comunicando diariamente com a dire\u00e7\u00e3o do banco e informando os problemas, que s\u00e3o monitorados pelos sindicatos em todo o pa\u00eds.<\/p>\n<p>A Contraf-CUT, sindicatos e federa\u00e7\u00f5es enviaram ao banco um of\u00edcio elencando as reclama\u00e7\u00f5es e solicitando a imediata resolu\u00e7\u00e3o do problema, ou que os valores correspondentes ao VA e VR sejam creditados nas contas dos funcion\u00e1rios enquanto o banco n\u00e3o conseguir estabilizar a rede credenciada e a Comiss\u00e3o de Organiza\u00e7\u00e3o dos Empregados (COE) do Santander orientou a realiza\u00e7\u00e3o de atividades nos postos de trabalho de todo o pa\u00eds para a pr\u00f3xima ter\u00e7a-feira (14) em protesto contra os problemas com a utiliza\u00e7\u00e3o do VA e VR.<\/p>\n<h3><strong>Reclama\u00e7\u00f5es<\/strong><\/h3>\n<p>\u2013 H\u00e1 um pequeno n\u00famero de estabelecimentos credenciados;<br \/>\u2013 O problema se agrava nas pequenas cidades, onde h\u00e1 ainda menos estabelecimentos cadastrados;<br \/>\u2013 Estabelecimentos que constam como cadastrados n\u00e3o aceitam o cart\u00e3o;<br \/>\u2013 Estabelecimentos indicados h\u00e1 mais de 30 dias para cadastramento pelos funcion\u00e1rio ainda n\u00e3o foram cadastrados;<br \/>\u2013 Demora demasiada para atendimento nos canais de suporte dos cart\u00f5es;<br \/>\u2013 Mesmo em grandes estabelecimentos, os caixas desconhecem o cart\u00e3o (em alguns casos h\u00e1 apenas uma maquinha para atendimento ao consumidor).<\/p>\n<p>\u201cO banco nos diz que h\u00e1 uma grande equipe nas ruas para resolver os problemas, mas n\u00e3o temos percebido resultados concretos\u201d, disse Mario. \u201cPor incr\u00edvel que pare\u00e7a, at\u00e9 nas \u2018<a href=\"https:\/\/www.santander.com.br\/campanhas\/work-cafe\" target=\"_blank\" rel=\"noopener noreferrer\">ag\u00eancias workcaf\u00e9<\/a>\u2019 do Santander em S\u00e3o Paulo e no Rio de Janeiro n\u00e3o aceitam o Ben. A coisa est\u00e1 bem mal\u201d, ironizou o dirigente da Contraf-CUT.<\/p>\n<h3><strong>Outros problemas<\/strong><\/h3>\n<p>Nas atividades do Dia Nacional de Luta, que ser\u00e3o realizados na ter\u00e7a-feira (14), tamb\u00e9m ser\u00e3o lembrados\u00a0<a href=\"https:\/\/contrafcut.com.br\/noticias\/santander-trabalhadores-conseguem-poucos-avancos-em-reuniao-com-banco\/\" target=\"_blank\" rel=\"noopener noreferrer\">outros problemas<\/a>\u00a0enfrentados pelos funcion\u00e1rios do Santander, como as a desatualiza\u00e7\u00e3o do valor pago por quil\u00f4metro rodado nos deslocamentos que os trabalhadores precisam fazer para atender os clientes, a abertura de ag\u00eancias aos finais de semana e a retirada das portas de seguran\u00e7a das ag\u00eancias.<\/p>\n<p><strong>Fonte:\u00a0Contraf-CUT<\/strong><\/p>\n","protected":false},"excerpt":{"rendered":"<p>As\u00a0dificuldades para utiliza\u00e7\u00e3o dos vales alimenta\u00e7\u00e3o e refei\u00e7\u00e3o\u00a0persistem e est\u00e3o prejudicando os banc\u00e1rios do Santander. O banco alterou a bandeira do VA e VR, que passou a ser a Ben, uma marca pr\u00f3pria do banco. \u201cN\u00e3o \u00e9 justo que os funcion\u00e1rios sejam prejudicados por um problema de gest\u00e3o de um produto do banco\u201d, criticou o [&hellip;]<\/p>\n","protected":false},"author":2,"featured_media":6657,"comment_status":"","ping_status":"","sticky":false,"template":"","format":"standard","meta":{"footnotes":""},"categories":[3],"tags":[],"class_list":["post-6658","post","type-post","status-publish","format-standard","has-post-thumbnail","hentry","category-noticias"],"_links":{"self":[{"href":"https:\/\/hostnetart.com.br\/baixada\/wp-json\/wp\/v2\/posts\/6658","targetHints":{"allow":["GET"]}}],"collection":[{"href":"https:\/\/hostnetart.com.br\/baixada\/wp-json\/wp\/v2\/posts"}],"about":[{"href":"https:\/\/hostnetart.com.br\/baixada\/wp-json\/wp\/v2\/types\/post"}],"author":[{"embeddable":true,"href":"https:\/\/hostnetart.com.br\/baixada\/wp-json\/wp\/v2\/users\/2"}],"replies":[{"embeddable":true,"href":"https:\/\/hostnetart.com.br\/baixada\/wp-json\/wp\/v2\/comments?post=6658"}],"version-history":[{"count":0,"href":"https:\/\/hostnetart.com.br\/baixada\/wp-json\/wp\/v2\/posts\/6658\/revisions"}],"wp:featuredmedia":[{"embeddable":true,"href":"https:\/\/hostnetart.com.br\/baixada\/wp-json\/wp\/v2\/media\/6657"}],"wp:attachment":[{"href":"https:\/\/hostnetart.com.br\/baixada\/wp-json\/wp\/v2\/media?parent=6658"}],"wp:term":[{"taxonomy":"category","embeddable":true,"href":"https:\/\/hostnetart.com.br\/baixada\/wp-json\/wp\/v2\/categories?post=6658"},{"taxonomy":"post_tag","embeddable":true,"href":"https:\/\/hostnetart.com.br\/baixada\/wp-json\/wp\/v2\/tags?post=6658"}],"curies":[{"name":"wp","href":"https:\/\/api.w.org\/{rel}","templated":true}]}}