{"id":6648,"date":"2019-05-09T17:52:46","date_gmt":"2019-05-09T20:52:46","guid":{"rendered":"https:\/\/hostnetart.com.br\/baixada\/para-economista-reforma-nao-combate-privilegios-e-muito-hipocrisia\/"},"modified":"2019-05-09T17:52:46","modified_gmt":"2019-05-09T20:52:46","slug":"para-economista-reforma-nao-combate-privilegios-e-muito-hipocrisia","status":"publish","type":"post","link":"https:\/\/hostnetart.com.br\/baixada\/para-economista-reforma-nao-combate-privilegios-e-muito-hipocrisia\/","title":{"rendered":"Para economista, reforma n\u00e3o combate privil\u00e9gios: &#8216;\u00c9 muito hipocrisia&#8217;"},"content":{"rendered":"<p class=\" \">Para a economista e pesquisadora do Centro de Estudos Sindicais e de Economia do Trabalho da Universidade Estadual de Campinas (Cesit-Unicamp) Marilane Teixeira, a <a class=\"internal-link\" title=\"\" href=\"https:\/\/www.redebrasilatual.com.br\/politica\/2019\/05\/oposicao-cobra-dados-de-paulo-guedes-quanto-a-urgencia-da-reforma-da-previdencia\" target=\"_blank\" rel=\"noopener noreferrer\">audi\u00eancia realizada pela Comiss\u00e3o Especial da C\u00e2mara<\/a>, nessa quarta-feira (8), com o ministro da Economia, Paulo Guedes, pode ser considerada um &#8220;fracasso&#8221; da perspectiva de quem buscava obter dados para fundamentar a &#8220;reforma&#8221; da Previd\u00eancia.<\/p>\n<p class=\" \">Em entrevista \u00e0 jornalista Marilu Caba\u00f1as, da <b>R\u00e1dio Brasil Atual<\/b>, a assessora sindical na \u00e1rea de rela\u00e7\u00f5es e g\u00eanero criticou um dos principais argumentos utilizados pelo ministro no colegiado que analisa o m\u00e9rito da Proposta de Emenda \u00e0 Constitui\u00e7\u00e3o (PEC) 6\/2019, <a class=\"internal-link\" title=\"\" href=\"https:\/\/www.redebrasilatual.com.br\/politica\/2019\/05\/guedes-diz-que-previdencia-e-fabrica-de-privilegios-e-ataca-quem-ganha-ate-dois-minimos\" target=\"_blank\" rel=\"noopener noreferrer\">o de combate aos privil\u00e9gios<\/a>. &#8220;Mais de 80% das pessoas recebem entre um e at\u00e9 no m\u00e1ximo tr\u00eas pisos previdenci\u00e1rios, que correspondem a R$ 3 mil. Falar de privil\u00e9gios para quem recebe esse valor \u00e9 uma falta de bom senso que mostra, de alguma forma, o distanciamento que a equipe econ\u00f4mica de Bolsonaro tem da realidade objetiva do nosso pa\u00eds&#8221;, rebate.<\/p>\n<p class=\" \">&#8220;\u00c9 muita hipocrisia da parte dele (Paulo Guedes) ir para a audi\u00eancia e falar de concentra\u00e7\u00e3o de renda, algu\u00e9m que viveu a vida inteira justamente fazendo fortuna com base na especula\u00e7\u00e3o financeira&#8221;, ressalta.<\/p>\n<p class=\" \">H\u00e1 ainda outros pontos, de acordo com Marilane, que faltaram ser comentados pelo ministro e sua equipe. Entre eles, o que ser\u00e1 feito com o montante poupado, estimado em R$ 1 trilh\u00e3o em 10 anos; como far\u00e3o o financiamento da transi\u00e7\u00e3o e de que forma se dar\u00e1 o regime de capitaliza\u00e7\u00e3o que rompe com o modelo tripartite que envolve Estado, trabalhadores e empregadores.<\/p>\n<p class=\" \"><strong>Fonte: Rede Brasil Atual<\/strong><\/p>\n","protected":false},"excerpt":{"rendered":"<p>Para a economista e pesquisadora do Centro de Estudos Sindicais e de Economia do Trabalho da Universidade Estadual de Campinas (Cesit-Unicamp) Marilane Teixeira, a audi\u00eancia realizada pela Comiss\u00e3o Especial da C\u00e2mara, nessa quarta-feira (8), com o ministro da Economia, Paulo Guedes, pode ser considerada um &#8220;fracasso&#8221; da perspectiva de quem buscava obter dados para fundamentar [&hellip;]<\/p>\n","protected":false},"author":2,"featured_media":6647,"comment_status":"","ping_status":"","sticky":false,"template":"","format":"standard","meta":{"footnotes":""},"categories":[3],"tags":[],"class_list":["post-6648","post","type-post","status-publish","format-standard","has-post-thumbnail","hentry","category-noticias"],"_links":{"self":[{"href":"https:\/\/hostnetart.com.br\/baixada\/wp-json\/wp\/v2\/posts\/6648","targetHints":{"allow":["GET"]}}],"collection":[{"href":"https:\/\/hostnetart.com.br\/baixada\/wp-json\/wp\/v2\/posts"}],"about":[{"href":"https:\/\/hostnetart.com.br\/baixada\/wp-json\/wp\/v2\/types\/post"}],"author":[{"embeddable":true,"href":"https:\/\/hostnetart.com.br\/baixada\/wp-json\/wp\/v2\/users\/2"}],"replies":[{"embeddable":true,"href":"https:\/\/hostnetart.com.br\/baixada\/wp-json\/wp\/v2\/comments?post=6648"}],"version-history":[{"count":0,"href":"https:\/\/hostnetart.com.br\/baixada\/wp-json\/wp\/v2\/posts\/6648\/revisions"}],"wp:featuredmedia":[{"embeddable":true,"href":"https:\/\/hostnetart.com.br\/baixada\/wp-json\/wp\/v2\/media\/6647"}],"wp:attachment":[{"href":"https:\/\/hostnetart.com.br\/baixada\/wp-json\/wp\/v2\/media?parent=6648"}],"wp:term":[{"taxonomy":"category","embeddable":true,"href":"https:\/\/hostnetart.com.br\/baixada\/wp-json\/wp\/v2\/categories?post=6648"},{"taxonomy":"post_tag","embeddable":true,"href":"https:\/\/hostnetart.com.br\/baixada\/wp-json\/wp\/v2\/tags?post=6648"}],"curies":[{"name":"wp","href":"https:\/\/api.w.org\/{rel}","templated":true}]}}