{"id":6646,"date":"2019-05-09T17:50:49","date_gmt":"2019-05-09T20:50:49","guid":{"rendered":"https:\/\/hostnetart.com.br\/baixada\/mpf-vai-a-justica-para-liberar-comercial-censurado-do-banco-do-brasil\/"},"modified":"2019-05-09T17:50:49","modified_gmt":"2019-05-09T20:50:49","slug":"mpf-vai-a-justica-para-liberar-comercial-censurado-do-banco-do-brasil","status":"publish","type":"post","link":"https:\/\/hostnetart.com.br\/baixada\/mpf-vai-a-justica-para-liberar-comercial-censurado-do-banco-do-brasil\/","title":{"rendered":"MPF vai \u00e0 Justi\u00e7a para liberar comercial censurado do Banco do Brasil"},"content":{"rendered":"<p>O Minist\u00e9rio P\u00fablico Federal (MPF), em parceria com o coletivo Nuances \u2013 Grupo pela Livre Express\u00e3o Sexual, entrou com a\u00e7\u00e3o civil p\u00fablica para liberar o comercial do Banco do Brasil que foi <a class=\"internal-link\" title=\"\" href=\"https:\/\/www.redebrasilatual.com.br\/cidadania\/2019\/04\/bolsonaro-veta-propaganda-do-banco-do-brasil-que-celebra-a-diversidade\" target=\"_self\">censurado pela Presid\u00eancia da Rep\u00fablica<\/a>. Tamb\u00e9m pede pagamento a t\u00edtulo de dano moral coletivo, em valor n\u00e3o menor que tr\u00eas vezes o gasto com a campanha publicit\u00e1ria \u2013 a despesa ficaria na rubrica or\u00e7ament\u00e1ria destinada \u00e0 \u00e1rea de comunica\u00e7\u00e3o social da Presid\u00eancia. A Procuradoria cita que, segundo reportagens, a campanha, denominada <em>Selfie<\/em>, custou em torno de R$ 17 milh\u00f5es.<\/p>\n<p>O MPF considera que a proibi\u00e7\u00e3o viola a Lei 13.303\/2016, a Lei das Estatais,\u00a0 que veda &#8220;redu\u00e7\u00e3o ou supress\u00e3o&#8221; da autonomia da entidade, al\u00e9m de inger\u00eancia do supervisor em sua administra\u00e7\u00e3o. Al\u00e9m disso, na a\u00e7\u00e3o civil, o Minist\u00e9rio P\u00fablico aponta ofensa \u00e0 Constitui\u00e7\u00e3o, que veda preconceito com base em ra\u00e7a e no sexo, &#8220;o que inclui o preconceito denominado de LGBTQfobia, bem como qualquer discrimina\u00e7\u00e3o atentat\u00f3ria dos direitos e liberdades fundamentais&#8221;. H\u00e1 tamb\u00e9m viola\u00e7\u00e3o do Estatuto da Igualdade Racial (Lei 12.288, de 2010).<\/p>\n<p>&#8220;H\u00e1 de se considerar, ainda, que o fato em an\u00e1lise configura-se ainda na abomin\u00e1vel pr\u00e1tica de censura, vedada pela Constitui\u00e7\u00e3o da Rep\u00fablica em seu art. 5\u00ba, IX, que institui que \u00e9 livre a express\u00e3o da atividade intelectual, art\u00edstica, cient\u00edfica e de comunica\u00e7\u00e3o, independentemente de censura ou licen\u00e7a, bem como que a manifesta\u00e7\u00e3o do pensamento, a cria\u00e7\u00e3o, a express\u00e3o e a informa\u00e7\u00e3o, sob qualquer forma, processo ou ve\u00edculo n\u00e3o sofrer\u00e3o qualquer restri\u00e7\u00e3o, observado o disposto nesta Constitui\u00e7\u00e3o (art. 220)&#8221;, afirmam, na a\u00e7\u00e3o, o procurador regional dos Direitos do Cidad\u00e3o Enrico Rodrigues de Freitas e a advogada Alice Hertzog Resadori.<\/p>\n<p><strong>Fonte: Rede Brasil Atual<\/strong><\/p>\n","protected":false},"excerpt":{"rendered":"<p>O Minist\u00e9rio P\u00fablico Federal (MPF), em parceria com o coletivo Nuances \u2013 Grupo pela Livre Express\u00e3o Sexual, entrou com a\u00e7\u00e3o civil p\u00fablica para liberar o comercial do Banco do Brasil que foi censurado pela Presid\u00eancia da Rep\u00fablica. Tamb\u00e9m pede pagamento a t\u00edtulo de dano moral coletivo, em valor n\u00e3o menor que tr\u00eas vezes o gasto [&hellip;]<\/p>\n","protected":false},"author":2,"featured_media":6645,"comment_status":"","ping_status":"","sticky":false,"template":"","format":"standard","meta":{"footnotes":""},"categories":[3],"tags":[],"class_list":["post-6646","post","type-post","status-publish","format-standard","has-post-thumbnail","hentry","category-noticias"],"_links":{"self":[{"href":"https:\/\/hostnetart.com.br\/baixada\/wp-json\/wp\/v2\/posts\/6646","targetHints":{"allow":["GET"]}}],"collection":[{"href":"https:\/\/hostnetart.com.br\/baixada\/wp-json\/wp\/v2\/posts"}],"about":[{"href":"https:\/\/hostnetart.com.br\/baixada\/wp-json\/wp\/v2\/types\/post"}],"author":[{"embeddable":true,"href":"https:\/\/hostnetart.com.br\/baixada\/wp-json\/wp\/v2\/users\/2"}],"replies":[{"embeddable":true,"href":"https:\/\/hostnetart.com.br\/baixada\/wp-json\/wp\/v2\/comments?post=6646"}],"version-history":[{"count":0,"href":"https:\/\/hostnetart.com.br\/baixada\/wp-json\/wp\/v2\/posts\/6646\/revisions"}],"wp:featuredmedia":[{"embeddable":true,"href":"https:\/\/hostnetart.com.br\/baixada\/wp-json\/wp\/v2\/media\/6645"}],"wp:attachment":[{"href":"https:\/\/hostnetart.com.br\/baixada\/wp-json\/wp\/v2\/media?parent=6646"}],"wp:term":[{"taxonomy":"category","embeddable":true,"href":"https:\/\/hostnetart.com.br\/baixada\/wp-json\/wp\/v2\/categories?post=6646"},{"taxonomy":"post_tag","embeddable":true,"href":"https:\/\/hostnetart.com.br\/baixada\/wp-json\/wp\/v2\/tags?post=6646"}],"curies":[{"name":"wp","href":"https:\/\/api.w.org\/{rel}","templated":true}]}}