{"id":6644,"date":"2019-05-09T17:44:19","date_gmt":"2019-05-09T20:44:19","guid":{"rendered":"https:\/\/hostnetart.com.br\/baixada\/frente-parlamentar-mista-em-defesa-dos-bancos-publicos-e-lancada-em-brasilia\/"},"modified":"2019-05-09T17:44:19","modified_gmt":"2019-05-09T20:44:19","slug":"frente-parlamentar-mista-em-defesa-dos-bancos-publicos-e-lancada-em-brasilia","status":"publish","type":"post","link":"https:\/\/hostnetart.com.br\/baixada\/frente-parlamentar-mista-em-defesa-dos-bancos-publicos-e-lancada-em-brasilia\/","title":{"rendered":"Frente Parlamentar Mista em Defesa dos Bancos P\u00fablicos \u00e9 lan\u00e7ada em Bras\u00edlia"},"content":{"rendered":"<div class=\"elementor-element elementor-element-194680ec elementor-widget elementor-widget-theme-post-content\" data-id=\"194680ec\" data-element_type=\"widget\" data-widget_type=\"theme-post-content.default\">\n<div class=\"elementor-widget-container\">\n<p>A Contraf-CUT e a Fenae participaram nesta quarta-feira (8) do <a href=\"https:\/\/www.fenae.org.br\/portal\/fenae-portal\/eventos\/lancamento-da-frente-em-defesa-dos-bancos-publicos-seminario-bancos-publicos-e-desenvolvimento.htm\" target=\"_blank\" rel=\"noopener noreferrer\">lan\u00e7amento da Frente Parlamentar Mista em Defesa dos Bancos P\u00fablicos<\/a>, formada por deputados e senadores e \u00e9 parte da estrutura formal do Congresso Nacional.<br \/> O evento aconteceu durante o Semin\u00e1rio em Defesa dos Bancos P\u00fablicos, no audit\u00f3rio Nereu Ramos, na C\u00e2mara dos Deputados, em Bras\u00edlia, e contou com a presen\u00e7a de parlamentares de diversos partidos, lideran\u00e7as e entidades de movimentos sociais e representantes de centrais sindicais.<br \/> Participaram tamb\u00e9m os membros da Alian\u00e7a Latino-americana em Defesa dos Bancos P\u00fablicos da Uni Am\u00e9ricas Finan\u00e7as da Argentina, Paraguai, Uruguai, Col\u00f4mbia e Per\u00fa. <br \/>Juvandia Moreira, presidenta da Confedera\u00e7\u00e3o Nacional dos Trabalhadores no Ramo Financeiro (Contraf-CUT), iniciou sua fala com a lembran\u00e7a da privatiza\u00e7\u00e3o da Vale, que resultou em duas trag\u00e9dias. \u201cEssas privatiza\u00e7\u00f5es visam apenas o lucro, s\u00e3o voltadas apenas para o lucro. O resultado disso foi que a Vale destruiu muitas vidas\u201d, comentou.<br \/>Por isso, para a presidenta, hoje a popula\u00e7\u00e3o brasileira entende a import\u00e2ncia das empresas p\u00fablicas e a popula\u00e7\u00e3o brasileira sabe o que representa uma privatiza\u00e7\u00e3o de empresas de servi\u00e7os p\u00fablicos b\u00e1sicos. \u201cO financiamento da agricultura familiar depende dos bancos p\u00fablicos. Se isso for para os bancos privados, o alimento vai chegar mais caro na mesa do trabalhador. Se os bancos p\u00fablicos acabarem, muitas cidades pequenas do Brasil v\u00e3o ficar sem ag\u00eancias, pois os bancos privados s\u00f3 est\u00e3o aonde o dinheiro est\u00e1. O trabalhador tem que saber que vai pagar mais caro no financiamento da sua habita\u00e7\u00e3o. A gente precisa falar claramente com a popula\u00e7\u00e3o o que representa a entrega do patrim\u00f4nio brasileiro e dizer que est\u00e3o juntos com os trabalhadores na luta em defesa dos interesses do povo brasileiro. \u201d<br \/>Para o presidente da Fenae, Jair Ferreira, as privatiza\u00e7\u00f5es s\u00e3o prejudiciais para o crescimento do pa\u00eds e s\u00f3 beneficiam os ricos. \u201cCom a privatiza\u00e7\u00e3o, o Estado perde uma grande ferramenta de desenvolvimento. Se a Caixa deixar de existir, por exemplo, quem vai fazer financiamento habitacional para uma fam\u00edlia que ganha at\u00e9 dois mil reais? S\u00f3 quem tiver muito dinheiro vai poder fazer. \u00c9 isso que precisamos deixar claro para toda a sociedade\u201d, afirmou. <br \/>A Frente Parlamentar Mista em Defesa dos Bancos P\u00fablicos ir\u00e1 analisar todos os projetos em tramita\u00e7\u00e3o nas duas casas legislativas, C\u00e2mara e Senado, e difundir a import\u00e2ncia das institui\u00e7\u00f5es financeiras p\u00fablicas para o desenvolvimento do Brasil.<br \/>Coordenada pelo senador Jacques Wagner (PT-BA) e o deputado Z\u00e9 Carlos (PT-MA), ela ser\u00e1 tamb\u00e9m um espa\u00e7o para a an\u00e1lise de todos os fatores que envolvem as amea\u00e7as de privatiza\u00e7\u00e3o, em suas diferentes modalidades, \u00e9 um canal de di\u00e1logo amplo.<\/p>\n<h3>Semin\u00e1rio \u201cBancos P\u00fablicos e Desenvolvimento\u201d<\/h3>\n<p>Ap\u00f3s o lan\u00e7amento da Frente, especialistas em economia renomados, como S\u00e9rgio Mendon\u00e7a, Luiz Gonzaga Belluzzo (Unicamp), ex-chefe da Assessoria Especial do Minist\u00e9rio da Fazenda, Paulo Fernando Cavalcanti Filho (UFPb) e Luiz Fernando de Paula (UFRJ) explicaram a import\u00e2ncia dos bancos p\u00fablicos para a popula\u00e7\u00e3o e para o desenvolvimento do pa\u00eds, durante o Semin\u00e1rio \u201cBancos P\u00fablicos e Desenvolvimento\u201d. <br \/> Representantes dos movimentos sociais, de entidades ligadas a bancos p\u00fablicos, centrais sindicais e universidades tamb\u00e9m participaram do evento.<\/p>\n<p><strong>Fonte: Contraf-CUT<\/strong><\/p>\n<\/div>\n<\/div>\n","protected":false},"excerpt":{"rendered":"<p>A Contraf-CUT e a Fenae participaram nesta quarta-feira (8) do lan\u00e7amento da Frente Parlamentar Mista em Defesa dos Bancos P\u00fablicos, formada por deputados e senadores e \u00e9 parte da estrutura formal do Congresso Nacional. O evento aconteceu durante o Semin\u00e1rio em Defesa dos Bancos P\u00fablicos, no audit\u00f3rio Nereu Ramos, na C\u00e2mara dos Deputados, em Bras\u00edlia, [&hellip;]<\/p>\n","protected":false},"author":2,"featured_media":6643,"comment_status":"","ping_status":"","sticky":false,"template":"","format":"standard","meta":{"footnotes":""},"categories":[3],"tags":[],"class_list":["post-6644","post","type-post","status-publish","format-standard","has-post-thumbnail","hentry","category-noticias"],"_links":{"self":[{"href":"https:\/\/hostnetart.com.br\/baixada\/wp-json\/wp\/v2\/posts\/6644","targetHints":{"allow":["GET"]}}],"collection":[{"href":"https:\/\/hostnetart.com.br\/baixada\/wp-json\/wp\/v2\/posts"}],"about":[{"href":"https:\/\/hostnetart.com.br\/baixada\/wp-json\/wp\/v2\/types\/post"}],"author":[{"embeddable":true,"href":"https:\/\/hostnetart.com.br\/baixada\/wp-json\/wp\/v2\/users\/2"}],"replies":[{"embeddable":true,"href":"https:\/\/hostnetart.com.br\/baixada\/wp-json\/wp\/v2\/comments?post=6644"}],"version-history":[{"count":0,"href":"https:\/\/hostnetart.com.br\/baixada\/wp-json\/wp\/v2\/posts\/6644\/revisions"}],"wp:featuredmedia":[{"embeddable":true,"href":"https:\/\/hostnetart.com.br\/baixada\/wp-json\/wp\/v2\/media\/6643"}],"wp:attachment":[{"href":"https:\/\/hostnetart.com.br\/baixada\/wp-json\/wp\/v2\/media?parent=6644"}],"wp:term":[{"taxonomy":"category","embeddable":true,"href":"https:\/\/hostnetart.com.br\/baixada\/wp-json\/wp\/v2\/categories?post=6644"},{"taxonomy":"post_tag","embeddable":true,"href":"https:\/\/hostnetart.com.br\/baixada\/wp-json\/wp\/v2\/tags?post=6644"}],"curies":[{"name":"wp","href":"https:\/\/api.w.org\/{rel}","templated":true}]}}