{"id":6636,"date":"2019-05-08T14:51:32","date_gmt":"2019-05-08T17:51:32","guid":{"rendered":"https:\/\/hostnetart.com.br\/baixada\/oposicao-cobra-dados-de-guedes-quanto-a-urgencia-da-reforma-da-previdencia\/"},"modified":"2019-05-08T14:51:32","modified_gmt":"2019-05-08T17:51:32","slug":"oposicao-cobra-dados-de-guedes-quanto-a-urgencia-da-reforma-da-previdencia","status":"publish","type":"post","link":"https:\/\/hostnetart.com.br\/baixada\/oposicao-cobra-dados-de-guedes-quanto-a-urgencia-da-reforma-da-previdencia\/","title":{"rendered":"Oposi\u00e7\u00e3o cobra dados de Guedes quanto \u00e0 urg\u00eancia da &#8216;reforma&#8217; da Previd\u00eancia"},"content":{"rendered":"<p class=\" \">A oposi\u00e7\u00e3o se prepara para enfrentar a proposta de\u00a0<a class=\"internal-link\" title=\"\" href=\"https:\/\/www.redebrasilatual.com.br\/trabalho\/2019\/05\/reforma-da-previdencia-comecam-os-debates-na-comissao-especial\" target=\"_blank\" rel=\"noopener noreferrer\">&#8220;reforma&#8221; da Previd\u00eancia<\/a>\u00a0e receber o ministro da Economia, Paulo Guedes, que nesta quarta-feira (8) deve participar da Comiss\u00e3o Especial da C\u00e2mara dos Deputados que analisa o projeto.<\/p>\n<p class=\" \">De acordo com a deputada federal\u00a0<a class=\"internal-link\" title=\"\" href=\"https:\/\/www.redebrasilatual.com.br\/politica\/2019\/02\/jandira-feghali-governo-bate-cabeca-o-tempo-inteiro-e-nao-conseguem-articular\" target=\"_blank\" rel=\"noopener noreferrer\">Jandira Feghali<\/a>(PCdoB-RJ), em entrevista ao jornalista Rafael Garcia, da\u00a0<b>R\u00e1dio Brasil Atual<\/b>, a ideia \u00e9 ressaltar ao ministro que os problemas econ\u00f4micos n\u00e3o est\u00e3o relacionados ao sistema previdenci\u00e1rio. &#8220;O que o governo tem que se preocupar \u00e9 com a reforma tribut\u00e1ria, linhas de cr\u00e9dito, investimentos, gera\u00e7\u00e3o de empregos, e n\u00e3o retirar direitos do povo pobre do pa\u00eds&#8221;, afirma a l\u00edder da minoria na C\u00e2mara.<\/p>\n<ul class=\"listSaibamais\">\n<li><a class=\"external-link\" title=\"\" href=\"https:\/\/minhaaposentadoria.net.br\/\" target=\"_blank\" rel=\"noopener noreferrer\">Minha Aposentadoria: site especial da RBA em defesa dos direitos<\/a><\/li>\n<\/ul>\n<p class=\" \">O debate com Guedes\u00a0<a class=\"internal-link\" title=\"\" href=\"https:\/\/www.redebrasilatual.com.br\/politica\/2019\/05\/reforma-da-previdencia-comeca-a-tramitar-em-comissao-especial\" target=\"_blank\" rel=\"noopener noreferrer\">abre a s\u00e9rie de 10 audi\u00eancias p\u00fablicas<\/a>\u00a0que ser\u00e3o realizados ao longo do m\u00eas para analisar o m\u00e9rito da Proposta de Emenda \u00e0 Constitui\u00e7\u00e3o (PEC) 6\/2019. A expectativa dos parlamentares que se op\u00f5em \u00e9 por um debate onde o ministro apresente de forma consistente dados e informa\u00e7\u00f5es que comprovem a efetividade da &#8220;reforma&#8221;.\u00a0&#8220;O governo\u00a0<a class=\"internal-link\" title=\"\" href=\"https:\/\/www.redebrasilatual.com.br\/politica\/2019\/04\/deputado-vai-ao-stf-contra-sigilo-dos-dados-da-reforma-da-previdencia\" target=\"_blank\" rel=\"noopener noreferrer\">at\u00e9 hoje n\u00e3o mandou<\/a>\u00a0os dados macroecon\u00f4micos de impacto or\u00e7ament\u00e1rio fiscal e de transi\u00e7\u00e3o do pr\u00f3prio modelo previdenci\u00e1rio, e n\u00f3s queremos conversar sobre esse principais argumentos&#8221;, explica a deputada.<\/p>\n<p class=\" \">\u00a0<\/p>\n<p class=\" \"><strong>Fonte: Rede Brasil Atual<\/strong><\/p>\n","protected":false},"excerpt":{"rendered":"<p>A oposi\u00e7\u00e3o se prepara para enfrentar a proposta de\u00a0&#8220;reforma&#8221; da Previd\u00eancia\u00a0e receber o ministro da Economia, Paulo Guedes, que nesta quarta-feira (8) deve participar da Comiss\u00e3o Especial da C\u00e2mara dos Deputados que analisa o projeto. De acordo com a deputada federal\u00a0Jandira Feghali(PCdoB-RJ), em entrevista ao jornalista Rafael Garcia, da\u00a0R\u00e1dio Brasil Atual, a ideia \u00e9 ressaltar [&hellip;]<\/p>\n","protected":false},"author":2,"featured_media":6635,"comment_status":"","ping_status":"","sticky":false,"template":"","format":"standard","meta":{"footnotes":""},"categories":[3],"tags":[],"class_list":["post-6636","post","type-post","status-publish","format-standard","has-post-thumbnail","hentry","category-noticias"],"_links":{"self":[{"href":"https:\/\/hostnetart.com.br\/baixada\/wp-json\/wp\/v2\/posts\/6636","targetHints":{"allow":["GET"]}}],"collection":[{"href":"https:\/\/hostnetart.com.br\/baixada\/wp-json\/wp\/v2\/posts"}],"about":[{"href":"https:\/\/hostnetart.com.br\/baixada\/wp-json\/wp\/v2\/types\/post"}],"author":[{"embeddable":true,"href":"https:\/\/hostnetart.com.br\/baixada\/wp-json\/wp\/v2\/users\/2"}],"replies":[{"embeddable":true,"href":"https:\/\/hostnetart.com.br\/baixada\/wp-json\/wp\/v2\/comments?post=6636"}],"version-history":[{"count":0,"href":"https:\/\/hostnetart.com.br\/baixada\/wp-json\/wp\/v2\/posts\/6636\/revisions"}],"wp:featuredmedia":[{"embeddable":true,"href":"https:\/\/hostnetart.com.br\/baixada\/wp-json\/wp\/v2\/media\/6635"}],"wp:attachment":[{"href":"https:\/\/hostnetart.com.br\/baixada\/wp-json\/wp\/v2\/media?parent=6636"}],"wp:term":[{"taxonomy":"category","embeddable":true,"href":"https:\/\/hostnetart.com.br\/baixada\/wp-json\/wp\/v2\/categories?post=6636"},{"taxonomy":"post_tag","embeddable":true,"href":"https:\/\/hostnetart.com.br\/baixada\/wp-json\/wp\/v2\/tags?post=6636"}],"curies":[{"name":"wp","href":"https:\/\/api.w.org\/{rel}","templated":true}]}}