{"id":6634,"date":"2019-05-08T13:37:57","date_gmt":"2019-05-08T16:37:57","guid":{"rendered":"https:\/\/hostnetart.com.br\/baixada\/pesquisa-da-cni-ibope-aponta-que-maioria-e-contra-reforma-da-previdencia\/"},"modified":"2019-05-08T13:37:57","modified_gmt":"2019-05-08T16:37:57","slug":"pesquisa-da-cni-ibope-aponta-que-maioria-e-contra-reforma-da-previdencia","status":"publish","type":"post","link":"https:\/\/hostnetart.com.br\/baixada\/pesquisa-da-cni-ibope-aponta-que-maioria-e-contra-reforma-da-previdencia\/","title":{"rendered":"Pesquisa da CNI\/Ibope aponta que maioria \u00e9 contra reforma da Previd\u00eancia"},"content":{"rendered":"<p>Cerca de dois ter\u00e7os da popula\u00e7\u00e3o ainda desconhece as armadilhas da proposta de\u00a0<a class=\"external-link\" title=\"\" href=\"https:\/\/minhaaposentadoria.net.br\/tag\/reforma-da-previdencia\/\" target=\"_blank\" rel=\"noopener noreferrer\"><strong>&#8220;reforma&#8221; da Previd\u00eancia<\/strong><\/a>\u00a0do governo Bolsonaro. Pesquisa encomendada pela Confedera\u00e7\u00e3o Nacional da Ind\u00fastria (CNI), divulgada nesta quarta-feira (8) \u2013 com a hashtag #NovaPrevid\u00eancia, em apoio \u00e0 medida \u2013 mostra que\u00a036% dos entrevistados afirmam ter conhecimento amplo ou conhecer os principais pontos das mudan\u00e7as pretendidas nas aposentadorias em discuss\u00e3o na\u00a0<a class=\"internal-link\" title=\"\" href=\"https:\/\/www.redebrasilatual.com.br\/trabalho\/2019\/05\/reforma-da-previdencia-comecam-os-debates-na-comissao-especial\" target=\"_blank\" rel=\"noopener noreferrer\">C\u00e2mara dos Deputados<\/a>.<\/p>\n<p>Ou seja, quase dois ter\u00e7os dos brasileiros est\u00e3o desinformados sobre os direitos que podem ser perdidos se a reforma passar. Dos que conhecem os detalhes do projeto, 51% s\u00e3o contr<strong>\u00e1rios<\/strong>\u00a0e apenas 35% se dizem favor\u00e1veis.\u00a0<\/p>\n<ul class=\"listSaibamais\">\n<li><span class=\"discreet\"><a class=\"internal-link\" title=\"\" href=\"https:\/\/www.redebrasilatual.com.br\/educacao\/2019\/05\/professores-e-alunos-programam-greve-no-dia-15-contra-medidas-de-bolsonaro\" target=\"_blank\" rel=\"noopener noreferrer\">Professores e alunos programam greve no dia 15 de maio contra medidas de Bolsonaro<\/a><\/span><\/li>\n<\/ul>\n<p>Outro dado relevante \u00e9 que a maioria esmagadora dos brasileiros (80%) disse que a aposentadoria deveria ocorrer at\u00e9 os 60 anos \u2013 e n\u00e3o acima, como prev\u00ea a Proposta de Emenda \u00e0 Constitui\u00e7\u00e3o que tramita na C\u00e2mara. Na proposta (PEC 6) do governo Bolsonaro, a idade m\u00ednima para homens \u00e9 de 65 anos, e 62 para mulheres.\u00a0<\/p>\n<p>O car\u00e1ter solid\u00e1rio do sistema de Previd\u00eancia tamb\u00e9m \u00e9 defendido por ampla maioria:\u00a077% dos brasileiros acreditam que \u00e9 dever da sociedade garantir um sal\u00e1rio m\u00ednimo a todos os idosos de baixa renda, inclusive \u00e0queles que nunca contribu\u00edram para a Previd\u00eancia.<\/p>\n<ul class=\"listSaibamais\">\n<li><span class=\"discreet\"><a class=\"internal-link\" title=\"\" href=\"https:\/\/www.redebrasilatual.com.br\/trabalho\/2019\/05\/com-200-mil-no-anhangabau-centrais-pedem-retirada-de-projeto\" target=\"_blank\" rel=\"noopener noreferrer\">Com 200 mil em manifesta\u00e7\u00e3o em S\u00e3o Paulo, centrais preparam greve geral para 14\/6<\/a><\/span><\/li>\n<\/ul>\n<p>Pela proposta do governo, o Benef\u00edcio de Presta\u00e7\u00e3o Continuada (BCP), que paga um sal\u00e1rio m\u00ednimo a idosos a partir dos 65 anos que n\u00e3o conseguiram contribuir, teria o seu valor reduzido de um sal\u00e1rio m\u00ednimo para R$ 400. O m\u00ednimo integral s\u00f3 seria alcan\u00e7ado aos 70 anos.\u00a0<\/p>\n<p>O levantamento, realizado pelo Ibope, ouviu 2 mil pessoas em 126 munic\u00edpios entre os dias 12 e 15 de abril. No site especial\u00a0<a class=\"external-link\" title=\"\" href=\"https:\/\/minhaaposentadoria.net.br\/\" target=\"_blank\" rel=\"noopener noreferrer\">Minha Aposentadoria<\/a>, as\u00a0pessoas t\u00eam acesso a todos os pontos da &#8220;reforma&#8221; e as suas principais consequ\u00eancias.<\/p>\n<p>Segundo a pesquisa \u2013 intitulada Retratos da Sociedade Brasileira \u2013 Reforma da Previd\u00eancia \u2013 a\u00a0maior parte dos brasileiros (59%) diz que \u00e9 preciso reformar o sistema de aposentadorias (a pergunta da pesquisa n\u00e3o esclarece se \u00e9 mudar para melhor ou para pior). E 83% dos entrevistados afirmam que n\u00e3o est\u00e3o dispostos a pagar mais impostos para manter as regras atuais.<\/p>\n<p>Outros dados do levantamento revelam que 68% dos brasileiros acreditam que saem prejudicados quando\u00a0<a class=\"external-link\" title=\"\" href=\"https:\/\/minhaaposentadoria.net.br\/previdencia-para-militares-aumenta-gastos\/\" target=\"_blank\" rel=\"noopener noreferrer\">alguns grupos se aposentam com regras diferentes<\/a>\u00a0do restante da popula\u00e7\u00e3o, e 59% dizem que\u00a0\u00e9 injusto que o valor da aposentadoria das pessoas que se aposentam mais cedo seja menor que o das pessoas que se aposentam mais tarde. Minoria de 24% acredita que os brasileiros se aposentam mais cedo do que as popula\u00e7\u00f5es de pa\u00edses desenvolvidos.<\/p>\n<p>\u00a0<\/p>\n<p><strong>Fonte: Rede Brasil Atual<\/strong><\/p>\n","protected":false},"excerpt":{"rendered":"<p>Cerca de dois ter\u00e7os da popula\u00e7\u00e3o ainda desconhece as armadilhas da proposta de\u00a0&#8220;reforma&#8221; da Previd\u00eancia\u00a0do governo Bolsonaro. Pesquisa encomendada pela Confedera\u00e7\u00e3o Nacional da Ind\u00fastria (CNI), divulgada nesta quarta-feira (8) \u2013 com a hashtag #NovaPrevid\u00eancia, em apoio \u00e0 medida \u2013 mostra que\u00a036% dos entrevistados afirmam ter conhecimento amplo ou conhecer os principais pontos das mudan\u00e7as pretendidas [&hellip;]<\/p>\n","protected":false},"author":2,"featured_media":6633,"comment_status":"","ping_status":"","sticky":false,"template":"","format":"standard","meta":{"footnotes":""},"categories":[3],"tags":[],"class_list":["post-6634","post","type-post","status-publish","format-standard","has-post-thumbnail","hentry","category-noticias"],"_links":{"self":[{"href":"https:\/\/hostnetart.com.br\/baixada\/wp-json\/wp\/v2\/posts\/6634","targetHints":{"allow":["GET"]}}],"collection":[{"href":"https:\/\/hostnetart.com.br\/baixada\/wp-json\/wp\/v2\/posts"}],"about":[{"href":"https:\/\/hostnetart.com.br\/baixada\/wp-json\/wp\/v2\/types\/post"}],"author":[{"embeddable":true,"href":"https:\/\/hostnetart.com.br\/baixada\/wp-json\/wp\/v2\/users\/2"}],"replies":[{"embeddable":true,"href":"https:\/\/hostnetart.com.br\/baixada\/wp-json\/wp\/v2\/comments?post=6634"}],"version-history":[{"count":0,"href":"https:\/\/hostnetart.com.br\/baixada\/wp-json\/wp\/v2\/posts\/6634\/revisions"}],"wp:featuredmedia":[{"embeddable":true,"href":"https:\/\/hostnetart.com.br\/baixada\/wp-json\/wp\/v2\/media\/6633"}],"wp:attachment":[{"href":"https:\/\/hostnetart.com.br\/baixada\/wp-json\/wp\/v2\/media?parent=6634"}],"wp:term":[{"taxonomy":"category","embeddable":true,"href":"https:\/\/hostnetart.com.br\/baixada\/wp-json\/wp\/v2\/categories?post=6634"},{"taxonomy":"post_tag","embeddable":true,"href":"https:\/\/hostnetart.com.br\/baixada\/wp-json\/wp\/v2\/tags?post=6634"}],"curies":[{"name":"wp","href":"https:\/\/api.w.org\/{rel}","templated":true}]}}