{"id":6626,"date":"2019-05-07T18:53:39","date_gmt":"2019-05-07T21:53:39","guid":{"rendered":"https:\/\/hostnetart.com.br\/baixada\/contraf-cut-cobra-garantia-de-emprego-do-itau\/"},"modified":"2019-05-07T18:53:39","modified_gmt":"2019-05-07T21:53:39","slug":"contraf-cut-cobra-garantia-de-emprego-do-itau","status":"publish","type":"post","link":"https:\/\/hostnetart.com.br\/baixada\/contraf-cut-cobra-garantia-de-emprego-do-itau\/","title":{"rendered":"Contraf-CUT cobra garantia de emprego do Ita\u00fa"},"content":{"rendered":"<p>At\u00e9 a primeira quinzena de abril, o Ita\u00fa havia fechado 35 ag\u00eancias no pa\u00eds em 2019. Esse n\u00famero mais do que duplicou segunda-feira (6), chegando a 77 ag\u00eancias fechadas no pa\u00eds em 2019. O banco ainda vai fechar mais 57 ag\u00eancias at\u00e9 dia 3 de junho. As informa\u00e7\u00f5es foram passadas pelo pr\u00f3prio banco durante reuni\u00e3o com a Comiss\u00e3o de Organiza\u00e7\u00e3o dos Empregados (<a href=\"https:\/\/contrafcut.com.br\/noticias\/itau-coe-debatera-sobre-emprego-e-fechamento-de-agencias\/\" target=\"_blank\" rel=\"noopener noreferrer\">COE<\/a>) do Ita\u00fa na manh\u00e3 desta ter\u00e7a-feira (7), na sede da Confedera\u00e7\u00e3o Nacional dos Trabalhadores do Ramo Financeiro (Contraf-CUT), em S\u00e3o Paulo.<\/p>\n<p>As informa\u00e7\u00f5es haviam sido cobradas pelos representantes dos trabalhadores na \u00faltima reuni\u00e3o da COE com o banco. \u201cA informa\u00e7\u00e3o \u00e9 preocupante n\u00e3o apenas para os trabalhadores, mas tamb\u00e9m para os clientes e para a sociedade como um todo. Os trabalhadores correm o risco de ficarem sem emprego e os clientes correm o risco de ficarem sem atendimento. A cada dia que passa \u00e9 maior o n\u00famero de bairros e mesmo cidades sem nenhuma ag\u00eancia banc\u00e1ria\u201d, observou o dirigente da Contraf-CUT e coordenador da COE do Ita\u00fa, Jair Alves.<\/p>\n<p>\u201cAs pessoas precisam se deslocar por grandes dist\u00e2ncias at\u00e9 encontrar uma ag\u00eancia banc\u00e1ria. Isso tamb\u00e9m prejudica a economia das cidades e bairros que ficam sem ag\u00eancia. As pessoas, at\u00e9 por quest\u00e3o de seguran\u00e7a, fazem as compras onde sacam o dinheiro. O com\u00e9rcio destas cidades mingua\u201d, explicou.<\/p>\n<p>O banco informou que as ag\u00eancias foram fechadas por n\u00e3o darem resultados positivos. \u201cO banco se omite do cumprimento do seu papel social, que \u00e9 contribuir com o desenvolvimento regionalizado\u201d, criticou o dirigente da Contraf-CUT.<\/p>\n<h3>Desemprego e realoca\u00e7\u00e3o<\/h3>\n<p>Nas 35 ag\u00eancias fechadas at\u00e9 15 de abril, 112, dos 122 funcion\u00e1rios da \u00e1rea operacional foram realocados. Os outros 10 tamb\u00e9m foram desligados, segundo o banco, por problemas na performance. Os dados da \u00e1rea comercial ainda est\u00e3o em fechamento. O banco tamb\u00e9m n\u00e3o informou o n\u00famero de demiss\u00f5es.<\/p>\n<p>\u201cCobramos do banco que seja reaberto o Centro de Realoca\u00e7\u00e3o e que os banc\u00e1rios realocados n\u00e3o tenham avalia\u00e7\u00e3o de performance durante os seis primeiros meses de realocado. Vamos acompanhar de perto, em todo o Brasil, as realoca\u00e7\u00f5es dos banc\u00e1rios\u201d, afirmou Ramon Peres, banc\u00e1rio do Ita\u00fa e coordenador da COE do Ita\u00fa em MG.<\/p>\n<h3>Dados estat\u00edsticos<\/h3>\n<p>O banco tamb\u00e9m apresentou informa\u00e7\u00f5es demogr\u00e1ficas internas. As mulheres representam 59,4% do quadro funcional. Do total de funcion\u00e1rios, 95,73% aderiram ao conv\u00eanio m\u00e9dico do banco.<\/p>\n<p>Na compara\u00e7\u00e3o do n\u00famero de desligamentos entre o primeiro trimestre de 2018 com o mesmo per\u00edodo de 2019 os dados se mantiveram. O maior n\u00famero de desligamentos (26,2%) se concentra na faixa de 25 anos a 34 anos. Outros 18,8% desligamentos ocorreram na faixa de 40 anos a 49 anos.<\/p>\n<p>Em 2019 os n\u00fameros de desligamentos s\u00e3o de 31% \u00e1rea administrativa, 27,2% \u00e1rea comercial e 41,8% operacional. Em 2018 os n\u00fameros de desligamentos foram de 28%% \u00e1rea administrativa, 40,9% \u00e1rea comercial e 31,1% operacional, o que mostra uma invers\u00e3o nos n\u00fameros da \u00e1rea operacional e comercial. \u201cO turnover ainda permanece alto e cobramos uma explica\u00e7\u00e3o sobre o crescimento de demiss\u00f5es na \u00e1rea operacional\u201d, disse Jair Alves.<\/p>\n<p>Uma nova reuni\u00e3o deve acontecer no dia 18 de junho, quando o banco atualizar\u00e1 as informa\u00e7\u00f5es de realoca\u00e7\u00e3o das novas ag\u00eancias fechadas. Mas, os trabalhadores v\u00e3o se reunir antes disso para analisar as poss\u00edveis a\u00e7\u00f5es a serem tomadas contra o fechamento de ag\u00eancias e as demiss\u00f5es de funcion\u00e1rios.<\/p>\n<p><strong>Fonte: Contraf-CUT<\/strong><\/p>\n","protected":false},"excerpt":{"rendered":"<p>At\u00e9 a primeira quinzena de abril, o Ita\u00fa havia fechado 35 ag\u00eancias no pa\u00eds em 2019. Esse n\u00famero mais do que duplicou segunda-feira (6), chegando a 77 ag\u00eancias fechadas no pa\u00eds em 2019. O banco ainda vai fechar mais 57 ag\u00eancias at\u00e9 dia 3 de junho. As informa\u00e7\u00f5es foram passadas pelo pr\u00f3prio banco durante reuni\u00e3o [&hellip;]<\/p>\n","protected":false},"author":2,"featured_media":6625,"comment_status":"","ping_status":"","sticky":false,"template":"","format":"standard","meta":{"footnotes":""},"categories":[3],"tags":[],"class_list":["post-6626","post","type-post","status-publish","format-standard","has-post-thumbnail","hentry","category-noticias"],"_links":{"self":[{"href":"https:\/\/hostnetart.com.br\/baixada\/wp-json\/wp\/v2\/posts\/6626","targetHints":{"allow":["GET"]}}],"collection":[{"href":"https:\/\/hostnetart.com.br\/baixada\/wp-json\/wp\/v2\/posts"}],"about":[{"href":"https:\/\/hostnetart.com.br\/baixada\/wp-json\/wp\/v2\/types\/post"}],"author":[{"embeddable":true,"href":"https:\/\/hostnetart.com.br\/baixada\/wp-json\/wp\/v2\/users\/2"}],"replies":[{"embeddable":true,"href":"https:\/\/hostnetart.com.br\/baixada\/wp-json\/wp\/v2\/comments?post=6626"}],"version-history":[{"count":0,"href":"https:\/\/hostnetart.com.br\/baixada\/wp-json\/wp\/v2\/posts\/6626\/revisions"}],"wp:featuredmedia":[{"embeddable":true,"href":"https:\/\/hostnetart.com.br\/baixada\/wp-json\/wp\/v2\/media\/6625"}],"wp:attachment":[{"href":"https:\/\/hostnetart.com.br\/baixada\/wp-json\/wp\/v2\/media?parent=6626"}],"wp:term":[{"taxonomy":"category","embeddable":true,"href":"https:\/\/hostnetart.com.br\/baixada\/wp-json\/wp\/v2\/categories?post=6626"},{"taxonomy":"post_tag","embeddable":true,"href":"https:\/\/hostnetart.com.br\/baixada\/wp-json\/wp\/v2\/tags?post=6626"}],"curies":[{"name":"wp","href":"https:\/\/api.w.org\/{rel}","templated":true}]}}