{"id":6622,"date":"2019-05-07T18:51:18","date_gmt":"2019-05-07T21:51:18","guid":{"rendered":"https:\/\/hostnetart.com.br\/baixada\/reforma-tributaria-impediria-retrocessos-previstos-na-proposta-da-previdencia\/"},"modified":"2019-05-07T18:51:18","modified_gmt":"2019-05-07T21:51:18","slug":"reforma-tributaria-impediria-retrocessos-previstos-na-proposta-da-previdencia","status":"publish","type":"post","link":"https:\/\/hostnetart.com.br\/baixada\/reforma-tributaria-impediria-retrocessos-previstos-na-proposta-da-previdencia\/","title":{"rendered":"Reforma tribut\u00e1ria impediria retrocessos previstos na proposta da Previd\u00eancia"},"content":{"rendered":"<p class=\" \">Antes da\u00a0<a class=\"internal-link\" title=\"\" href=\"https:\/\/www.redebrasilatual.com.br\/trabalho\/2019\/05\/reforma-da-previdencia-comecam-os-debates-na-comissao-especial\" target=\"_blank\" rel=\"noopener noreferrer\">&#8220;reforma&#8221; da Previd\u00eancia<\/a>\u00a0que tramita na C\u00e2mara dos Deputados, a\u00a0<a class=\"internal-link\" title=\"\" href=\"https:\/\/www.redebrasilatual.com.br\/economia\/2019\/05\/reforma-da-previdencia-ignora-falhas-na-arrecadacao-aponta-economista\" target=\"_blank\" rel=\"noopener noreferrer\">reforma tribut\u00e1ria<\/a>deveria ser a discuss\u00e3o priorit\u00e1ria entre os poderes Executivo e Legislativo. A medida poderia impedir, por exemplo, que os\u00a0<a class=\"internal-link\" title=\"\" href=\"https:\/\/www.redebrasilatual.com.br\/blogs\/blog-na-rede\/2019\/04\/o-bem-estar-social-e-a-reforma-da-previdencia\" target=\"_blank\" rel=\"noopener noreferrer\">direitos trabalhistas sejam negligenciados<\/a>, como avaliam especialistas em audi\u00eancia realizada pela Comiss\u00e3o de Direitos Humanos do Senado nesta segunda-feira (6).\u00a0<\/p>\n<p class=\" \">Com foco na desonera\u00e7\u00e3o da folha e do consumo, as mudan\u00e7as na tributa\u00e7\u00e3o contribuiriam para a baixa dos pre\u00e7os nos produtos e no aumento da demanda por consumo e empregabilidade, al\u00e9m de ampliar a arrecada\u00e7\u00e3o, segundo explica o diretor do Sindicato dos Auditores Fiscais da Receita Federal do Brasil (Sindifisco Nacional), George de Souza, em entrevista ao rep\u00f3rter U\u00e9lson Kalinovski, do\u00a0<i>Seu Jornal<\/i>, da\u00a0<b>TVT<\/b>.<\/p>\n<p class=\" \">&#8220;Porque voc\u00ea ter\u00e1, como dito aqui no evento, um alargamento da base e uma redu\u00e7\u00e3o das al\u00edquotas. Mexendo na receita, voc\u00ea n\u00e3o precisa ser t\u00e3o duro na despesa como a PEC 6 (<em>Proposta de Emenda \u00e0 Constitui\u00e7\u00e3o da &#8220;reforma&#8221; da Previd\u00eancia<\/em>) est\u00e1 fazendo, avan\u00e7ado sobre muitos direitos dos trabalhadores, seja do regime geral ou do regime pr\u00f3prio. A reforma tribut\u00e1ria ela vem para amenizar os efeitos muito amargos dessa PEC 6&#8243;, prop\u00f5e o diretor do Sindifisco.<\/p>\n<p class=\" \">Na audi\u00eancia, os especialistas citaram a\u00a0<a class=\"internal-link\" title=\"\" href=\"https:\/\/www.redebrasilatual.com.br\/economia\/2018\/02\/desemprego-informalidade-previdencia-deixa-arrecadar-25-bi\" target=\"_blank\" rel=\"noopener noreferrer\">informalidade<\/a>\u00a0como um problema que agrava as condi\u00e7\u00f5es da seguridade social, al\u00e9m de questionarem o saldo negativo do sistema, apresentado pelo governo para justificar a &#8220;reforma&#8221; da Previd\u00eancia e que, na pr\u00e1tica, seria fabricado artificialmente pela Desvincula\u00e7\u00e3o de Receitas da Uni\u00e3o (DRU), de acordo com o presidente da Associa\u00e7\u00e3o Nacional dos Auditores Fiscais da Previd\u00eancia Social (Anfip), Floriano Martins de S\u00e1 Neto.\u00a0&#8220;A seguridade\u00a0social s\u00f3 foi necessitar de\u00a0financiamento do or\u00e7amento fiscal a partir de 2016, at\u00e9 2015 ela era\u00a0amplamente superavit\u00e1ria.&#8221;\u00a0<\/p>\n<p class=\" \"><strong>Fonte: Rede Brasil Atual<\/strong><\/p>\n","protected":false},"excerpt":{"rendered":"<p>Antes da\u00a0&#8220;reforma&#8221; da Previd\u00eancia\u00a0que tramita na C\u00e2mara dos Deputados, a\u00a0reforma tribut\u00e1riadeveria ser a discuss\u00e3o priorit\u00e1ria entre os poderes Executivo e Legislativo. A medida poderia impedir, por exemplo, que os\u00a0direitos trabalhistas sejam negligenciados, como avaliam especialistas em audi\u00eancia realizada pela Comiss\u00e3o de Direitos Humanos do Senado nesta segunda-feira (6).\u00a0 Com foco na desonera\u00e7\u00e3o da folha e [&hellip;]<\/p>\n","protected":false},"author":2,"featured_media":6621,"comment_status":"","ping_status":"","sticky":false,"template":"","format":"standard","meta":{"footnotes":""},"categories":[3],"tags":[],"class_list":["post-6622","post","type-post","status-publish","format-standard","has-post-thumbnail","hentry","category-noticias"],"_links":{"self":[{"href":"https:\/\/hostnetart.com.br\/baixada\/wp-json\/wp\/v2\/posts\/6622","targetHints":{"allow":["GET"]}}],"collection":[{"href":"https:\/\/hostnetart.com.br\/baixada\/wp-json\/wp\/v2\/posts"}],"about":[{"href":"https:\/\/hostnetart.com.br\/baixada\/wp-json\/wp\/v2\/types\/post"}],"author":[{"embeddable":true,"href":"https:\/\/hostnetart.com.br\/baixada\/wp-json\/wp\/v2\/users\/2"}],"replies":[{"embeddable":true,"href":"https:\/\/hostnetart.com.br\/baixada\/wp-json\/wp\/v2\/comments?post=6622"}],"version-history":[{"count":0,"href":"https:\/\/hostnetart.com.br\/baixada\/wp-json\/wp\/v2\/posts\/6622\/revisions"}],"wp:featuredmedia":[{"embeddable":true,"href":"https:\/\/hostnetart.com.br\/baixada\/wp-json\/wp\/v2\/media\/6621"}],"wp:attachment":[{"href":"https:\/\/hostnetart.com.br\/baixada\/wp-json\/wp\/v2\/media?parent=6622"}],"wp:term":[{"taxonomy":"category","embeddable":true,"href":"https:\/\/hostnetart.com.br\/baixada\/wp-json\/wp\/v2\/categories?post=6622"},{"taxonomy":"post_tag","embeddable":true,"href":"https:\/\/hostnetart.com.br\/baixada\/wp-json\/wp\/v2\/tags?post=6622"}],"curies":[{"name":"wp","href":"https:\/\/api.w.org\/{rel}","templated":true}]}}