{"id":6616,"date":"2019-05-07T03:38:44","date_gmt":"2019-05-07T06:38:44","guid":{"rendered":"https:\/\/hostnetart.com.br\/baixada\/leilao-de-loterias-e-adiado-pela-sexta-vez\/"},"modified":"2019-05-07T03:38:44","modified_gmt":"2019-05-07T06:38:44","slug":"leilao-de-loterias-e-adiado-pela-sexta-vez","status":"publish","type":"post","link":"https:\/\/hostnetart.com.br\/baixada\/leilao-de-loterias-e-adiado-pela-sexta-vez\/","title":{"rendered":"Leil\u00e3o de loterias \u00e9 adiado pela sexta vez"},"content":{"rendered":"<div class=\"elementor-element elementor-element-194680ec elementor-widget elementor-widget-theme-post-content\" data-id=\"194680ec\" data-element_type=\"widget\" data-widget_type=\"theme-post-content.default\">\n<div class=\"elementor-widget-container\">\n<p>O leil\u00e3o da Lotex foi adiado pela sexta vez. Prevista para o dia 9 de maio, a nova data foi remarcada para o dia 28 do mesmo m\u00eas, conforme aviso da Comiss\u00e3o de Outorga do Banco Nacional de Desenvolvimento Econ\u00f4mico e Social (BNDES).<\/p>\n<p>A Confedera\u00e7\u00e3o Nacional dos Trabalhadores do Ramo Financeiro (<a href=\"https:\/\/contrafcut.com.br\/noticias\/bancarios-vaos-as-ruas-para-defender-a-caixa-100-publica\/\" target=\"_blank\" rel=\"noopener noreferrer\">Contraf-CUT<\/a>) orienta que os <a href=\"https:\/\/contrafcut.com.br\/noticias\/bancarios-de-todo-o-pais-realizam-dia-nacional-de-luta-em-defesa-da-caixa\/\" target=\"_blank\" rel=\"noopener noreferrer\">sindicatos de todo o Brasil<\/a> mantenham as atividades em defesa da Caixa, contra a venda das loterias, o fatiamento e venda da Caixa e na defesa dos bancos p\u00fablicos, alertando para o fato de que com a privatiza\u00e7\u00e3o o pa\u00eds perde repasses de recursos importantes para pol\u00edticas p\u00fablicas essenciais.<\/p>\n<p>\u201cSegundo o pr\u00f3prio edital do leil\u00e3o, o repasse total das loterias para a \u00e1rea social, que em 2017 foi de quase 50%, com a privatiza\u00e7\u00e3o da Lotex cai para 15%. Perdem \u00e1reas essenciais como cultura, educa\u00e7\u00e3o, esporte e seguran\u00e7a. Por isso, a resist\u00eancia dos empregados e da sociedade \u00e9 fundamental para barrar essa amea\u00e7a. Vamos continuar mostrando ao governo e \u00e0 popula\u00e7\u00e3o que n\u00e3o interessa a ningu\u00e9m essa privatiza\u00e7\u00e3o\u201d, enfatiza o coordenador da Comiss\u00e3o Executiva dos Empregados (CEE) da Caixa, Dion\u00edsio Reis.<\/p>\n<p>\u201cVemos que o atual governo hoje ataca n\u00e3o s\u00f3 as estatais brasileiras, como a Caixa, mas todos os servi\u00e7os p\u00fablicos e os direitos, o que inclui a Previd\u00eancia, favorecendo interesses privados. Diante da amea\u00e7a de colocar fim \u00e0 aposentadoria p\u00fablica, solid\u00e1ria e para todos com a reforma da Previd\u00eancia, o movimento sindical avaliou que o momento exige foco na greve geral, convocada pelas centrais para 14 de junho. Portanto, o 35\u00ba Congresso Nacional dos Empregados da Caixa Econ\u00f4mica Federal (<a href=\"https:\/\/contrafcut.com.br\/noticias\/caixa-35o-conecef-acontece-nos-dias-1-e-2-de-agosto\/\" target=\"_blank\" rel=\"noopener noreferrer\">Conecef<\/a>) ocorrer\u00e1 nos dias 1\u00ba e 2 de agosto de 2019, em S\u00e3o Paulo\u201d, acrescenta.<\/p>\n<p>De acordo com o balan\u00e7o do banco p\u00fablico, de 2011 a 2016 as loterias da Caixa arrecadaram R$ 60 bilh\u00f5es. Desse total, R$ 27 bi foram destinados para \u00e1reas sociais. Apenas em 2016, as loterias operadas exclusivamente pela Caixa arrecadaram R$ 12,9 bilh\u00f5es, dos quais R$ 4,8 bi foram transferidos para programas sociais. Desse total, 45,4% foram direcionados para a seguridade social, 19% para o Fies, 19,6 % para o esporte nacional, 8,1% para o Fundo Penitenci\u00e1rio Nacional 7,5% para o Fundo Nacional de Cultura 7,5% e 0,4% para o Fundo Nacional de Sa\u00fade.<\/p>\n<p>\u201cAl\u00e9m de barrar o fim das aposentadorias e da seguridade social, precisamos impedir o fatiamento da Caixa e a venda dos bancos p\u00fablicos, que amea\u00e7a empregos e, sobretudo, o desenvolvimento social do pa\u00eds. Por isso, iremos todos juntos participar da <a href=\"https:\/\/go.cut.org.br\/noticias\/14-de-junho-greve-geral-2357\" target=\"_blank\" rel=\"noopener noreferrer\">greve-geral<\/a>, no dia 14 de junho\u201d, conclui Dion\u00edsio.<\/p>\n<p><strong>Fonte: Contraf-CUT<\/strong><\/p>\n<\/div>\n<\/div>\n","protected":false},"excerpt":{"rendered":"<p>O leil\u00e3o da Lotex foi adiado pela sexta vez. Prevista para o dia 9 de maio, a nova data foi remarcada para o dia 28 do mesmo m\u00eas, conforme aviso da Comiss\u00e3o de Outorga do Banco Nacional de Desenvolvimento Econ\u00f4mico e Social (BNDES). A Confedera\u00e7\u00e3o Nacional dos Trabalhadores do Ramo Financeiro (Contraf-CUT) orienta que os [&hellip;]<\/p>\n","protected":false},"author":2,"featured_media":6615,"comment_status":"","ping_status":"","sticky":false,"template":"","format":"standard","meta":{"footnotes":""},"categories":[3],"tags":[],"class_list":["post-6616","post","type-post","status-publish","format-standard","has-post-thumbnail","hentry","category-noticias"],"_links":{"self":[{"href":"https:\/\/hostnetart.com.br\/baixada\/wp-json\/wp\/v2\/posts\/6616","targetHints":{"allow":["GET"]}}],"collection":[{"href":"https:\/\/hostnetart.com.br\/baixada\/wp-json\/wp\/v2\/posts"}],"about":[{"href":"https:\/\/hostnetart.com.br\/baixada\/wp-json\/wp\/v2\/types\/post"}],"author":[{"embeddable":true,"href":"https:\/\/hostnetart.com.br\/baixada\/wp-json\/wp\/v2\/users\/2"}],"replies":[{"embeddable":true,"href":"https:\/\/hostnetart.com.br\/baixada\/wp-json\/wp\/v2\/comments?post=6616"}],"version-history":[{"count":0,"href":"https:\/\/hostnetart.com.br\/baixada\/wp-json\/wp\/v2\/posts\/6616\/revisions"}],"wp:featuredmedia":[{"embeddable":true,"href":"https:\/\/hostnetart.com.br\/baixada\/wp-json\/wp\/v2\/media\/6615"}],"wp:attachment":[{"href":"https:\/\/hostnetart.com.br\/baixada\/wp-json\/wp\/v2\/media?parent=6616"}],"wp:term":[{"taxonomy":"category","embeddable":true,"href":"https:\/\/hostnetart.com.br\/baixada\/wp-json\/wp\/v2\/categories?post=6616"},{"taxonomy":"post_tag","embeddable":true,"href":"https:\/\/hostnetart.com.br\/baixada\/wp-json\/wp\/v2\/tags?post=6616"}],"curies":[{"name":"wp","href":"https:\/\/api.w.org\/{rel}","templated":true}]}}