{"id":6614,"date":"2019-05-07T03:35:19","date_gmt":"2019-05-07T06:35:19","guid":{"rendered":"https:\/\/hostnetart.com.br\/baixada\/mpt-lanca-campanha-de-valorizacao-do-movimento-sindical\/"},"modified":"2019-05-07T03:35:19","modified_gmt":"2019-05-07T06:35:19","slug":"mpt-lanca-campanha-de-valorizacao-do-movimento-sindical","status":"publish","type":"post","link":"https:\/\/hostnetart.com.br\/baixada\/mpt-lanca-campanha-de-valorizacao-do-movimento-sindical\/","title":{"rendered":"MPT lan\u00e7a campanha de valoriza\u00e7\u00e3o do movimento sindical"},"content":{"rendered":"<div class=\"elementor-element elementor-element-194680ec elementor-widget elementor-widget-theme-post-content\" data-id=\"194680ec\" data-element_type=\"widget\" data-widget_type=\"theme-post-content.default\">\n<div class=\"elementor-widget-container\">\n<p>O Minist\u00e9rio P\u00fablico do Trabalho (MPT) lan\u00e7ou neste m\u00eas a campanha \u201c<a href=\"https:\/\/mpt.mp.br\/pgt\/noticias\/campanha-do-mpt-divulga-conquistas-dos-trabalhadores-obtidas-pela-atuacao-de-sindicatos\" target=\"_blank\" rel=\"noopener noreferrer\">Maio Lil\u00e1s: Conhe\u00e7a quem te representa<\/a>\u201d com o objetivo de destacar a import\u00e2ncia das a\u00e7\u00f5es e pr\u00e1ticas do movimento sindical que resultam em conquistas de direitos. Entre 2012 e 2017, foram registradas mais de 53 mil conven\u00e7\u00f5es coletivas de trabalho, que trazem conquistas relativas \u00e0 remunera\u00e7\u00e3o, contrata\u00e7\u00e3o, condi\u00e7\u00f5es e rela\u00e7\u00f5es de trabalho, sa\u00fade e seguran\u00e7a do trabalhador e jornada, entre outros direitos.<\/p>\n<p>\u201cAs empresas e as entidades patronais n\u00e3o d\u00e3o nada de m\u00e3o beijada. Tudo aquilo que chamam de benef\u00edcios s\u00e3o, na verdade, conquistas do movimento sindical. Os trabalhadores sabem que \u00e9 preciso haver uma estrutura, com t\u00e9cnicos e especialistas, para negociar com os bancos e defender seus direitos\u201d, informou a presidenta da Contraf-CUT, Juvandia Moreira.<\/p>\n<p>Desde 2017 o MPT dedica esse m\u00eas, inaugurado pelo Dia Internacional do Trabalho, 1\u00ba de maio, \u00e0 conscientiza\u00e7\u00e3o da import\u00e2ncia da atua\u00e7\u00e3o sindical. A cor lil\u00e1s foi escolhida por ser a cor, conforme uma das vers\u00f5es, do tecido confeccionado pelas mulheres que trabalhavam numa f\u00e1brica em Nova Iorque quando, em 8 de mar\u00e7o de 1857, um inc\u00eandio vitimou 129 delas durante movimento grevista das trabalhadoras, que reivindicavam melhores sal\u00e1rios e redu\u00e7\u00e3o de jornada.<\/p>\n<p>\u201cEsse ano, o foco ser\u00e1 nas boas pr\u00e1ticas sindicais e nas conquistas dos trabalhadores, tais como o direito ao aviso pr\u00e9vio, ao 13\u00ba sal\u00e1rio, \u00e0 irredutibilidade salarial, obtidas pelos sindicatos, que representam toda a categoria, sejam os trabalhadores sindicalizados ou n\u00e3o\u201d, explica o coordenador nacional de Promo\u00e7\u00e3o da Liberdade Sindical (Conalis), do MPT, procurador Jo\u00e3o Hil\u00e1rio.<\/p>\n<p>Pesquisa do Departamento Intersindical de Estat\u00edsticas e Desenvolvimento Socioecon\u00f4mico (<a href=\"https:\/\/www.dieese.org.br\/notatecnica\/2018\/notaTec200financiamentoSindical.html\" target=\"_blank\" rel=\"noopener noreferrer\">DIEESE<\/a>) destaca que, em 2018, de acordo com o Cadastro Nacional de Entidades Sindicais, havia no Brasil: 11.578 sindicatos, 424 federa\u00e7\u00f5es e 36 confedera\u00e7\u00f5es de trabalhadores. Segundo dados da Rela\u00e7\u00e3o Anual de Informa\u00e7\u00f5es Sociais, isso abrangeria, em termos de representa\u00e7\u00e3o, aproximadamente <a href=\"https:\/\/www.dieese.org.br\/balancodasgreves\/2018\/estPesq89balancoGreves2018.html\" target=\"_blank\" rel=\"noopener noreferrer\">46 milh\u00f5es de trabalhadores<\/a>.<\/p>\n<h3>Movimento sindical dos banc\u00e1rios: nossas conquistas n\u00e3o s\u00e3o poucas<\/h3>\n<p>Jornada de trabalho de seis horas, n\u00e3o trabalho aos s\u00e1bados, aux\u00edlio-creche, licen\u00e7a maternidade de seis meses, licen\u00e7a paternidade de vinte dias, Participa\u00e7\u00e3o nos Lucros e Resultados e vales refei\u00e7\u00e3o e alimenta\u00e7\u00e3o s\u00e3o apenas <a href=\"https:\/\/contrafcut.com.br\/noticias\/bancarios-dao-importancia-aos-seus-sindicatos\/\" target=\"_blank\" rel=\"noopener noreferrer\">algumas das conquistas acumuladas pelos banc\u00e1rios lado dos sindicatos de todo o Brasi<\/a>l. \u201cOs avan\u00e7os que os banc\u00e1rios t\u00eam at\u00e9 hoje s\u00e3o fruto da mobiliza\u00e7\u00e3o e da luta de diversas gera\u00e7\u00f5es de trabalhadores, que se organizaram por meio do Sindicato\u201d, completou Juvandia.<\/p>\n<p><strong>Fonte: Contraf-CUT<\/strong><\/p>\n<div class=\"elementor-element elementor-element-194680ec elementor-widget elementor-widget-theme-post-content\" data-id=\"194680ec\" data-element_type=\"widget\" data-widget_type=\"theme-post-content.default\">\n<div class=\"elementor-widget-container\"><\/p>\n<p>\u00a0<\/p>\n<\/div>\n<\/div>\n<\/div>\n<\/div>\n","protected":false},"excerpt":{"rendered":"<p>O Minist\u00e9rio P\u00fablico do Trabalho (MPT) lan\u00e7ou neste m\u00eas a campanha \u201cMaio Lil\u00e1s: Conhe\u00e7a quem te representa\u201d com o objetivo de destacar a import\u00e2ncia das a\u00e7\u00f5es e pr\u00e1ticas do movimento sindical que resultam em conquistas de direitos. Entre 2012 e 2017, foram registradas mais de 53 mil conven\u00e7\u00f5es coletivas de trabalho, que trazem conquistas relativas [&hellip;]<\/p>\n","protected":false},"author":2,"featured_media":6613,"comment_status":"","ping_status":"","sticky":false,"template":"","format":"standard","meta":{"footnotes":""},"categories":[3],"tags":[],"class_list":["post-6614","post","type-post","status-publish","format-standard","has-post-thumbnail","hentry","category-noticias"],"_links":{"self":[{"href":"https:\/\/hostnetart.com.br\/baixada\/wp-json\/wp\/v2\/posts\/6614","targetHints":{"allow":["GET"]}}],"collection":[{"href":"https:\/\/hostnetart.com.br\/baixada\/wp-json\/wp\/v2\/posts"}],"about":[{"href":"https:\/\/hostnetart.com.br\/baixada\/wp-json\/wp\/v2\/types\/post"}],"author":[{"embeddable":true,"href":"https:\/\/hostnetart.com.br\/baixada\/wp-json\/wp\/v2\/users\/2"}],"replies":[{"embeddable":true,"href":"https:\/\/hostnetart.com.br\/baixada\/wp-json\/wp\/v2\/comments?post=6614"}],"version-history":[{"count":0,"href":"https:\/\/hostnetart.com.br\/baixada\/wp-json\/wp\/v2\/posts\/6614\/revisions"}],"wp:featuredmedia":[{"embeddable":true,"href":"https:\/\/hostnetart.com.br\/baixada\/wp-json\/wp\/v2\/media\/6613"}],"wp:attachment":[{"href":"https:\/\/hostnetart.com.br\/baixada\/wp-json\/wp\/v2\/media?parent=6614"}],"wp:term":[{"taxonomy":"category","embeddable":true,"href":"https:\/\/hostnetart.com.br\/baixada\/wp-json\/wp\/v2\/categories?post=6614"},{"taxonomy":"post_tag","embeddable":true,"href":"https:\/\/hostnetart.com.br\/baixada\/wp-json\/wp\/v2\/tags?post=6614"}],"curies":[{"name":"wp","href":"https:\/\/api.w.org\/{rel}","templated":true}]}}