{"id":6610,"date":"2019-05-07T03:31:30","date_gmt":"2019-05-07T06:31:30","guid":{"rendered":"https:\/\/hostnetart.com.br\/baixada\/frente-em-defesa-dos-bancos-publicos-sera-lancada-na-quarta-feira-08\/"},"modified":"2019-05-07T03:31:30","modified_gmt":"2019-05-07T06:31:30","slug":"frente-em-defesa-dos-bancos-publicos-sera-lancada-na-quarta-feira-08","status":"publish","type":"post","link":"https:\/\/hostnetart.com.br\/baixada\/frente-em-defesa-dos-bancos-publicos-sera-lancada-na-quarta-feira-08\/","title":{"rendered":"Frente em Defesa dos Bancos P\u00fablicos ser\u00e1 lan\u00e7ada na quarta-feira (08)"},"content":{"rendered":"<div class=\"elementor-element elementor-element-194680ec elementor-widget elementor-widget-theme-post-content\" data-id=\"194680ec\" data-element_type=\"widget\" data-widget_type=\"theme-post-content.default\">\n<div class=\"elementor-widget-container\">\n<p>A<a href=\"https:\/\/www.fenae.org.br\/portal\/fenae-portal\/noticias\/mais-de-200-parlamentares-ja-fazem-parte-da-frente-em-defesa-dos-bancos-publicos.htm\"> Frente Parlamentar Mista em Defesa dos Bancos P\u00fablicos ser\u00e1 lan\u00e7ada, nesta quarta-feira (8), na C\u00e2mara dos Deputados<\/a>. As mais de 200 assinaturas de parlamentares de 19 partidos diferentes mostram como a pauta em defesa dos bancos p\u00fablicos vem ganhando for\u00e7a no Congresso Nacional.<\/p>\n<p>Como um instrumento suprapartid\u00e1rio, a Frente tem o objetivo de analisar todos os projetos em tramita\u00e7\u00e3o nas duas casas legislativas e difundir a causa das institui\u00e7\u00f5es financeiras p\u00fablicas para outras esferas. Al\u00e9m de ser um espa\u00e7o para a an\u00e1lise de todos os fatores que envolvem as amea\u00e7as de privatiza\u00e7\u00e3o, \u00e9 um canal de di\u00e1logo amplo.<\/p>\n<p>\u201cN\u00f3s atuamos em v\u00e1rias frentes em defesa dos bancos p\u00fablicos, seja na articula\u00e7\u00e3o com os sindicatos que representam os funcion\u00e1rios das empresas p\u00fablicas, que tamb\u00e9m est\u00e3o amea\u00e7ados de privatiza\u00e7\u00e3o e desmonte, seja com o parlamento e fazendo debate com a popula\u00e7\u00e3o, <a href=\"https:\/\/contrafcut.com.br\/noticias\/stf-proibe-venda-do-controle-acionario-de-empresas-publicas-88c8\/\" target=\"_blank\" rel=\"noopener noreferrer\">al\u00e9m das estrat\u00e9gias jur\u00eddicas<\/a>\u201d, lembrou Juvandia Moreira, presidenta da Confedera\u00e7\u00e3o Nacional dos Trabalhadores do Ramo Financeiro (Contraf-CUT), ao explicar que a frente parlamentar mista existia na legislatura anterior. A Contraf-CUT e a Fenae articularam com deputados e senadores para que fosse reativada. \u201cEstamos fazendo uma cartilha para ser distribu\u00edda a prefeitos, vereadores, deputados estaduais, lideran\u00e7as e para o p\u00fablico em geral mostrando a import\u00e2ncia dos bancos p\u00fablicos para os estados e munic\u00edpios.\u201d<\/p>\n<p>A Frente ganha for\u00e7a \u00e0 medida que a equipe econ\u00f4mica do atual governo anuncia novas a\u00e7\u00f5es que enfraquecem os bancos p\u00fablicos como agentes das principais pol\u00edticas p\u00fablicas sociais do pa\u00eds. A diretoria da Caixa j\u00e1 iniciou venda de ativos e anunciou a abertura de capital de quatro subsidi\u00e1rias do banco. \u201cAs estrat\u00e9gias e a\u00e7\u00f5es adotadas at\u00e9 o momento sinalizam um inevit\u00e1vel enfraquecimento dos bancos p\u00fablicos. Queremos que a Caixa continue exercendo o seu papel fundamental para a sociedade brasileira\u201d, avaliou o presidente da Federa\u00e7\u00e3o Nacional das Associa\u00e7\u00f5es do Pessoal da Caixa (Fenae), Jair Pedro Ferreira.<\/p>\n<h3>Semin\u00e1rio \u201cBancos P\u00fablicos e Desenvolvimento\u201d<\/h3>\n<p>Para enriquecer ser\u00e1 a discuss\u00e3o, ser\u00e1 realizado conjuntamente o Semin\u00e1rio \u201cBancos P\u00fablicos e Desenvolvimento\u201d que reunir\u00e1 especialistas em economia, tamb\u00e9m no audit\u00f3rio Nereu Ramos, na C\u00e2mara dos Deputados.<\/p>\n<p>Professores renomados como Luiz Gonzaga Belluzzo (Unicamp), que foi chefe da Assessoria Especial do Minist\u00e9rio da Fazenda, Paulo Fernando Cavalcanti Filho (UFPb) e Luiz Fernando de Paula (UFRJ) ser\u00e3o palestrantes.<\/p>\n<p>Al\u00e9m de parlamentares, participar\u00e3o representantes de movimentos sociais, de entidades ligadas a bancos p\u00fablicos, centrais sindicais e universidades.<\/p>\n<p><strong>Fonte: Contraf-CUT<\/strong><\/p>\n<\/div>\n<\/div>\n","protected":false},"excerpt":{"rendered":"<p>A Frente Parlamentar Mista em Defesa dos Bancos P\u00fablicos ser\u00e1 lan\u00e7ada, nesta quarta-feira (8), na C\u00e2mara dos Deputados. As mais de 200 assinaturas de parlamentares de 19 partidos diferentes mostram como a pauta em defesa dos bancos p\u00fablicos vem ganhando for\u00e7a no Congresso Nacional. Como um instrumento suprapartid\u00e1rio, a Frente tem o objetivo de analisar [&hellip;]<\/p>\n","protected":false},"author":2,"featured_media":6609,"comment_status":"","ping_status":"","sticky":false,"template":"","format":"standard","meta":{"footnotes":""},"categories":[3],"tags":[],"class_list":["post-6610","post","type-post","status-publish","format-standard","has-post-thumbnail","hentry","category-noticias"],"_links":{"self":[{"href":"https:\/\/hostnetart.com.br\/baixada\/wp-json\/wp\/v2\/posts\/6610","targetHints":{"allow":["GET"]}}],"collection":[{"href":"https:\/\/hostnetart.com.br\/baixada\/wp-json\/wp\/v2\/posts"}],"about":[{"href":"https:\/\/hostnetart.com.br\/baixada\/wp-json\/wp\/v2\/types\/post"}],"author":[{"embeddable":true,"href":"https:\/\/hostnetart.com.br\/baixada\/wp-json\/wp\/v2\/users\/2"}],"replies":[{"embeddable":true,"href":"https:\/\/hostnetart.com.br\/baixada\/wp-json\/wp\/v2\/comments?post=6610"}],"version-history":[{"count":0,"href":"https:\/\/hostnetart.com.br\/baixada\/wp-json\/wp\/v2\/posts\/6610\/revisions"}],"wp:featuredmedia":[{"embeddable":true,"href":"https:\/\/hostnetart.com.br\/baixada\/wp-json\/wp\/v2\/media\/6609"}],"wp:attachment":[{"href":"https:\/\/hostnetart.com.br\/baixada\/wp-json\/wp\/v2\/media?parent=6610"}],"wp:term":[{"taxonomy":"category","embeddable":true,"href":"https:\/\/hostnetart.com.br\/baixada\/wp-json\/wp\/v2\/categories?post=6610"},{"taxonomy":"post_tag","embeddable":true,"href":"https:\/\/hostnetart.com.br\/baixada\/wp-json\/wp\/v2\/tags?post=6610"}],"curies":[{"name":"wp","href":"https:\/\/api.w.org\/{rel}","templated":true}]}}