{"id":6608,"date":"2019-05-06T14:58:47","date_gmt":"2019-05-06T17:58:47","guid":{"rendered":"https:\/\/hostnetart.com.br\/baixada\/61-milhoes-de-pessoas-podem-ficar-sem-agua-no-brasil-metade-esta-em-sp-e-rj\/"},"modified":"2019-05-06T14:58:47","modified_gmt":"2019-05-06T17:58:47","slug":"61-milhoes-de-pessoas-podem-ficar-sem-agua-no-brasil-metade-esta-em-sp-e-rj","status":"publish","type":"post","link":"https:\/\/hostnetart.com.br\/baixada\/61-milhoes-de-pessoas-podem-ficar-sem-agua-no-brasil-metade-esta-em-sp-e-rj\/","title":{"rendered":"61 milh\u00f5es de pessoas podem ficar sem \u00e1gua no Brasil. Metade est\u00e1 em SP e RJ"},"content":{"rendered":"<p>Estudo feito pela Ag\u00eancia Nacional de \u00c1guas (ANA) indica que 60,9 milh\u00f5es de pessoas podem\u00a0<a class=\"external-link\" title=\"\" href=\"http:\/\/www.snirh.gov.br\/portal\/snirh\/centrais-de-conteudos\/conjuntura-dos-recursos-hidricos\/conj2017_rel-1.pdf\" target=\"_blank\" rel=\"noopener noreferrer\">ficar sem \u00e1gua no Brasil<\/a> em caso de um prolongado per\u00edodo sem chuvas. Destas, 20,5 milh\u00f5es est\u00e3o na regi\u00e3o metropolitana de S\u00e3o Paulo, que j\u00e1 sofreu uma grave crise de abastecimento nos anos de 2014 e 2015. O n\u00famero de paulistanos sob risco equivale a quase metade da popula\u00e7\u00e3o do estado. Outros 11,8 milh\u00f5es est\u00e3o na capital fluminense, equivalente a 68,6% da popula\u00e7\u00e3o do estado.<\/p>\n<p>O risco de desabastecimento afeta 5 milh\u00f5es de pessoas em Pernambuco, 4,5 milh\u00f5es em Minas Gerais, 3,1 milh\u00f5es na Bahia e 1,8 milh\u00e3o na Para\u00edba.<\/p>\n<p>De acordo com a ANA, h\u00e1 um aumento significativo da demanda em locais onde as fontes j\u00e1 n\u00e3o oferecem \u00e1gua suficiente para o pleno atendimento. A ag\u00eancia elaborou um novo \u00edndice para medir o risco de desabastecimento nos reservat\u00f3rios monitorados. O \u00cdndice de Seguran\u00e7a H\u00eddrica (ISH) aponta a quantidade de moradores em risco, considerando fatores como a oferta de \u00e1gua para a popula\u00e7\u00e3o, para a produ\u00e7\u00e3o econ\u00f4mica, a vulnerabilidade dos mananciais e o potencial dos estoques.<\/p>\n<p>Dados da Companhia de Saneamento B\u00e1sico do Estado de S\u00e3o Paulo (Sabesp) indicam que o volume armazenado nos sete reservat\u00f3rios da regi\u00e3o metropolitana de S\u00e3o Paulo corresponde a\u00a0<a class=\"internal-link\" title=\"\" href=\"https:\/\/www.redebrasilatual.com.br\/ambiente\/2019\/03\/reservatorios-de-agua-da-grande-sp-enchem-mas-melhora-nao-garante-fim-de-secas\" target=\"_blank\" rel=\"noopener noreferrer\">76,5 % da capacidade<\/a>, pouco acima dos 69,9% registrados em 2013, \u00faltimo ano antes da seca que levou a popula\u00e7\u00e3o paulista a conviver com o racionamento de \u00e1gua. J\u00e1 no Rio, a represa de Para\u00edba do Sul opera com 55,8% da capacidade, abaixo do registrado em 2013: 65%.<\/p>\n<p>Al\u00e9m dos riscos atuais, a ANA destacou que se n\u00e3o houver obras e a\u00e7\u00f5es de redu\u00e7\u00e3o de perdas e desperd\u00edcio, o n\u00famero de pessoas\u00a0 amea\u00e7adas deve aumentar em 21% at\u00e9 2035, chegando a aproximadamente 75 milh\u00f5es de pessoas.<\/p>\n<p>A ag\u00eancia prop\u00f4s um conjunto de 99 obras priorit\u00e1rias, como novas barragens, dutos e canais, que j\u00e1 constam do Plano Nacional de Seguran\u00e7a H\u00eddrica. O custo estimado \u00e9 de R$ 27,6 bilh\u00f5es. Destas obras, <a class=\"internal-link\" title=\"\" href=\"https:\/\/www.redebrasilatual.com.br\/ambiente\/2018\/09\/reducao-dos-reservatorios-avanca-sao-paulo-esta-perto-dias-de-nova-crise-hidrica\" target=\"_blank\" rel=\"noopener noreferrer\">15 seriam em S\u00e3o Paulo<\/a>, ao custo de R$ 2,8 bilh\u00f5es, e nove no Rio de Janeiro, estimadas em 5,1 bilh\u00f5es.<\/p>\n<p>&#8220;O Brasil tem 12% da \u00e1gua doce do mundo, mas ela est\u00e1 basicamente na regi\u00e3o Norte. Diferentemente do setor el\u00e9trico, a gente n\u00e3o tem linhas de transmiss\u00e3o para fazer a distribui\u00e7\u00e3o. Esta infraestrutura proposta, grosso modo, seria como as linhas de transmiss\u00e3o para que a gente chegue com a \u00e1gua nos diversos lugares, nos diversos atendimentos e seus usos todos&#8221;, explicou Marcelo Cruz, diretor da ANA.<\/p>\n<p><strong>Fonte: Rede Brasil Atual<\/strong><\/p>\n","protected":false},"excerpt":{"rendered":"<p>Estudo feito pela Ag\u00eancia Nacional de \u00c1guas (ANA) indica que 60,9 milh\u00f5es de pessoas podem\u00a0ficar sem \u00e1gua no Brasil em caso de um prolongado per\u00edodo sem chuvas. Destas, 20,5 milh\u00f5es est\u00e3o na regi\u00e3o metropolitana de S\u00e3o Paulo, que j\u00e1 sofreu uma grave crise de abastecimento nos anos de 2014 e 2015. O n\u00famero de paulistanos [&hellip;]<\/p>\n","protected":false},"author":2,"featured_media":6607,"comment_status":"","ping_status":"","sticky":false,"template":"","format":"standard","meta":{"footnotes":""},"categories":[3],"tags":[],"class_list":["post-6608","post","type-post","status-publish","format-standard","has-post-thumbnail","hentry","category-noticias"],"_links":{"self":[{"href":"https:\/\/hostnetart.com.br\/baixada\/wp-json\/wp\/v2\/posts\/6608","targetHints":{"allow":["GET"]}}],"collection":[{"href":"https:\/\/hostnetart.com.br\/baixada\/wp-json\/wp\/v2\/posts"}],"about":[{"href":"https:\/\/hostnetart.com.br\/baixada\/wp-json\/wp\/v2\/types\/post"}],"author":[{"embeddable":true,"href":"https:\/\/hostnetart.com.br\/baixada\/wp-json\/wp\/v2\/users\/2"}],"replies":[{"embeddable":true,"href":"https:\/\/hostnetart.com.br\/baixada\/wp-json\/wp\/v2\/comments?post=6608"}],"version-history":[{"count":0,"href":"https:\/\/hostnetart.com.br\/baixada\/wp-json\/wp\/v2\/posts\/6608\/revisions"}],"wp:featuredmedia":[{"embeddable":true,"href":"https:\/\/hostnetart.com.br\/baixada\/wp-json\/wp\/v2\/media\/6607"}],"wp:attachment":[{"href":"https:\/\/hostnetart.com.br\/baixada\/wp-json\/wp\/v2\/media?parent=6608"}],"wp:term":[{"taxonomy":"category","embeddable":true,"href":"https:\/\/hostnetart.com.br\/baixada\/wp-json\/wp\/v2\/categories?post=6608"},{"taxonomy":"post_tag","embeddable":true,"href":"https:\/\/hostnetart.com.br\/baixada\/wp-json\/wp\/v2\/tags?post=6608"}],"curies":[{"name":"wp","href":"https:\/\/api.w.org\/{rel}","templated":true}]}}