{"id":6606,"date":"2019-05-06T14:57:37","date_gmt":"2019-05-06T17:57:37","guid":{"rendered":"https:\/\/hostnetart.com.br\/baixada\/economia-brasileira-esta-em-depressao-e-no-fundo-do-poco-avaliam-economistas\/"},"modified":"2019-05-06T14:57:37","modified_gmt":"2019-05-06T17:57:37","slug":"economia-brasileira-esta-em-depressao-e-no-fundo-do-poco-avaliam-economistas","status":"publish","type":"post","link":"https:\/\/hostnetart.com.br\/baixada\/economia-brasileira-esta-em-depressao-e-no-fundo-do-poco-avaliam-economistas\/","title":{"rendered":"Economia brasileira est\u00e1 em depress\u00e3o e no fundo do po\u00e7o, avaliam economistas"},"content":{"rendered":"<p>A <a class=\"internal-link\" title=\"\" href=\"https:\/\/www.redebrasilatual.com.br\/economia\/2019\/05\/producao-industrial-cai-em-marco-e-no-primeiro-trimestre\" target=\"_self\">retra\u00e7\u00e3o na produ\u00e7\u00e3o industrial<\/a> em 1,3% de fevereiro para mar\u00e7o, e de 6,1% na compara\u00e7\u00e3o com mar\u00e7o de 2018, segundo n\u00fameros do IBGE, j\u00e1 era um cen\u00e1rio esperado, levando-se em conta as pol\u00edticas, ou n\u00e3o pol\u00edticas, do governo Jair <strong>Bolsonaro<\/strong> (PSL), que completou quatro meses neste in\u00edcio de maio.\u00a0\u201cHavia esperan\u00e7a de recupera\u00e7\u00e3o com a PEC do teto de gastos, assim como aconteceu com a <strong>reforma trabalhista<\/strong> (ambas no governo Michel Temer). Agora, com o novo governo pr\u00f3-mercado, a aposta era de que as reformas iam dinamizar a economia, mas isso mais uma vez se frustra, como em 2016, 2017 e 2018\u201d, avalia Guilherme Mello, professor do Instituto de Economia da Universidade Estadual de Campinas (Unicamp).<\/p>\n<p>O Brasil est\u00e1 em depress\u00e3o h\u00e1 quatro anos e nada indica a supera\u00e7\u00e3o desse quadro. Na literatura de Economia, isso \u00e9 chamado \u201chisterese\u201d: se o crescimento \u00e9 muito abaixo do potencial durante muito tempo, isso afeta o potencial futuro de crescimento.\u00a0\u201cOs efeitos dessa depress\u00e3o v\u00e3o se refletir no futuro\u201d, diz Mello.\u00a0<\/p>\n<p>O clima de depress\u00e3o, segundo ele, \u00e9 an\u00e1logo ao diagn\u00f3stico de <strong>depress\u00e3o<\/strong> no sentido psicanal\u00edtico, quando a pessoa n\u00e3o tem vontade de viver, n\u00e3o quer sair da cama e n\u00e3o tem \u201cvitalidade\u201d. \u201cAs frustra\u00e7\u00f5es recorrentes apontam para um menor potencial de crescimento no futuro. As previs\u00f5es de crescimento para 2020 tamb\u00e9m s\u00e3o baixas. E 2019 j\u00e1 \u00e9 um ano que n\u00e3o foi.\u201d<\/p>\n<p>N\u00e3o \u00e9 apenas a ind\u00fastria que est\u00e1 em crise. <a class=\"external-link\" title=\"\" href=\"https:\/\/www1.folha.uol.com.br\/colunas\/painelsa\/2019\/05\/ano-ja-acabou-para-a-construcao-civil-diz-setor.shtml\" target=\"_self\">Nota da coluna Painel S.A.<\/a> da <em>Folha de S. Paulo<\/em> desta sexta-feira (3) informa: \u201cAno j\u00e1 acabou para a constru\u00e7\u00e3o civil\u201d. \u201cA estimativa \u00e9 que o PIB do setor suba 1% a 2%, mas impulsionado pelo mercado informal, n\u00e3o pelas construtoras\u201d, diz a nota.<\/p>\n<p>Jo\u00e3o\u00a0Sics\u00fa,\u00a0professor do Instituto de Economia da Universidade Federal do Rio de Janeiro (UFRJ), avalia que a economia brasileira est\u00e1 em estado de depress\u00e3o h\u00e1 quatro anos, pelo menos. Ele usa outra imagem para ilustrar a situa\u00e7\u00e3o da economia do pa\u00eds.<\/p>\n<p>\u201cEla mergulhou no fundo \u00a0do po\u00e7o e est\u00e1 l\u00e1, dando suspiros. Nesses suspiros, \u00e0s vezes h\u00e1 sinais positivos, \u00e0s vezes negativos. O saldo \u00e9 que caminhamos no fundo do po\u00e7o e estamos nessa situa\u00e7\u00e3o. Desde o final de 2014, e em 2015 e 2016, mergulhamos no po\u00e7o. E em 2017, 2018 e 2019, estamos dando suspiros dentro do fundo do po\u00e7o.\u201d Nos \u00faltimos quatro anos, o PIB brasileiro cresceu 0,50% em 2014, caiu em 2015 e 2016 (-3,55% e -3,31%, respectivamente) e subiu 1,12% em 2018.<\/p>\n<p>Sics\u00fa \u00a0aponta que Bolsonaro foi eleito com a expectativa de melhoria econ\u00f4mica, mas n\u00e3o tem apresentado nenhum programa de retomada do crescimento e redu\u00e7\u00e3o do desemprego, e seu foco econ\u00f4mico s\u00e3o as \u201creformas estruturais\u201d, com destaque para a da Previd\u00eancia, a mais importante para o mercado, e as privatiza\u00e7\u00f5es.<\/p>\n<p>\u201cIndependentemente de se concordar com elas, o fato \u00e9 que n\u00e3o d\u00e3o nenhum resultado imediato. Portanto, o governo n\u00e3o tem instrumento de combate \u00e0 depress\u00e3o\u201d, diz Sics\u00fa. \u201cO problema imediato \u00e9 o desemprego, que s\u00f3 pode ser reduzido com pol\u00edtica de retomada de crescimento, que n\u00e3o \u00e9 o foco do governo. O resultado \u00e9 a continuidade do estado de depress\u00e3o.\u201d<\/p>\n<p>O pa\u00eds n\u00e3o est\u00e1 em recess\u00e3o (o que tecnicamente se caracteriza com queda do PIB por dois trimestres seguidos), mas est\u00e1 no limiar dela. No quarto trimestre de 2018, a vit\u00f3ria eleitoral do atual presidente n\u00e3o deu resultados esperados pelos otimistas, e o PIB teve crescimento praticamente zero (0,1%). Em 2018, o crescimento foi de apenas 1,1%.<\/p>\n<p>Existe possibilidade de o PIB no primeiro trimestre de 2019 ser negativo, embora isso n\u00e3o seja certo. \u201cSe for negativo, significa que estamos na antessala da recess\u00e3o\u201d, diz Mello. \u201cBasta que o segundo trimestre confirme o vi\u00e9s negativo.\u201d Na opini\u00e3o do economista, se a <a class=\"internal-link\" title=\"\" href=\"https:\/\/www.redebrasilatual.com.br\/trabalho\/2019\/05\/com-200-mil-no-anhangabau-centrais-pedem-retirada-de-projeto\" target=\"_self\">greve geral <\/a>for um sucesso, enfraquece muito a reforma da Previd\u00eancia, o que afetaria o \u00e2nimo de mercado financeiro, poderia provocar aumento dos juros e algum impacto no c\u00e2mbio.<\/p>\n<p>Segundo o jornal <em>O Estado de S. Paulo<\/em>, o Bradesco e o Ita\u00fa Unibanco \u201c<a class=\"external-link\" title=\"\" href=\"https:\/\/economia.estadao.com.br\/noticias\/geral,itau-unibanco-e-bradesco-pioram-projecao-do-pib-do-1-trimestre,70002814624\" target=\"_self\">pioraram suas an\u00e1lises<\/a> em rela\u00e7\u00e3o ao Produto Interno Bruto (PIB) do primeiro trimestre\u201d. A proje\u00e7\u00e3o do Ita\u00fa para o per\u00edodo \u201csaiu de baixa de 0,1% para retra\u00e7\u00e3o de 0,2%\u201d, diz a mat\u00e9ria do Estad\u00e3o.<\/p>\n<p><strong>Leia mais:<\/strong><\/p>\n<p><a class=\"internal-link\" title=\"\" href=\"https:\/\/www.redebrasilatual.com.br\/economia\/2019\/04\/na-economia-2019-esta-perdido-e-2020-ja-e-duvida\" target=\"_blank\" rel=\"noopener noreferrer\">Na economia brasileira, 2019 est\u00e1 perdido e 2020 j\u00e1 \u00e9 d\u00favida<\/a><\/p>\n<p>\u00a0<\/p>\n<p><strong>Fonte: Rede Brasil Atual<\/strong><\/p>\n","protected":false},"excerpt":{"rendered":"<p>A retra\u00e7\u00e3o na produ\u00e7\u00e3o industrial em 1,3% de fevereiro para mar\u00e7o, e de 6,1% na compara\u00e7\u00e3o com mar\u00e7o de 2018, segundo n\u00fameros do IBGE, j\u00e1 era um cen\u00e1rio esperado, levando-se em conta as pol\u00edticas, ou n\u00e3o pol\u00edticas, do governo Jair Bolsonaro (PSL), que completou quatro meses neste in\u00edcio de maio.\u00a0\u201cHavia esperan\u00e7a de recupera\u00e7\u00e3o com a [&hellip;]<\/p>\n","protected":false},"author":2,"featured_media":6605,"comment_status":"","ping_status":"","sticky":false,"template":"","format":"standard","meta":{"footnotes":""},"categories":[3],"tags":[],"class_list":["post-6606","post","type-post","status-publish","format-standard","has-post-thumbnail","hentry","category-noticias"],"_links":{"self":[{"href":"https:\/\/hostnetart.com.br\/baixada\/wp-json\/wp\/v2\/posts\/6606","targetHints":{"allow":["GET"]}}],"collection":[{"href":"https:\/\/hostnetart.com.br\/baixada\/wp-json\/wp\/v2\/posts"}],"about":[{"href":"https:\/\/hostnetart.com.br\/baixada\/wp-json\/wp\/v2\/types\/post"}],"author":[{"embeddable":true,"href":"https:\/\/hostnetart.com.br\/baixada\/wp-json\/wp\/v2\/users\/2"}],"replies":[{"embeddable":true,"href":"https:\/\/hostnetart.com.br\/baixada\/wp-json\/wp\/v2\/comments?post=6606"}],"version-history":[{"count":0,"href":"https:\/\/hostnetart.com.br\/baixada\/wp-json\/wp\/v2\/posts\/6606\/revisions"}],"wp:featuredmedia":[{"embeddable":true,"href":"https:\/\/hostnetart.com.br\/baixada\/wp-json\/wp\/v2\/media\/6605"}],"wp:attachment":[{"href":"https:\/\/hostnetart.com.br\/baixada\/wp-json\/wp\/v2\/media?parent=6606"}],"wp:term":[{"taxonomy":"category","embeddable":true,"href":"https:\/\/hostnetart.com.br\/baixada\/wp-json\/wp\/v2\/categories?post=6606"},{"taxonomy":"post_tag","embeddable":true,"href":"https:\/\/hostnetart.com.br\/baixada\/wp-json\/wp\/v2\/tags?post=6606"}],"curies":[{"name":"wp","href":"https:\/\/api.w.org\/{rel}","templated":true}]}}