{"id":6600,"date":"2019-05-06T14:51:14","date_gmt":"2019-05-06T17:51:14","guid":{"rendered":"https:\/\/hostnetart.com.br\/baixada\/contra-praticas-abusivas-do-santander-sindicato-faz-protesto-em-agencia-de-duque-de-caxias\/"},"modified":"2019-05-06T14:51:14","modified_gmt":"2019-05-06T17:51:14","slug":"contra-praticas-abusivas-do-santander-sindicato-faz-protesto-em-agencia-de-duque-de-caxias","status":"publish","type":"post","link":"https:\/\/hostnetart.com.br\/baixada\/contra-praticas-abusivas-do-santander-sindicato-faz-protesto-em-agencia-de-duque-de-caxias\/","title":{"rendered":"Contra pr\u00e1ticas abusivas do Santander, Sindicato faz protesto em ag\u00eancia de Duque de Caxias"},"content":{"rendered":"<p><span id=\"fbPhotoSnowliftCaption\" class=\"fbPhotosPhotoCaption\" tabindex=\"0\" data-ft=\"{&quot;tn&quot;:&quot;K&quot;}\"><span class=\"hasCaption\">Na manh\u00e3 do \u00faltimo s\u00e1bado, dia 4, diretoras e diretores do Sindicato dos Banc\u00e1rios da Baixada Fluminense estiveram em frente \u00e0 ag\u00eancia do Banco Santander na Pra\u00e7a do Rel\u00f3gio, Centro de Duque de Caxias, onde realizaram um protesto e denunciaram pr\u00e1ticas abusivas do banco. <\/span><\/span><\/p>\n<p><span id=\"fbPhotoSnowliftCaption\" class=\"fbPhotosPhotoCaption\" tabindex=\"0\" data-ft=\"{&quot;tn&quot;:&quot;K&quot;}\"><span class=\"hasCaption\">O banco havia convidado clientes para uma aula de<span class=\"text_exposed_show\"> educa\u00e7\u00e3o financeira. Com isso, funcion\u00e1rias e funcion\u00e1rios tiveram que trabalhar de gra\u00e7a como \u201cvolunt\u00e1rios\u201d.<\/span><\/span><\/span><\/p>\n<p><span id=\"fbPhotoSnowliftCaption\" class=\"fbPhotosPhotoCaption\" tabindex=\"0\" data-ft=\"{&quot;tn&quot;:&quot;K&quot;}\"><span class=\"hasCaption\"><span class=\"text_exposed_show\">O SindBaixada repudia qualquer pr\u00e1tica que n\u00e3o esteja de acordo com a lei e com as normas banc\u00e1rias e, sempre que houver uma irregularidade, se far\u00e1 presente. <\/span><\/span><\/span><\/p>\n<p><span id=\"fbPhotoSnowliftCaption\" class=\"fbPhotosPhotoCaption\" tabindex=\"0\" data-ft=\"{&quot;tn&quot;:&quot;K&quot;}\"><span class=\"hasCaption\"><span class=\"text_exposed_show\">O Sindicato continuar\u00e1 acompanhando de perto e denunciando esse projeto do Santander de abrir as ag\u00eancias aos s\u00e1bados. <\/span><\/span><\/span><\/p>\n","protected":false},"excerpt":{"rendered":"<p>Na manh\u00e3 do \u00faltimo s\u00e1bado, dia 4, diretoras e diretores do Sindicato dos Banc\u00e1rios da Baixada Fluminense estiveram em frente \u00e0 ag\u00eancia do Banco Santander na Pra\u00e7a do Rel\u00f3gio, Centro de Duque de Caxias, onde realizaram um protesto e denunciaram pr\u00e1ticas abusivas do banco. O banco havia convidado clientes para uma aula de educa\u00e7\u00e3o financeira. [&hellip;]<\/p>\n","protected":false},"author":2,"featured_media":6599,"comment_status":"","ping_status":"","sticky":false,"template":"","format":"standard","meta":{"footnotes":""},"categories":[3],"tags":[],"class_list":["post-6600","post","type-post","status-publish","format-standard","has-post-thumbnail","hentry","category-noticias"],"_links":{"self":[{"href":"https:\/\/hostnetart.com.br\/baixada\/wp-json\/wp\/v2\/posts\/6600","targetHints":{"allow":["GET"]}}],"collection":[{"href":"https:\/\/hostnetart.com.br\/baixada\/wp-json\/wp\/v2\/posts"}],"about":[{"href":"https:\/\/hostnetart.com.br\/baixada\/wp-json\/wp\/v2\/types\/post"}],"author":[{"embeddable":true,"href":"https:\/\/hostnetart.com.br\/baixada\/wp-json\/wp\/v2\/users\/2"}],"replies":[{"embeddable":true,"href":"https:\/\/hostnetart.com.br\/baixada\/wp-json\/wp\/v2\/comments?post=6600"}],"version-history":[{"count":0,"href":"https:\/\/hostnetart.com.br\/baixada\/wp-json\/wp\/v2\/posts\/6600\/revisions"}],"wp:featuredmedia":[{"embeddable":true,"href":"https:\/\/hostnetart.com.br\/baixada\/wp-json\/wp\/v2\/media\/6599"}],"wp:attachment":[{"href":"https:\/\/hostnetart.com.br\/baixada\/wp-json\/wp\/v2\/media?parent=6600"}],"wp:term":[{"taxonomy":"category","embeddable":true,"href":"https:\/\/hostnetart.com.br\/baixada\/wp-json\/wp\/v2\/categories?post=6600"},{"taxonomy":"post_tag","embeddable":true,"href":"https:\/\/hostnetart.com.br\/baixada\/wp-json\/wp\/v2\/tags?post=6600"}],"curies":[{"name":"wp","href":"https:\/\/api.w.org\/{rel}","templated":true}]}}