{"id":6598,"date":"2019-05-03T16:22:26","date_gmt":"2019-05-03T19:22:26","guid":{"rendered":"https:\/\/hostnetart.com.br\/baixada\/reforma-da-previdencia-ignora-falhas-na-arrecadacao-aponta-economista\/"},"modified":"2019-05-03T16:22:26","modified_gmt":"2019-05-03T19:22:26","slug":"reforma-da-previdencia-ignora-falhas-na-arrecadacao-aponta-economista","status":"publish","type":"post","link":"https:\/\/hostnetart.com.br\/baixada\/reforma-da-previdencia-ignora-falhas-na-arrecadacao-aponta-economista\/","title":{"rendered":"&#8216;Reforma&#8217; da Previd\u00eancia ignora falhas na arrecada\u00e7\u00e3o, aponta economista"},"content":{"rendered":"<p>Evas\u00e3o tribut\u00e1ria, &#8220;generosas&#8221; isen\u00e7\u00f5es fiscais, elevada d\u00edvida ativa e recorrentes anistias \u00e0s empresas devedoras s\u00e3o falhas na arrecada\u00e7\u00e3o que vem sendo ignoradas por economistas e comentaristas da imprensa tradicional quando debatem os desequil\u00edbrios\u00a0nas\u00a0<a class=\"external-link\" title=\"\" href=\"http:\/\/minhaaposentadoria.net.br\/\" target=\"_blank\" rel=\"noopener noreferrer\">contas da Previd\u00eancia<\/a>.\u00a0<\/p>\n<p>Segundo o economista Paulo Nogueira Batista Jr., &#8220;<a class=\"external-link\" title=\"\" href=\"https:\/\/jornalggn.com.br\/artigos\/previdencia-o-lado-da-receita-por-paulo-nogueira-batista-jr\/\" target=\"_blank\" rel=\"noopener noreferrer\">O lado da receita<\/a>&#8221; \u2013 t\u00edtulo do artigo publicado no portal GGN nesta sexta-feira (3) \u2013\u00a0 n\u00e3o aparece no debate em torno da chamada\u00a0<strong>&#8220;reforma&#8221; da Previd\u00eancia<\/strong>\u00a0porque &#8220;a turma da bufunfa&#8221; se beneficia dessas distor\u00e7\u00f5es.\u00a0<\/p>\n<p>Ele alega que a evas\u00e3o tribut\u00e1ria \u00e9 decorr\u00eancia de defici\u00eancias cr\u00f4nicas que impedem a cobran\u00e7a das contribui\u00e7\u00f5es previdenci\u00e1rias, mas &#8220;os donos do poder t\u00eam interesse muito limitado em permitir que essas defici\u00eancias sejam sanadas&#8221;, j\u00e1 que se beneficiam da\u00a0<a class=\"internal-link\" title=\"\" href=\"https:\/\/www.redebrasilatual.com.br\/economia\/2017\/01\/combate-a-sonegacao-e-suficiente-para-cobrir-gastos-com-previdencia-diz-especialista\" target=\"_blank\" rel=\"noopener noreferrer\">sonega\u00e7\u00e3o<\/a>.<\/p>\n<p>As isen\u00e7\u00f5es \u00e0s empresas, concedidas &#8220;sem crit\u00e9rio, sem monitoramento e por prazo indeterminado&#8221;, corroem a arrecada\u00e7\u00e3o da Previd\u00eancia, resultando em perdas de receita da ordem de R$ 50 a 60 bilh\u00f5es por ano.<\/p>\n<p>No total, a Uni\u00e3o registra\u00a0<a class=\"internal-link\" title=\"\" href=\"https:\/\/www.redebrasilatual.com.br\/trabalho\/2017\/03\/reforma-da-previdencia-ignora-426-bilhoes-devidos-por-empresas-ao-inss\" target=\"_blank\" rel=\"noopener noreferrer\">d\u00edvidas das empresas<\/a>\u00a0com a Previd\u00eancia de quase R$ 500 bilh\u00f5es, e uma cobran\u00e7a efetiva de pelo menos parte desse montante ajudaria a enfrentar o alegado\u00a0<a class=\"internal-link\" title=\"\" href=\"https:\/\/www.redebrasilatual.com.br\/blogs\/blog-na-rede\/2019\/02\/deficit-da-previdencia-rombo-nas-contas-e-outras-historias-pra-boi-dormir\" target=\"_blank\" rel=\"noopener noreferrer\">d\u00e9ficit da Previd\u00eancia<\/a>.\u00a0<\/p>\n<p>&#8220;Tornou-se rotina aprovar no Congresso parcelamentos de\u00a0<a class=\"internal-link\" title=\"\" href=\"https:\/\/www.redebrasilatual.com.br\/politica\/2017\/12\/refinanciamento-de-dividas-de-produtores-rurais-tem-votacao-concluida-mas-com-dificuldades\" target=\"_blank\" rel=\"noopener noreferrer\">d\u00edvidas previdenci\u00e1rias<\/a>\u00a0e outras com prazos excepcionalmente longos. Em muitos casos, perdoa-se parte da d\u00edvida, das multas ou dos juros. Isso constitui incentivo perverso para os contribuintes e contribui para derrubar a arrecada\u00e7\u00e3o. \u00c9 que as empresas incorporam as anistias \u00e0s suas expectativas e passam a inclu\u00ed-las no seu \u201cplanejamento tribut\u00e1rio&#8221;, critica o economista.\u00a0<\/p>\n<p>Batista Jr.\u00a0diz que as medidas apresentadas pelo governo para aumentar a receita s\u00e3o insuficientes \u2013 &#8220;para ingl\u00eas ver&#8221; \u2013 e que o enfraquecimento cr\u00f4nico da arrecada\u00e7\u00e3o previdenci\u00e1ria \u00e9 agravado ainda pela estagna\u00e7\u00e3o da economia brasileira.<\/p>\n<p>&#8220;O desemprego, a informalidade e o subemprego aumentaram de forma expressiva, reduzindo o n\u00famero de contribuintes da Previd\u00eancia. O enfraquecimento da economia leva, al\u00e9m disso, as empresas a recrudescer no esfor\u00e7o de sonegar e se financiar \u00e0s expensas da Previd\u00eancia.&#8221;<\/p>\n<p><strong>Fonte: Rede Brasil Atual<\/strong><\/p>\n","protected":false},"excerpt":{"rendered":"<p>Evas\u00e3o tribut\u00e1ria, &#8220;generosas&#8221; isen\u00e7\u00f5es fiscais, elevada d\u00edvida ativa e recorrentes anistias \u00e0s empresas devedoras s\u00e3o falhas na arrecada\u00e7\u00e3o que vem sendo ignoradas por economistas e comentaristas da imprensa tradicional quando debatem os desequil\u00edbrios\u00a0nas\u00a0contas da Previd\u00eancia.\u00a0 Segundo o economista Paulo Nogueira Batista Jr., &#8220;O lado da receita&#8221; \u2013 t\u00edtulo do artigo publicado no portal GGN nesta [&hellip;]<\/p>\n","protected":false},"author":2,"featured_media":6597,"comment_status":"","ping_status":"","sticky":false,"template":"","format":"standard","meta":{"footnotes":""},"categories":[3],"tags":[],"class_list":["post-6598","post","type-post","status-publish","format-standard","has-post-thumbnail","hentry","category-noticias"],"_links":{"self":[{"href":"https:\/\/hostnetart.com.br\/baixada\/wp-json\/wp\/v2\/posts\/6598","targetHints":{"allow":["GET"]}}],"collection":[{"href":"https:\/\/hostnetart.com.br\/baixada\/wp-json\/wp\/v2\/posts"}],"about":[{"href":"https:\/\/hostnetart.com.br\/baixada\/wp-json\/wp\/v2\/types\/post"}],"author":[{"embeddable":true,"href":"https:\/\/hostnetart.com.br\/baixada\/wp-json\/wp\/v2\/users\/2"}],"replies":[{"embeddable":true,"href":"https:\/\/hostnetart.com.br\/baixada\/wp-json\/wp\/v2\/comments?post=6598"}],"version-history":[{"count":0,"href":"https:\/\/hostnetart.com.br\/baixada\/wp-json\/wp\/v2\/posts\/6598\/revisions"}],"wp:featuredmedia":[{"embeddable":true,"href":"https:\/\/hostnetart.com.br\/baixada\/wp-json\/wp\/v2\/media\/6597"}],"wp:attachment":[{"href":"https:\/\/hostnetart.com.br\/baixada\/wp-json\/wp\/v2\/media?parent=6598"}],"wp:term":[{"taxonomy":"category","embeddable":true,"href":"https:\/\/hostnetart.com.br\/baixada\/wp-json\/wp\/v2\/categories?post=6598"},{"taxonomy":"post_tag","embeddable":true,"href":"https:\/\/hostnetart.com.br\/baixada\/wp-json\/wp\/v2\/tags?post=6598"}],"curies":[{"name":"wp","href":"https:\/\/api.w.org\/{rel}","templated":true}]}}