{"id":6594,"date":"2019-05-03T16:18:45","date_gmt":"2019-05-03T19:18:45","guid":{"rendered":"https:\/\/hostnetart.com.br\/baixada\/para-saber-tudo-de-reforma-da-previdencia-a-rua-e-melhor-que-a-tv\/"},"modified":"2019-05-03T16:18:45","modified_gmt":"2019-05-03T19:18:45","slug":"para-saber-tudo-de-reforma-da-previdencia-a-rua-e-melhor-que-a-tv","status":"publish","type":"post","link":"https:\/\/hostnetart.com.br\/baixada\/para-saber-tudo-de-reforma-da-previdencia-a-rua-e-melhor-que-a-tv\/","title":{"rendered":"Para saber tudo de reforma da Previd\u00eancia, a rua \u00e9 melhor que a TV"},"content":{"rendered":"<p class=\" \">Um vale lotado, num dia de sol, m\u00fasica e encontros. Quem foi at\u00e9 o Anhangaba\u00fa, no centro paulistano, nesta quarta-feira (1\u00ba), teve um Dia do Trabalhado animado. Assim como em outras dezenas de cidades por todo o Brasil, o clima era de festa e de luta.<\/p>\n<p class=\" \">Misturado \u00e0s falas de pol\u00edticos, lideran\u00e7as sindicais e populares, que ecoavam do palco contra a retirada de direitos e a\u00a0<a class=\"external-link\" title=\"\" href=\"https:\/\/minhaaposentadoria.net.br\/reforma\/\" target=\"_blank\" rel=\"noopener noreferrer\">&#8220;reforma&#8221; da Previd\u00eancia<\/a>\u00a0do governo Jair Bolsonaro, no ch\u00e3o o assunto tamb\u00e9m pautava a conversa entre amigos e fam\u00edlias inteiras.<\/p>\n<p>O seguran\u00e7a Jo\u00e3o Paulo tirou todo mundo de casa, em Santo Amaro, na zona sul, e foi at\u00e9 o centro de S\u00e3o Paulo para participar do ato. \u201cDo jeito que \u00e9 hoje eu, que trabalho desde os 14 anos e estou com 47, j\u00e1 estou pr\u00f3ximo de me aposentar. Com a reforma, se passar, vou morrer e n\u00e3o vou conseguir aproveitar minha vida\u201d, afirmou \u00e0 rep\u00f3rter\u00a0<a class=\"external-link\" title=\"\" href=\"https:\/\/www.cut.org.br\/noticias\/no-1-de-maio-de-sp-ninguem-quer-a-reforma-da-previdencia-de-bolsonaro-62e0\" target=\"_blank\" rel=\"noopener noreferrer\">\u00c9rica Arag\u00e3o, do Portal CUT<\/a>, enquanto aderia ao\u00a0<a class=\"internal-link\" title=\"\" href=\"https:\/\/www.redebrasilatual.com.br\/trabalho\/2019\/04\/centrais-veem-1o-de-maio-como-marco-contra-retrocesso-civilizatorio\" target=\"_blank\" rel=\"noopener noreferrer\">abaixo-assinado<\/a>\u00a0contra a &#8220;reforma&#8221; da Previd\u00eancia.<\/p>\n<p>Para Jo\u00e3o, o rombo nas contas do INSS \u00e9 mentira porque n\u00e3o se apresentam n\u00fameros que confirmem a Previd\u00eancia falida. Uma reforma n\u00e3o deveria\u00a0mexer s\u00f3 com a vida dos trabalhadores, afirma, sem acabar com privil\u00e9gio nenhum.<\/p>\n<p>A procuradora municipal Maria Elisabete Mercaldo, que ajudava na coleta de assinaturas, conta que a receptividade do povo era muito boa, at\u00e9 mesmo entre eleitores de Bolsonaro. \u201cAs pessoas dizem que est\u00e3o decepcionadas com essas medidas que ele est\u00e1 tomando e que ele est\u00e1 do lado dos banqueiros e n\u00e3o dos trabalhadores.\u201d\u00a0<\/p>\n<h3><b>Pior para mulheres, negros e PCDs<\/b><\/h3>\n<p>A ge\u00f3loga Aline Souza conta que ter\u00e1 de trabalhar mais 32 anos, caso a reforma passe. Est\u00e1 h\u00e1 sete no mercado. \u201c\u00c9 tempo demais. E quem mais ser\u00e1 afetada ser\u00e3o as mulheres, que t\u00eam dupla e tripla jornada, aumentando ainda mais a desigualdade entre homens e mulheres.\u201d<\/p>\n<p>Marli dos Santos, aposentada por invalidez devido a paralisia infantil, avalia que a reforma da Previd\u00eancia de Bolsonaro vai excluir ainda mais as pessoas com defici\u00eancia (PCDs) do mercado de trabalho.<\/p>\n<p>\u201cE o\u00a0<a class=\"internal-link\" title=\"\" href=\"https:\/\/www.redebrasilatual.com.br\/trabalho\/2019\/02\/maldades-da-reforma-de-bolsonaro-sao-parte-de-um-processo-de-destruicao-do-bem-estar-social\" target=\"_blank\" rel=\"noopener noreferrer\">Benef\u00edcio de Presta\u00e7\u00e3o Continuada<\/a>\u00a0(BPC) vai ser menor do que um sal\u00e1rio, como vamos sobreviver?\u201d<\/p>\n<p>\u201cA pobreza \u00e9 feminina e negra, e a reforma \u00e9 um atestado de morte para a popula\u00e7\u00e3o negra, principalmente as mulheres negras\u201d, diz\u00a0Juliana Gon\u00e7alves, integrante da Marcha das Mulheres Negras de SP, numa roda de conversa no meio do Anhangaba\u00fa, destacando que a reforma de Bolsonaro vai aprofundar a desigualdade entre brancos e n\u00e3o brancos.\u00a0\u201cA gente tem dito que a reforma \u00e9 um feminic\u00eddio, um genoc\u00eddio da mulher negra e do povo negro.\u201d<\/p>\n<p>Juliana lembra que as mulheres\u00a0negras j\u00e1 s\u00e3o empurradas para os trabalhos informais, come\u00e7am a trabalhar muito cedo e n\u00e3o t\u00eam como comprovar. \u201cJ\u00e1 ficou pior com a reforma trabalhista, que acaba com a CLT. E agora, caso essa Previd\u00eancia passe, n\u00e3o saberemos como ser\u00e1 a velhice negra. Iremos morrer antes de aposentar.\u201d<\/p>\n<p><strong>Fonte: Rede Brasil Atual<\/strong><\/p>\n","protected":false},"excerpt":{"rendered":"<p>Um vale lotado, num dia de sol, m\u00fasica e encontros. Quem foi at\u00e9 o Anhangaba\u00fa, no centro paulistano, nesta quarta-feira (1\u00ba), teve um Dia do Trabalhado animado. Assim como em outras dezenas de cidades por todo o Brasil, o clima era de festa e de luta. Misturado \u00e0s falas de pol\u00edticos, lideran\u00e7as sindicais e populares, [&hellip;]<\/p>\n","protected":false},"author":2,"featured_media":6593,"comment_status":"","ping_status":"","sticky":false,"template":"","format":"standard","meta":{"footnotes":""},"categories":[3],"tags":[],"class_list":["post-6594","post","type-post","status-publish","format-standard","has-post-thumbnail","hentry","category-noticias"],"_links":{"self":[{"href":"https:\/\/hostnetart.com.br\/baixada\/wp-json\/wp\/v2\/posts\/6594","targetHints":{"allow":["GET"]}}],"collection":[{"href":"https:\/\/hostnetart.com.br\/baixada\/wp-json\/wp\/v2\/posts"}],"about":[{"href":"https:\/\/hostnetart.com.br\/baixada\/wp-json\/wp\/v2\/types\/post"}],"author":[{"embeddable":true,"href":"https:\/\/hostnetart.com.br\/baixada\/wp-json\/wp\/v2\/users\/2"}],"replies":[{"embeddable":true,"href":"https:\/\/hostnetart.com.br\/baixada\/wp-json\/wp\/v2\/comments?post=6594"}],"version-history":[{"count":0,"href":"https:\/\/hostnetart.com.br\/baixada\/wp-json\/wp\/v2\/posts\/6594\/revisions"}],"wp:featuredmedia":[{"embeddable":true,"href":"https:\/\/hostnetart.com.br\/baixada\/wp-json\/wp\/v2\/media\/6593"}],"wp:attachment":[{"href":"https:\/\/hostnetart.com.br\/baixada\/wp-json\/wp\/v2\/media?parent=6594"}],"wp:term":[{"taxonomy":"category","embeddable":true,"href":"https:\/\/hostnetart.com.br\/baixada\/wp-json\/wp\/v2\/categories?post=6594"},{"taxonomy":"post_tag","embeddable":true,"href":"https:\/\/hostnetart.com.br\/baixada\/wp-json\/wp\/v2\/tags?post=6594"}],"curies":[{"name":"wp","href":"https:\/\/api.w.org\/{rel}","templated":true}]}}