{"id":6592,"date":"2019-05-03T16:13:47","date_gmt":"2019-05-03T19:13:47","guid":{"rendered":"https:\/\/hostnetart.com.br\/baixada\/bancarios-do-santander-nao-conseguem-usar-va-e-vr-apos-mudanca-de-bandeira\/"},"modified":"2019-05-03T16:13:47","modified_gmt":"2019-05-03T19:13:47","slug":"bancarios-do-santander-nao-conseguem-usar-va-e-vr-apos-mudanca-de-bandeira","status":"publish","type":"post","link":"https:\/\/hostnetart.com.br\/baixada\/bancarios-do-santander-nao-conseguem-usar-va-e-vr-apos-mudanca-de-bandeira\/","title":{"rendered":"Banc\u00e1rios do Santander n\u00e3o conseguem usar VA e VR ap\u00f3s mudan\u00e7a de bandeira"},"content":{"rendered":"<p>Os banc\u00e1rios do Santander est\u00e3o insatisfeitos com a mudan\u00e7a de bandeira dos vales-alimenta\u00e7\u00e3o e refei\u00e7\u00e3o, implementado no \u00faltimo dia 30 de abril. A Contraf-CUT recebeu, atrav\u00e9s dos seus sindicatos filiados, diversas den\u00fancias de funcion\u00e1rios do banco que tiveram dificuldade de uso do Ben Visa Vale, pois n\u00e3o acharam lugares cadastrados no novo sistema. As reclama\u00e7\u00f5es tamb\u00e9m foram feitas no aplicativo Santader Now e no site\u00a0<a href=\"https:\/\/www.reclameaqui.com.br\/\" target=\"_blank\" rel=\"noopener noreferrer\">Reclame Aqui<\/a>.<\/p>\n<p>\u201cApesar de o banco ter dito que tudo daria certo com a mudan\u00e7a da bandeira do vale alimenta\u00e7\u00e3o, est\u00e1 um caos. Muitos trabalhadores n\u00e3o est\u00e3o conseguindo utilizar o cart\u00e3o e precisam pagar suas refei\u00e7\u00f5es e compras de outra forma\u201d, criticou secret\u00e1rio de Assuntos Socioecon\u00f4micos e representante da Contraf-CUT na mesa de negocia\u00e7\u00f5es com o banco, Mario Raia.<\/p>\n<p>Mario disse que v\u00e1rios locais que aparecem como cadastrados n\u00e3o aceitam o cart\u00e3o e muitos que os trabalhadores pediram o cadastro h\u00e1 meses ainda n\u00e3o foram cadastrados. \u201cO banco foi procurado para falar sobre o assunto, disse que tem conhecimento dos problemas e que tem uma equipe grande para solucion\u00e1-los no mais breve prazo poss\u00edvel\u201d, completou Mario Raia.<\/p>\n<p><a href=\"https:\/\/contrafcut.com.br\/noticias\/santander-trabalhadores-conseguem-poucos-avancos-em-reuniao-com-banco\/\" target=\"_blank\" rel=\"noopener noreferrer\">Na \u00faltima reuni\u00e3o do COE com o Santander<\/a>, no dia 25 de abril, foi pautado o assunto. Os funcion\u00e1rios, inclusive chamaram aten\u00e7\u00e3o para poss\u00edveis problemas e solicitaram o adiamento da implanta\u00e7\u00e3o do novo cart\u00e3o, para que novos postos fossem inclu\u00eddos. Mas, a dire\u00e7\u00e3o do banco informou que tinha cadastrado 123 mil pontos de atendimentos e at\u00e9 o fim do ano seriam 300 mil. Alegou ainda que, por quest\u00f5es contratuais, n\u00e3o poderia prorrogar, mantendo a data de in\u00edcio do Ben Vale.<\/p>\n<p><strong>Fonte: Contraf-CUT<\/strong><\/p>\n","protected":false},"excerpt":{"rendered":"<p>Os banc\u00e1rios do Santander est\u00e3o insatisfeitos com a mudan\u00e7a de bandeira dos vales-alimenta\u00e7\u00e3o e refei\u00e7\u00e3o, implementado no \u00faltimo dia 30 de abril. A Contraf-CUT recebeu, atrav\u00e9s dos seus sindicatos filiados, diversas den\u00fancias de funcion\u00e1rios do banco que tiveram dificuldade de uso do Ben Visa Vale, pois n\u00e3o acharam lugares cadastrados no novo sistema. As reclama\u00e7\u00f5es [&hellip;]<\/p>\n","protected":false},"author":2,"featured_media":6591,"comment_status":"","ping_status":"","sticky":false,"template":"","format":"standard","meta":{"footnotes":""},"categories":[3],"tags":[],"class_list":["post-6592","post","type-post","status-publish","format-standard","has-post-thumbnail","hentry","category-noticias"],"_links":{"self":[{"href":"https:\/\/hostnetart.com.br\/baixada\/wp-json\/wp\/v2\/posts\/6592","targetHints":{"allow":["GET"]}}],"collection":[{"href":"https:\/\/hostnetart.com.br\/baixada\/wp-json\/wp\/v2\/posts"}],"about":[{"href":"https:\/\/hostnetart.com.br\/baixada\/wp-json\/wp\/v2\/types\/post"}],"author":[{"embeddable":true,"href":"https:\/\/hostnetart.com.br\/baixada\/wp-json\/wp\/v2\/users\/2"}],"replies":[{"embeddable":true,"href":"https:\/\/hostnetart.com.br\/baixada\/wp-json\/wp\/v2\/comments?post=6592"}],"version-history":[{"count":0,"href":"https:\/\/hostnetart.com.br\/baixada\/wp-json\/wp\/v2\/posts\/6592\/revisions"}],"wp:featuredmedia":[{"embeddable":true,"href":"https:\/\/hostnetart.com.br\/baixada\/wp-json\/wp\/v2\/media\/6591"}],"wp:attachment":[{"href":"https:\/\/hostnetart.com.br\/baixada\/wp-json\/wp\/v2\/media?parent=6592"}],"wp:term":[{"taxonomy":"category","embeddable":true,"href":"https:\/\/hostnetart.com.br\/baixada\/wp-json\/wp\/v2\/categories?post=6592"},{"taxonomy":"post_tag","embeddable":true,"href":"https:\/\/hostnetart.com.br\/baixada\/wp-json\/wp\/v2\/tags?post=6592"}],"curies":[{"name":"wp","href":"https:\/\/api.w.org\/{rel}","templated":true}]}}