{"id":659,"date":"2015-02-14T17:32:00","date_gmt":"2015-02-14T19:32:00","guid":{"rendered":"https:\/\/hostnetart.com.br\/baixada\/policia-federal-marca-104-reuniao-da-ccasp-para-dia-4-de-marco\/"},"modified":"2015-02-14T17:32:00","modified_gmt":"2015-02-14T19:32:00","slug":"policia-federal-marca-104-reuniao-da-ccasp-para-dia-4-de-marco","status":"publish","type":"post","link":"https:\/\/hostnetart.com.br\/baixada\/policia-federal-marca-104-reuniao-da-ccasp-para-dia-4-de-marco\/","title":{"rendered":"Pol\u00edcia Federal marca 104\u00aa reuni\u00e3o da CCASP para dia 4 de mar\u00e7o"},"content":{"rendered":"<p><span style=\"color: #464646;\">A Pol\u00edcia Federal (PF) marcou a realiza\u00e7\u00e3o da 104\u00aa reuni\u00e3o da Comiss\u00e3o Consultiva para Assuntos da Seguran\u00e7a Privada (CCASP) para o pr\u00f3ximo dia 4 de mar\u00e7o, \u00e0s 9h, em Bras\u00edlia. Estar\u00e3o em julgamento os processos movidos contra bancos, empresas de vigil\u00e2ncia, transporte de valores e centros de forma\u00e7\u00e3o de vigilantes, em raz\u00e3o do descumprimento da lei federal n\u00ba 7.102\/83 e das normas da PF.\u00a0<\/span><br style=\"color: #464646;\" \/><br style=\"color: #464646;\" \/><span style=\"color: #464646;\">Essa ser\u00e1 a primeira reuni\u00e3o em 2015. A CCASP \u00e9 um f\u00f3rum consultivo, que conta com representa\u00e7\u00f5es do governo, banc\u00e1rios, atrav\u00e9s da Contraf-CUT, vigilantes e entidades patronais, como a Febraban.\u00a0<\/span><br style=\"color: #464646;\" \/><br style=\"color: #464646;\" \/><span style=\"color: #464646;\">Os processos contra bancos s\u00e3o abertos pelas delegacias estaduais da Pol\u00edcia Federal (Delesp) por ocasi\u00e3o da fiscaliza\u00e7\u00e3o anual do plano de seguran\u00e7a dos estabelecimentos banc\u00e1rios, bem como a partir de den\u00fancias de irregularidades que podem ser tamb\u00e9m encaminhadas pelas entidades sindicais.<\/span><br style=\"color: #464646;\" \/><br style=\"color: #464646;\" \/><span style=\"color: #464646;\">&gt; Clique\u00a0<\/span><a style=\"color: #969696;\" href=\"http:\/\/www.dpf.gov.br\/institucional\/pf-pelo-brasil\/\" target=\"_blank\" rel=\"noopener noreferrer\">aqui<\/a><span style=\"color: #464646;\">\u00a0para ver os endere\u00e7os da Pol\u00edcia Federal em todo o pa\u00eds.<\/span><br style=\"color: #464646;\" \/><br style=\"color: #464646;\" \/><span style=\"color: #464646;\">\u201cContinuamos orientando os sindicatos e as federa\u00e7\u00f5es de banc\u00e1rios a verificar se a legisla\u00e7\u00e3o federal de seguran\u00e7a est\u00e1 sendo cumprida ou n\u00e3o nas ag\u00eancias e postos de atendimento banc\u00e1rio. Caso negativo, as entidades devem encaminhar den\u00fancias por escrito para a Delesp mais pr\u00f3xima, pedindo fiscaliza\u00e7\u00e3o para que as normas de seguran\u00e7a sejam respeitadas, como forma de proteger a vida de trabalhadores e clientes\u201d, reafirma o secret\u00e1rio de imprensa da Contraf-CUT e coordenador do Coletivo Nacional de Seguran\u00e7a Banc\u00e1ria, Ademir Wiederkehr.<\/span><br style=\"color: #464646;\" \/><br style=\"color: #464646;\" \/><b style=\"color: #464646;\">Reuni\u00e3o do Coletivo Nacional<\/b><br style=\"color: #464646;\" \/><br style=\"color: #464646;\" \/><span style=\"color: #464646;\">A Contraf-CUT promove uma reuni\u00e3o do Coletivo Nacional de Seguran\u00e7a Banc\u00e1ria, na v\u00e9spera, no dia 3 de mar\u00e7o, \u00e0s 9h, no espa\u00e7o da Confedera\u00e7\u00e3o, nas depend\u00eancias do Sindicato dos Banc\u00e1rios de Bras\u00edlia.<\/span><br style=\"color: #464646;\" \/><br style=\"color: #464646;\" \/><span style=\"color: #464646;\">O objetivo \u00e9 analisar os processos, que estar\u00e3o em pauta na reuni\u00e3o da CCASP, e discutir outros assuntos de seguran\u00e7a banc\u00e1ria.<\/span><br style=\"color: #464646;\" \/><br style=\"color: #464646;\" \/><br style=\"color: #464646;\" \/><span style=\"color: #464646;\">Fonte: Contraf-CUT<\/span><\/p>\n","protected":false},"excerpt":{"rendered":"<p>A Pol\u00edcia Federal (PF) marcou a realiza\u00e7\u00e3o da 104\u00aa reuni\u00e3o da Comiss\u00e3o Consultiva para Assuntos da Seguran\u00e7a Privada (CCASP) para o pr\u00f3ximo dia 4 de mar\u00e7o, \u00e0s 9h, em Bras\u00edlia. Estar\u00e3o em julgamento os processos movidos contra bancos, empresas de vigil\u00e2ncia, transporte de valores e centros de forma\u00e7\u00e3o de vigilantes, em raz\u00e3o do descumprimento da [&hellip;]<\/p>\n","protected":false},"author":1,"featured_media":0,"comment_status":"","ping_status":"","sticky":false,"template":"","format":"standard","meta":{"footnotes":""},"categories":[3],"tags":[],"class_list":["post-659","post","type-post","status-publish","format-standard","hentry","category-noticias"],"_links":{"self":[{"href":"https:\/\/hostnetart.com.br\/baixada\/wp-json\/wp\/v2\/posts\/659","targetHints":{"allow":["GET"]}}],"collection":[{"href":"https:\/\/hostnetart.com.br\/baixada\/wp-json\/wp\/v2\/posts"}],"about":[{"href":"https:\/\/hostnetart.com.br\/baixada\/wp-json\/wp\/v2\/types\/post"}],"author":[{"embeddable":true,"href":"https:\/\/hostnetart.com.br\/baixada\/wp-json\/wp\/v2\/users\/1"}],"replies":[{"embeddable":true,"href":"https:\/\/hostnetart.com.br\/baixada\/wp-json\/wp\/v2\/comments?post=659"}],"version-history":[{"count":0,"href":"https:\/\/hostnetart.com.br\/baixada\/wp-json\/wp\/v2\/posts\/659\/revisions"}],"wp:attachment":[{"href":"https:\/\/hostnetart.com.br\/baixada\/wp-json\/wp\/v2\/media?parent=659"}],"wp:term":[{"taxonomy":"category","embeddable":true,"href":"https:\/\/hostnetart.com.br\/baixada\/wp-json\/wp\/v2\/categories?post=659"},{"taxonomy":"post_tag","embeddable":true,"href":"https:\/\/hostnetart.com.br\/baixada\/wp-json\/wp\/v2\/tags?post=659"}],"curies":[{"name":"wp","href":"https:\/\/api.w.org\/{rel}","templated":true}]}}