{"id":6588,"date":"2019-05-03T16:06:04","date_gmt":"2019-05-03T19:06:04","guid":{"rendered":"https:\/\/hostnetart.com.br\/baixada\/bancarios-da-baixada-fluminense-fazem-ato-contra-a-reforma-da-previdencia\/"},"modified":"2019-05-03T16:06:04","modified_gmt":"2019-05-03T19:06:04","slug":"bancarios-da-baixada-fluminense-fazem-ato-contra-a-reforma-da-previdencia","status":"publish","type":"post","link":"https:\/\/hostnetart.com.br\/baixada\/bancarios-da-baixada-fluminense-fazem-ato-contra-a-reforma-da-previdencia\/","title":{"rendered":"Banc\u00e1rios da Baixada Fluminense fazem ato contra a Reforma da Previd\u00eancia"},"content":{"rendered":"<p>O Sindicato dos Banc\u00e1rios da Baixada Fluminense esteve na Est\u00e1tua de Zumbi dos Palmares, no Cal\u00e7ad\u00e3o de Duque de Caxias, recolhendo assinaturas contra a Reforma da Previd\u00eancia e que acaba com a aposentadoria do trabalhador.\u00a0<\/p>\n<p>A manifesta\u00e7\u00e3o teve apoio maci\u00e7o e grande ades\u00e3o do p\u00fablico em geral.\u00a0<\/p>\n<p>Diretoras e diretores tamb\u00e9m falaram com a popula\u00e7\u00e3o sobre os riscos e malef\u00edcios desta reforma.\u00a0<\/p>\n<p>Foram distribu\u00eddos p\u00e9s-de moleque para simbolizar a \u201cmolecagem\u201d que o governo quer fazer com os trabalhadores.<\/p>\n","protected":false},"excerpt":{"rendered":"<p>O Sindicato dos Banc\u00e1rios da Baixada Fluminense esteve na Est\u00e1tua de Zumbi dos Palmares, no Cal\u00e7ad\u00e3o de Duque de Caxias, recolhendo assinaturas contra a Reforma da Previd\u00eancia e que acaba com a aposentadoria do trabalhador.\u00a0 A manifesta\u00e7\u00e3o teve apoio maci\u00e7o e grande ades\u00e3o do p\u00fablico em geral.\u00a0 Diretoras e diretores tamb\u00e9m falaram com a popula\u00e7\u00e3o [&hellip;]<\/p>\n","protected":false},"author":2,"featured_media":6587,"comment_status":"","ping_status":"","sticky":false,"template":"","format":"standard","meta":{"footnotes":""},"categories":[3],"tags":[],"class_list":["post-6588","post","type-post","status-publish","format-standard","has-post-thumbnail","hentry","category-noticias"],"_links":{"self":[{"href":"https:\/\/hostnetart.com.br\/baixada\/wp-json\/wp\/v2\/posts\/6588","targetHints":{"allow":["GET"]}}],"collection":[{"href":"https:\/\/hostnetart.com.br\/baixada\/wp-json\/wp\/v2\/posts"}],"about":[{"href":"https:\/\/hostnetart.com.br\/baixada\/wp-json\/wp\/v2\/types\/post"}],"author":[{"embeddable":true,"href":"https:\/\/hostnetart.com.br\/baixada\/wp-json\/wp\/v2\/users\/2"}],"replies":[{"embeddable":true,"href":"https:\/\/hostnetart.com.br\/baixada\/wp-json\/wp\/v2\/comments?post=6588"}],"version-history":[{"count":0,"href":"https:\/\/hostnetart.com.br\/baixada\/wp-json\/wp\/v2\/posts\/6588\/revisions"}],"wp:featuredmedia":[{"embeddable":true,"href":"https:\/\/hostnetart.com.br\/baixada\/wp-json\/wp\/v2\/media\/6587"}],"wp:attachment":[{"href":"https:\/\/hostnetart.com.br\/baixada\/wp-json\/wp\/v2\/media?parent=6588"}],"wp:term":[{"taxonomy":"category","embeddable":true,"href":"https:\/\/hostnetart.com.br\/baixada\/wp-json\/wp\/v2\/categories?post=6588"},{"taxonomy":"post_tag","embeddable":true,"href":"https:\/\/hostnetart.com.br\/baixada\/wp-json\/wp\/v2\/tags?post=6588"}],"curies":[{"name":"wp","href":"https:\/\/api.w.org\/{rel}","templated":true}]}}