{"id":6584,"date":"2019-05-02T16:37:53","date_gmt":"2019-05-02T19:37:53","guid":{"rendered":"https:\/\/hostnetart.com.br\/baixada\/reforma-da-previdencia-desestrutura-a-familia-brasileira-do-jovem-aos-avos\/"},"modified":"2019-05-02T16:37:53","modified_gmt":"2019-05-02T19:37:53","slug":"reforma-da-previdencia-desestrutura-a-familia-brasileira-do-jovem-aos-avos","status":"publish","type":"post","link":"https:\/\/hostnetart.com.br\/baixada\/reforma-da-previdencia-desestrutura-a-familia-brasileira-do-jovem-aos-avos\/","title":{"rendered":"Reforma da Previd\u00eancia desestrutura a fam\u00edlia brasileira do jovem aos av\u00f3s"},"content":{"rendered":"<p class=\" \">Em artigo publicado neste\u00a01\u00ba de Maio na <em><a class=\"external-link\" title=\"\" href=\"https:\/\/www1.folha.uol.com.br\/opiniao\/2019\/05\/rumo-a-greve-geral-contra-a-reforma-da-previdencia.shtml\" target=\"_blank\" rel=\"noopener noreferrer\">Folha de S.Paulo<\/a><\/em>, o presidente nacional da CUT, Vagner Freitas, ressalta a unidade hist\u00f3ria das centrais sindicais em torno de duas causas que agregam tamb\u00e9m os principais movimentos sociais do pa\u00eds: a <a class=\"internal-link\" title=\"\" href=\"https:\/\/www.redebrasilatual.com.br\/trabalho\/2019\/05\/com-200-mil-no-anhangabau-centrais-pedem-retirada-de-projeto\" target=\"_blank\" rel=\"noopener noreferrer\">defesa da Previd\u00eancia p\u00fablica<\/a> contra uma reforma que inviabilizar\u00e1 as aposentadorias.<\/p>\n<p class=\" \">Vagner assinala os riscos do modelo de capitaliza\u00e7\u00e3o, a crueldade para homens e mulheres, os problemas para a juventude e o agravamento da desigualdade e da pobreza embutidos no projeto apresentado pelo governo Bolsonaro ao Congresso.<\/p>\n<blockquote class=\"pullquote\"><p>&#8220;N\u00e3o h\u00e1 perspectivas de melhora. Faltam propostas e compet\u00eancia para tirar o pa\u00eds do caos herdado da gest\u00e3o ileg\u00edtima de Michel Temer e agravado pelos 120 dias sob Bolsonaro e Paulo Guedes&#8221;<\/p><\/blockquote>\n<p class=\" \">O presidente da CUT acrescenta ainda que a milit\u00e2ncia da central levantar\u00e1 neste Dia do Trabalhador\u00a0a luta pela liberdade do ex-presidente Lula. &#8220;Oper\u00e1rio antes de se tornar o melhor presidente que este Brasil j\u00e1 teve, Lula segue como principal l\u00edder da cena pol\u00edtica nacional e, por isso mesmo, imprescind\u00edvel \u00e0 luta para barrar a reforma da Previd\u00eancia&#8221;, afirma.<\/p>\n<p class=\" \">Leia a \u00edntegra.\u00a0<\/p>\n<p class=\" \"><strong>Rumo \u00e0 greve geral contra a reforma da Previd\u00eancia<\/strong><\/p>\n<p><span class=\"discreet\">Por Vagner Freitas<\/span><\/p>\n<p><span class=\"discreet\">Este 1\u00ba de Maio entrar\u00e1 para a hist\u00f3ria do pa\u00eds por unir trabalhadores vestidos com <a class=\"internal-link\" title=\"\" href=\"https:\/\/www.redebrasilatual.com.br\/trabalho\/2019\/04\/centrais-veem-1o-de-maio-como-marco-contra-retrocesso-civilizatorio\" target=\"_blank\" rel=\"noopener noreferrer\">as cores de todas as centrais sindicais<\/a>, em um mesmo ato e com um s\u00f3 grito: contra a reforma da Previd\u00eancia. Homens e mulheres hoje invis\u00edveis ao governo aclamar\u00e3o a data da greve geral que vai parar o Brasil para barrar um dos mais descarados e cru\u00e9is ataques aos direitos da classe trabalhadora.<\/span><\/p>\n<p>CUT, For\u00e7a Sindical, CTB, UGT, Intersindical, CSB, CGTB, Nova Central, CSP-Conlutas e as frentes Brasil Popular e Povo Sem Medo estar\u00e3o unidas neste 1\u00ba de Maio, porque essa \u00e9 a vontade da classe trabalhadora. Conduzir\u00e3o juntas essa luta priorit\u00e1ria porque a classe trabalhadora quer parar o pa\u00eds contra a <a class=\"internal-link\" title=\"\" href=\"https:\/\/www.redebrasilatual.com.br\/blogs\/blog-na-rede\/2019\/02\/saiba-como-a-reforma-da-previdencia-de-bolsonaro-aumentara-a-pobreza\" target=\"_blank\" rel=\"noopener noreferrer\">reforma da Previd\u00eancia<\/a>.<\/p>\n<p>Ignorados pelo governo, os trabalhadores ir\u00e3o \u00e0s ruas porque n\u00e3o admitem ter de trabalhar por 40 anos para acessar a aposentadoria integral. N\u00e3o aceitam um <a class=\"internal-link\" title=\"\" href=\"https:\/\/www.redebrasilatual.com.br\/retrospectiva-2018\/economia\/capitalizacao-da-previdencia-e-risco-para-aposentados\" target=\"_blank\" rel=\"noopener noreferrer\">sistema de capitaliza\u00e7\u00e3o<\/a> que s\u00f3 aumentar\u00e1 os j\u00e1 escorchantes lucros dos banqueiros. N\u00e3o admitem ser prejudicados por uma proposta que piora a vida da maioria da popula\u00e7\u00e3o, mas, principalmente, pune as mulheres e os mais pobres. N\u00e3o querem os professores nas salas de aula at\u00e9 os 60 anos nem trabalhadores do campo sem direito de se aposentar.<\/p>\n<p>A tarefa hist\u00f3rica das centrais de organizar a luta da classe trabalhadora cresce nesse momento em que o pa\u00eds est\u00e1 obscurecido pela anormalidade democr\u00e1tica &#8211;por isso a unidade \u00e9 importante. Ao lado dos movimentos sociais, formamos a resist\u00eancia a um governo que, <a class=\"internal-link\" title=\"\" href=\"https:\/\/www.redebrasilatual.com.br\/politica\/2019\/04\/em-100-dias-bolsonaro-destroi-direitos-e-e-governo-mais-entreguista-da-historia\" target=\"_blank\" rel=\"noopener noreferrer\">desde a posse<\/a>, tem adotado medidas hostis \u00e0 classe trabalhadora, contr\u00e1rias aos setores mais pobres e de persegui\u00e7\u00e3o \u00e0 organiza\u00e7\u00e3o sindical, com o objetivo de destruir a capacidade de resist\u00eancia dos entes que representam legitimamente os trabalhadores. Medidas autorit\u00e1rias e inconstitucionais, que expressam o compromisso do Planalto com as for\u00e7as conservadoras que elegeram Jair Bolsonaro (PSL) e a total sujei\u00e7\u00e3o dos interesses p\u00fablicos \u00e0 l\u00f3gica de um mercado dominado pelo capital financeiro.<\/p>\n<p>Arquitetada para satisfazer essa parcela dominante, a reforma da Previd\u00eancia \u00e9 inadmiss\u00edvel sob todos os aspectos. <a class=\"internal-link\" title=\"\" href=\"https:\/\/www.redebrasilatual.com.br\/cidadania\/2017\/04\/para-pastores-batistas-reforma-da-previdencia-piora-relacao-capital-trabalho\" target=\"_blank\" rel=\"noopener noreferrer\">Uma crueldade \u00e0 qual homens e mulheres<\/a>, no campo e na cidade, n\u00e3o se curvar\u00e3o. N\u00e3o aceitar\u00e3o que transfiram \u00e0s costas do trabalhador a responsabilidade por um &#8220;d\u00e9ficit da Previd\u00eancia&#8221;, que fecha os olhos aos quase R$ 400 bilh\u00f5es que empresas sonegaram ao INSS.<\/p>\n<p>N\u00e3o aceitar\u00e3o uma reforma da Previd\u00eancia que desestrutura a fam\u00edlia brasileira, ao <a class=\"internal-link\" title=\"\" href=\"https:\/\/www.redebrasilatual.com.br\/economia\/2017\/02\/reforma-pode-afastar-jovens-da-previdencia-se-nao-vou-usar-por-que-pagar\" target=\"_blank\" rel=\"noopener noreferrer\">atingir do filho jovem<\/a>, que ainda n\u00e3o entrou no mercado de trabalho, ao av\u00f4 cuja aposentadoria \u00e9 essencial a um or\u00e7amento familiar esgar\u00e7ado por desemprego recorde e economia estagnada.<\/p>\n<p>N\u00e3o h\u00e1 perspectivas de melhora. Faltam propostas e compet\u00eancia ao governo para tirar o pa\u00eds do caos herdado da gest\u00e3o ileg\u00edtima de Michel Temer (MDB) e agravado pelos 120 dias sob Bolsonaro e Paulo Guedes.<\/p>\n<p>Por isso, convido as fam\u00edlias brasileiras a participar do ato mais pr\u00f3ximo \u00e0s suas casas. No Vale do Anhangaba\u00fa, em S\u00e3o Paulo, e em todo o pa\u00eds, a milit\u00e2ncia da CUT tamb\u00e9m erguer\u00e1 no 1\u00ba de Maio a bandeira da luta pela liberdade de Lula. Oper\u00e1rio antes de se tornar o melhor presidente que este Brasil j\u00e1 teve, Lula segue como principal l\u00edder da cena pol\u00edtica nacional e, por isso mesmo, imprescind\u00edvel \u00e0 luta para barrar a reforma da Previd\u00eancia.<\/p>\n<p>Lula livre \u00e9 a vontade e a luta da classe trabalhadora, que permeiam todas as categorias e os movimentos sociais e sindical.<\/p>\n<p>Nossa luta por uma Previd\u00eancia p\u00fablica, universal e solid\u00e1ria, que amplie a prote\u00e7\u00e3o social e os direitos dos trabalhadores, quer um Brasil democr\u00e1tico que volte a crescer, com gera\u00e7\u00e3o de emprego decente.<\/p>\n<p><strong>Fonte: Rede Brasil Atual<\/strong><\/p>\n","protected":false},"excerpt":{"rendered":"<p>Em artigo publicado neste\u00a01\u00ba de Maio na Folha de S.Paulo, o presidente nacional da CUT, Vagner Freitas, ressalta a unidade hist\u00f3ria das centrais sindicais em torno de duas causas que agregam tamb\u00e9m os principais movimentos sociais do pa\u00eds: a defesa da Previd\u00eancia p\u00fablica contra uma reforma que inviabilizar\u00e1 as aposentadorias. Vagner assinala os riscos do [&hellip;]<\/p>\n","protected":false},"author":2,"featured_media":6583,"comment_status":"","ping_status":"","sticky":false,"template":"","format":"standard","meta":{"footnotes":""},"categories":[3],"tags":[],"class_list":["post-6584","post","type-post","status-publish","format-standard","has-post-thumbnail","hentry","category-noticias"],"_links":{"self":[{"href":"https:\/\/hostnetart.com.br\/baixada\/wp-json\/wp\/v2\/posts\/6584","targetHints":{"allow":["GET"]}}],"collection":[{"href":"https:\/\/hostnetart.com.br\/baixada\/wp-json\/wp\/v2\/posts"}],"about":[{"href":"https:\/\/hostnetart.com.br\/baixada\/wp-json\/wp\/v2\/types\/post"}],"author":[{"embeddable":true,"href":"https:\/\/hostnetart.com.br\/baixada\/wp-json\/wp\/v2\/users\/2"}],"replies":[{"embeddable":true,"href":"https:\/\/hostnetart.com.br\/baixada\/wp-json\/wp\/v2\/comments?post=6584"}],"version-history":[{"count":0,"href":"https:\/\/hostnetart.com.br\/baixada\/wp-json\/wp\/v2\/posts\/6584\/revisions"}],"wp:featuredmedia":[{"embeddable":true,"href":"https:\/\/hostnetart.com.br\/baixada\/wp-json\/wp\/v2\/media\/6583"}],"wp:attachment":[{"href":"https:\/\/hostnetart.com.br\/baixada\/wp-json\/wp\/v2\/media?parent=6584"}],"wp:term":[{"taxonomy":"category","embeddable":true,"href":"https:\/\/hostnetart.com.br\/baixada\/wp-json\/wp\/v2\/categories?post=6584"},{"taxonomy":"post_tag","embeddable":true,"href":"https:\/\/hostnetart.com.br\/baixada\/wp-json\/wp\/v2\/tags?post=6584"}],"curies":[{"name":"wp","href":"https:\/\/api.w.org\/{rel}","templated":true}]}}