{"id":6582,"date":"2019-05-02T16:35:42","date_gmt":"2019-05-02T19:35:42","guid":{"rendered":"https:\/\/hostnetart.com.br\/baixada\/bancarios-de-todo-o-pais-marcam-presenca-no-1-de-maio\/"},"modified":"2019-05-02T16:35:42","modified_gmt":"2019-05-02T19:35:42","slug":"bancarios-de-todo-o-pais-marcam-presenca-no-1-de-maio","status":"publish","type":"post","link":"https:\/\/hostnetart.com.br\/baixada\/bancarios-de-todo-o-pais-marcam-presenca-no-1-de-maio\/","title":{"rendered":"Banc\u00e1rios de todo o pa\u00eds marcam presen\u00e7a no 1\u00ba de maio"},"content":{"rendered":"<div class=\"elementor-element elementor-element-194680ec elementor-widget elementor-widget-theme-post-content\" data-id=\"194680ec\" data-element_type=\"widget\" data-widget_type=\"theme-post-content.default\">\n<div class=\"elementor-widget-container\">\n<p>Os banc\u00e1rios <a href=\"https:\/\/www.cut.org.br\/noticias\/1-de-maio-e-marcado-por-protestos-contra-a-reforma-da-previdencia-de-bolsonaro-ff11\">de todo o Brasil<\/a> engrossaram a massa de trabalhadores que tomaram as ruas, nesta quarta-feira (1\u00ba), para comemorar o Dia do Trabalhador e da Trabalhadora, em defesa da Previd\u00eancia P\u00fablica.<\/p>\n<p>Pela primeira vez na hist\u00f3ria, o ato foi unificado e reuniu <a href=\"https:\/\/www.cut.org.br\/noticias\/greve-geral-no-dia-14-de-junho-e-aprovada-pelos-trabalhadores-neste-1-de-maio-b33a\">as todas centrais sindicais do pa\u00eds<\/a>: CUT, For\u00e7a Sindical, Intersindical, CPSP-Conlutas, Nova Central, CGTB, CSB e UGT. \u201cN\u00f3s banc\u00e1rios temos muitos motivos para estar no 1\u00ba de maio. Primeiro, porque j\u00e1 temos uma unidade muito grande com as outras centrais. N\u00f3s da CUT, com a UGT, CTB, Intersindical, j\u00e1 formamos o Comando Nacional dos Banc\u00e1rios e j\u00e1 encaminhamos as lutas dos banc\u00e1rios de forma unit\u00e1ria. E hoje o primeiro de maio \u00e9 unit\u00e1rio, contra a reforma da Previd\u00eancia. Porque essa reforma vai acabar com o direito do trabalhador se aposentar. E n\u00f3s banc\u00e1rios, no Brasil inteiro, estamos participando do primeiro de maio contra essa reforma\u201d, afirmou Juvandia Moreira, presidente da Confedera\u00e7\u00e3o Nacional dos Trabalhadores do Ramo Financeiro (Contraf-CUT) e uma das coordenadoras do Comando Nacional.<\/p>\n<p>\u201cA gente n\u00e3o quer que o tempo para se aposentar aumente da forma como eles est\u00e3o propondo. Isso \u00e9 um absurdo, ningu\u00e9m vai conseguir se aposentar. A gente n\u00e3o quer que eles tirem a aposentadoria dos pobres, como eles est\u00e3o querendo fazer. A gente n\u00e3o quer e n\u00e3o pode aceitar que eles acabem com os nossos direitos, por exemplo, com a multa dos 40% do FGTS do trabalhador que se aposenta trabalhando\u201d, completou.<\/p>\n<p>As centrais decidiram durante o ato em S\u00e3o Paulo que dia 14 de junho ser\u00e1 o <a href=\"https:\/\/www.redebrasilatual.com.br\/trabalho\/2019\/05\/com-200-mil-no-anhangabau-centrais-pedem-retirada-de-projeto\">Dia da greve Geral contra a reforma da Previd\u00eancia<\/a> de Jair Bolsonaro. Dirigentes sindicais pediram a retirada do projeto como ponto de partida para um eventual princ\u00edpio de di\u00e1logo. Mas apostam na greve geral como fator fundamental para derrotar o governo. \u201cA briga \u00e9 muito dura. Temos condi\u00e7\u00f5es de barr\u00e1-la (a proposta governista). Mas eles tamb\u00e9m t\u00eam condi\u00e7\u00f5es de aprovar. Precisamos convencer a opini\u00e3o p\u00fablica a pressionar os deputados\u201d, disse o presidente da CUT, Vagner Freitas, durante os pronunciamentos dos representantes das 10 centrais que se uniram no ato.<\/p>\n<p>Segundo Vagner, as entidades est\u00e3o de acordo quanto \u00e0 necessidade de \u201cajustes\u201d no sistema previdenci\u00e1rio. \u201cTem de pegar sonegadores, pegar as empresas que sonegam. Mas o que Bolsonaro quer fazer \u00e9 acabar com a Previd\u00eancia\u201d, afirmou.<\/p>\n<p>O <a href=\"https:\/\/www.brasildefato.com.br\/2019\/05\/01\/trabalhadores-vao-as-ruas-no-1o-de-maio-e-anunciam-greve-geral-em-14-de-junho\/\">desemprego<\/a>, que atingiu mais de 13,4 milh\u00f5es de brasileiros no m\u00eas de mar\u00e7o, tamb\u00e9m foi uma das pautas dos Dia internacional do Trabalhador. Dados da Pesquisa Nacional por Amostra de Domic\u00edlios (Pnad), divulgada na manh\u00e3 de ter\u00e7a-feira (30) pelo IBGE, mostram que <a href=\"https:\/\/contrafcut.com.br\/noticias\/desemprego-cresce-102-e-chega-a-13387-milhoes-de-pessoas\/\">o n\u00famero de desocupados cresceu em 1,2 milh\u00e3o de pessoas desde que o novo governo assumiu<\/a>.A taxa de subutiliza\u00e7\u00e3o, que indica gente que poderia estar trabalhando mais, atingiu 25%, o maior n\u00edvel da s\u00e9rie hist\u00f3rica, iniciada em 2012. A popula\u00e7\u00e3o subutilizada chega a 28,3 milh\u00f5es, com acr\u00e9scimo de 1,5 milh\u00e3o de pessoas no trimestre e de 819 mil em 12 meses.<\/p>\n<p><strong>Fonte: Contraf-CUT<\/strong><\/p>\n<\/div>\n<\/div>\n","protected":false},"excerpt":{"rendered":"<p>Os banc\u00e1rios de todo o Brasil engrossaram a massa de trabalhadores que tomaram as ruas, nesta quarta-feira (1\u00ba), para comemorar o Dia do Trabalhador e da Trabalhadora, em defesa da Previd\u00eancia P\u00fablica. Pela primeira vez na hist\u00f3ria, o ato foi unificado e reuniu as todas centrais sindicais do pa\u00eds: CUT, For\u00e7a Sindical, Intersindical, CPSP-Conlutas, Nova [&hellip;]<\/p>\n","protected":false},"author":2,"featured_media":6581,"comment_status":"","ping_status":"","sticky":false,"template":"","format":"standard","meta":{"footnotes":""},"categories":[3],"tags":[],"class_list":["post-6582","post","type-post","status-publish","format-standard","has-post-thumbnail","hentry","category-noticias"],"_links":{"self":[{"href":"https:\/\/hostnetart.com.br\/baixada\/wp-json\/wp\/v2\/posts\/6582","targetHints":{"allow":["GET"]}}],"collection":[{"href":"https:\/\/hostnetart.com.br\/baixada\/wp-json\/wp\/v2\/posts"}],"about":[{"href":"https:\/\/hostnetart.com.br\/baixada\/wp-json\/wp\/v2\/types\/post"}],"author":[{"embeddable":true,"href":"https:\/\/hostnetart.com.br\/baixada\/wp-json\/wp\/v2\/users\/2"}],"replies":[{"embeddable":true,"href":"https:\/\/hostnetart.com.br\/baixada\/wp-json\/wp\/v2\/comments?post=6582"}],"version-history":[{"count":0,"href":"https:\/\/hostnetart.com.br\/baixada\/wp-json\/wp\/v2\/posts\/6582\/revisions"}],"wp:featuredmedia":[{"embeddable":true,"href":"https:\/\/hostnetart.com.br\/baixada\/wp-json\/wp\/v2\/media\/6581"}],"wp:attachment":[{"href":"https:\/\/hostnetart.com.br\/baixada\/wp-json\/wp\/v2\/media?parent=6582"}],"wp:term":[{"taxonomy":"category","embeddable":true,"href":"https:\/\/hostnetart.com.br\/baixada\/wp-json\/wp\/v2\/categories?post=6582"},{"taxonomy":"post_tag","embeddable":true,"href":"https:\/\/hostnetart.com.br\/baixada\/wp-json\/wp\/v2\/tags?post=6582"}],"curies":[{"name":"wp","href":"https:\/\/api.w.org\/{rel}","templated":true}]}}