{"id":6578,"date":"2019-04-30T20:37:44","date_gmt":"2019-04-30T23:37:44","guid":{"rendered":"https:\/\/hostnetart.com.br\/baixada\/lucros-de-empresas-publicas-alvos-de-privatizacao-cresceram-132-em-2018\/"},"modified":"2019-04-30T20:37:44","modified_gmt":"2019-04-30T23:37:44","slug":"lucros-de-empresas-publicas-alvos-de-privatizacao-cresceram-132-em-2018","status":"publish","type":"post","link":"https:\/\/hostnetart.com.br\/baixada\/lucros-de-empresas-publicas-alvos-de-privatizacao-cresceram-132-em-2018\/","title":{"rendered":"Lucros de empresas p\u00fablicas alvos de privatiza\u00e7\u00e3o cresceram 132% em 2018"},"content":{"rendered":"<p class=\" \">As principais estatais federais, alvos de privatiza\u00e7\u00e3o do governo Bolsonaro, registraram crescimento de 132% em 2018, um lucro l\u00edquido na ordem de R$ 74 bilh\u00f5es, segundo o <a class=\"external-link\" title=\"\" href=\"https:\/\/www.valor.com.br\/brasil\/6230377\/no-alvo-de-privatizacao-estatais-federais-lucram-132-mais-em-2018\" target=\"_blank\" rel=\"noopener noreferrer\">jornal <em>Valor Econ\u00f4mico<\/em><\/a>. O secret\u00e1rio de Coordena\u00e7\u00e3o e Governan\u00e7a das Empresas Estatais do Minist\u00e9rio da Economia, Fernando Soares, atribui o desempenho das estatais a um processo de redu\u00e7\u00e3o das despesas e <a class=\"internal-link\" title=\"\" href=\"https:\/\/www.redebrasilatual.com.br\/economia\/2018\/09\/lucro-das-estatais-chega-a-ser-maior-que-o-preco-de-sua-venda-afirma-ganz-lucio\" target=\"_blank\" rel=\"noopener noreferrer\">vendas dos ativos<\/a>, conduzido desde 2016.<\/p>\n<p class=\" \">Se forem alvos de uma pol\u00edtica de <a class=\"internal-link\" title=\"\" href=\"https:\/\/www.redebrasilatual.com.br\/economia\/2018\/09\/lucro-das-estatais-chega-a-ser-maior-que-o-preco-de-sua-venda-afirma-ganz-lucio\" target=\"_blank\" rel=\"noopener noreferrer\">privatiza\u00e7\u00f5es<\/a>, no entanto, conforme desejo j\u00e1 anunciado pelo ministro da Economia, Paulo Guedes, o Estado perderia, al\u00e9m desse importante volume de recursos em forma de dividendos, ferramentas importantes para impulsionar <a class=\"internal-link\" title=\"\" href=\"https:\/\/www.redebrasilatual.com.br\/retrospectiva-2018\/economia\/estudo-mostra-que-estatais-sao-lucrativas-para-o-governo\" target=\"_blank\" rel=\"noopener noreferrer\">a economia<\/a>, alerta o diretor t\u00e9cnico do Dieese, Clemente Ganz L\u00facio, em entrevista \u00e0 jornalista Marilu Caba\u00f1as, da <b>R\u00e1dio Brasil<\/b> <strong>Atual,\u00a0<\/strong>sobre empresas p\u00fablicas como Petrobras, Banco do Brasil, Caixa Federal, BNDES, Correios e Eletrobr\u00e1s, entre outras.<\/p>\n<p class=\" \">Ao pretender abrir m\u00e3o do controle p\u00fablico de setores estrat\u00e9gicos, o Brasil atua em descompasso com o processo de reestatiza\u00e7\u00e3o pelo qual passam os pa\u00edses mais desenvolvidos, de acordo com estudos da Organiza\u00e7\u00e3o para a Coopera\u00e7\u00e3o e Desenvolvimento Econ\u00f4mico (OCDE).<\/p>\n<p class=\" \">&#8220;Se a gente est\u00e1 abrindo m\u00e3o desses instrumentos, n\u00f3s estamos abrindo m\u00e3o da capacidade do Estado e do governo de coordenar e conduzir o processo de desenvolvimento econ\u00f4mico&#8221;, alerta Clemente.<\/p>\n<p class=\" \"><strong>Fonte: Rede Brasil Atual<\/strong><\/p>\n","protected":false},"excerpt":{"rendered":"<p>As principais estatais federais, alvos de privatiza\u00e7\u00e3o do governo Bolsonaro, registraram crescimento de 132% em 2018, um lucro l\u00edquido na ordem de R$ 74 bilh\u00f5es, segundo o jornal Valor Econ\u00f4mico. O secret\u00e1rio de Coordena\u00e7\u00e3o e Governan\u00e7a das Empresas Estatais do Minist\u00e9rio da Economia, Fernando Soares, atribui o desempenho das estatais a um processo de redu\u00e7\u00e3o [&hellip;]<\/p>\n","protected":false},"author":2,"featured_media":6577,"comment_status":"","ping_status":"","sticky":false,"template":"","format":"standard","meta":{"footnotes":""},"categories":[3],"tags":[],"class_list":["post-6578","post","type-post","status-publish","format-standard","has-post-thumbnail","hentry","category-noticias"],"_links":{"self":[{"href":"https:\/\/hostnetart.com.br\/baixada\/wp-json\/wp\/v2\/posts\/6578","targetHints":{"allow":["GET"]}}],"collection":[{"href":"https:\/\/hostnetart.com.br\/baixada\/wp-json\/wp\/v2\/posts"}],"about":[{"href":"https:\/\/hostnetart.com.br\/baixada\/wp-json\/wp\/v2\/types\/post"}],"author":[{"embeddable":true,"href":"https:\/\/hostnetart.com.br\/baixada\/wp-json\/wp\/v2\/users\/2"}],"replies":[{"embeddable":true,"href":"https:\/\/hostnetart.com.br\/baixada\/wp-json\/wp\/v2\/comments?post=6578"}],"version-history":[{"count":0,"href":"https:\/\/hostnetart.com.br\/baixada\/wp-json\/wp\/v2\/posts\/6578\/revisions"}],"wp:featuredmedia":[{"embeddable":true,"href":"https:\/\/hostnetart.com.br\/baixada\/wp-json\/wp\/v2\/media\/6577"}],"wp:attachment":[{"href":"https:\/\/hostnetart.com.br\/baixada\/wp-json\/wp\/v2\/media?parent=6578"}],"wp:term":[{"taxonomy":"category","embeddable":true,"href":"https:\/\/hostnetart.com.br\/baixada\/wp-json\/wp\/v2\/categories?post=6578"},{"taxonomy":"post_tag","embeddable":true,"href":"https:\/\/hostnetart.com.br\/baixada\/wp-json\/wp\/v2\/tags?post=6578"}],"curies":[{"name":"wp","href":"https:\/\/api.w.org\/{rel}","templated":true}]}}