{"id":6576,"date":"2019-04-30T20:36:30","date_gmt":"2019-04-30T23:36:30","guid":{"rendered":"https:\/\/hostnetart.com.br\/baixada\/no-primeiro-trimestre-do-ano-novo-mais-desemprego-e-mais-desalento\/"},"modified":"2019-04-30T20:36:30","modified_gmt":"2019-04-30T23:36:30","slug":"no-primeiro-trimestre-do-ano-novo-mais-desemprego-e-mais-desalento","status":"publish","type":"post","link":"https:\/\/hostnetart.com.br\/baixada\/no-primeiro-trimestre-do-ano-novo-mais-desemprego-e-mais-desalento\/","title":{"rendered":"No primeiro trimestre do ano &#8216;novo&#8217;, mais desemprego e mais desalento"},"content":{"rendered":"<p>No primeiro trimestre do &#8220;novo&#8221; governo, o n\u00famero de desempregados cresceu 10,2%, em 1,2 milh\u00e3o, para um total de 13,387 milh\u00f5es, segundo a Pesquisa Nacional por Amostra de Domic\u00edlios (Pnad) Cont\u00ednua, divulgada na manh\u00e3 desta ter\u00e7a-feira (30) pelo IBGE.\u00a0A taxa de desemprego foi a 12,7%, ante 11,6% no \u00faltimo trimestre do ano. N\u00e3o variou significativamente em rela\u00e7\u00e3o a igual per\u00edodo de 2018 (13,1%). O total de ocupados (91,863 milh\u00f5es) caiu 0,9% no trimestre, com menos 873 mil. A subutiliza\u00e7\u00e3o da for\u00e7a de trabalho \u00e9 recorde e o desalento continua subindo.<\/p>\n<p>A taxa de subutiliza\u00e7\u00e3o, que indica gente que poderia estar trabalhando mais, atingiu 25%, o maior n\u00edvel da s\u00e9rie hist\u00f3rica, iniciada em 2012. A popula\u00e7\u00e3o subutilizada chega a 28,3 milh\u00f5es, com acr\u00e9scimo de 1,5 milh\u00e3o de pessoas no trimestre e de 819 mil em 12 meses.<\/p>\n<p>De acordo com o IBGE, o numero de pessoas desalentadas \u2013 que desistiram de procurar emprego \u2013 subiu tamb\u00e9m nas duas compara\u00e7\u00f5es, somando 4,8 milh\u00f5es. O percentual de desalentados manteve o recorde da s\u00e9rie (4,4%).<\/p>\n<p>Considerados 12 meses, o pa\u00eds abriu 1,591 milh\u00e3o de ocupa\u00e7\u00f5es (1,8%). Mas o que cresce \u00e9 sempre o trabalho informal. Basicamente, o emprego sem carteira (466 mil a mais no per\u00edodo) e os trabalhadores por conta pr\u00f3pria (879 mil).<\/p>\n<p>O n\u00famero de empregados no setor privado com carteira assinada foi estimado em 32,918 milh\u00f5es, est\u00e1vel tanto no trimestre como em 12 meses. O total de sem carteira (11,124 milh\u00f5es) caiu 3,2% no primeiro per\u00edodo de 2019 (menos 365 mil) e cresceu 4,4% em rela\u00e7\u00e3o a igual per\u00edodo do ano passado. Isso aconteceu tamb\u00e9m com os trabalhadores por conta pr\u00f3pria: est\u00e1vel nos primeiros tr\u00eas meses e com crescimento de 3,8% em 12 meses.<\/p>\n<p>Estimado em R$ 2.291, o rendimento m\u00e9dio ficou est\u00e1vel no in\u00edcio do ano. E teve crescimento de 3,3% em rela\u00e7\u00e3o a 2018.<\/p>\n<p><strong>Fonte: Rede Brasil Atual<\/strong><\/p>\n","protected":false},"excerpt":{"rendered":"<p>No primeiro trimestre do &#8220;novo&#8221; governo, o n\u00famero de desempregados cresceu 10,2%, em 1,2 milh\u00e3o, para um total de 13,387 milh\u00f5es, segundo a Pesquisa Nacional por Amostra de Domic\u00edlios (Pnad) Cont\u00ednua, divulgada na manh\u00e3 desta ter\u00e7a-feira (30) pelo IBGE.\u00a0A taxa de desemprego foi a 12,7%, ante 11,6% no \u00faltimo trimestre do ano. N\u00e3o variou significativamente [&hellip;]<\/p>\n","protected":false},"author":2,"featured_media":6575,"comment_status":"","ping_status":"","sticky":false,"template":"","format":"standard","meta":{"footnotes":""},"categories":[3],"tags":[],"class_list":["post-6576","post","type-post","status-publish","format-standard","has-post-thumbnail","hentry","category-noticias"],"_links":{"self":[{"href":"https:\/\/hostnetart.com.br\/baixada\/wp-json\/wp\/v2\/posts\/6576","targetHints":{"allow":["GET"]}}],"collection":[{"href":"https:\/\/hostnetart.com.br\/baixada\/wp-json\/wp\/v2\/posts"}],"about":[{"href":"https:\/\/hostnetart.com.br\/baixada\/wp-json\/wp\/v2\/types\/post"}],"author":[{"embeddable":true,"href":"https:\/\/hostnetart.com.br\/baixada\/wp-json\/wp\/v2\/users\/2"}],"replies":[{"embeddable":true,"href":"https:\/\/hostnetart.com.br\/baixada\/wp-json\/wp\/v2\/comments?post=6576"}],"version-history":[{"count":0,"href":"https:\/\/hostnetart.com.br\/baixada\/wp-json\/wp\/v2\/posts\/6576\/revisions"}],"wp:featuredmedia":[{"embeddable":true,"href":"https:\/\/hostnetart.com.br\/baixada\/wp-json\/wp\/v2\/media\/6575"}],"wp:attachment":[{"href":"https:\/\/hostnetart.com.br\/baixada\/wp-json\/wp\/v2\/media?parent=6576"}],"wp:term":[{"taxonomy":"category","embeddable":true,"href":"https:\/\/hostnetart.com.br\/baixada\/wp-json\/wp\/v2\/categories?post=6576"},{"taxonomy":"post_tag","embeddable":true,"href":"https:\/\/hostnetart.com.br\/baixada\/wp-json\/wp\/v2\/tags?post=6576"}],"curies":[{"name":"wp","href":"https:\/\/api.w.org\/{rel}","templated":true}]}}