{"id":6570,"date":"2019-04-30T00:13:27","date_gmt":"2019-04-30T03:13:27","guid":{"rendered":"https:\/\/hostnetart.com.br\/baixada\/bancarios-participarao-do-1-de-maio\/"},"modified":"2019-04-30T00:13:27","modified_gmt":"2019-04-30T03:13:27","slug":"bancarios-participarao-do-1-de-maio","status":"publish","type":"post","link":"https:\/\/hostnetart.com.br\/baixada\/bancarios-participarao-do-1-de-maio\/","title":{"rendered":"Banc\u00e1rios participar\u00e3o do 1\u00ba de maio"},"content":{"rendered":"<div class=\"elementor-element elementor-element-194680ec elementor-widget elementor-widget-theme-post-content\" data-id=\"194680ec\" data-element_type=\"widget\" data-widget_type=\"theme-post-content.default\">\n<div class=\"elementor-widget-container\">\n<p>A conjuntura pede, por isso as banc\u00e1rias e os banc\u00e1rios de todo o pa\u00eds dar\u00e3o um recado, na pr\u00f3xima quarta-feira (1): os trabalhadores brasileiros s\u00e3o contra a reforma da Previd\u00eancia.<\/p>\n<p>E essa voz n\u00e3o estar\u00e1 s\u00f3 nas ruas, durante o ato unificado de 1\u00ba de maio \u2013 realizado pela primeira vez na hist\u00f3ria por <a href=\"https:\/\/www.cut.org.br\/noticias\/no-1-de-maio-centrais-vao-convocar-greve-geral-contra-reforma-da-previdencia-0675\">todas as centrais sindicais<\/a> brasileiras, ela vai repercutir tamb\u00e9m em todas as redes. Para isso, contamos com voc\u00ea.<\/p>\n<p>Convocamos os banc\u00e1rios a compartilhar nos seus perfis do Instagram, Facebook e Twitter, esta mat\u00e9ria com a hashtag lute pela sua aposentadoria. No dia dos atos, publique sua foto no local com a hashtag lute pela sua aposentadoria e marque as redes sociais da Contraf-CUT: <a href=\"https:\/\/www.facebook.com\/contrafcut\/\">Facebook<\/a>, <a href=\"mailto:@contraf_cut\">Instagram<\/a>, <a href=\"mailto:@ContrafCUT\">Twitter<\/a> e <a href=\"https:\/\/www.youtube.com\/channel\/UCQoiO9j_0_0aB1N24E7do0A\">Youtube<\/a>. A CUT preparou os materiais de divulga\u00e7\u00e3o do 1\u00ba de maio.<\/p>\n<h2>Programa\u00e7\u00e3o:<\/h2>\n<p><strong>BAHIA<\/strong><\/p>\n<p>14h \u2013 1\u00ba de maio unificado no Farol da Barra, em Salvador.<\/p>\n<p><strong>BRAS\u00cdLIA<\/strong><\/p>\n<p>13h \u2013 Ato do 1\u00ba de maio da classe trabalhadora no Taguaparque, com apresenta\u00e7\u00f5es culturais de Vanessa da Mata, Odair Jos\u00e9, Israel e Rodolffo, entre outras atra\u00e7\u00f5es locais.<\/p>\n<p>No 1\u00ba de maio tamb\u00e9m ser\u00e1 celebrado os 40 anos do Sindicato dos Professores de Bras\u00edlia (Sinpro-DF).<\/p>\n<p><strong>CEAR\u00c1<\/strong><\/p>\n<p>15h \u2013\u00a0 Concentra\u00e7\u00e3o na Avenida Beira Mar, pr\u00f3ximo ao espig\u00e3o da Rui Barbosa,e ato unificado na Praia de Iracema, em Fortaleza, ao lado do Centro Cultural Belchior Largo Luis Assun\u00e7\u00e3o.<\/p>\n<p><strong>GOI\u00c1S<\/strong><\/p>\n<p>14h \u2013 Concentra\u00e7\u00e3o na Pra\u00e7a C\u00edvica, em frente ao Coreto.<\/p>\n<p>17h \u2013 Ato pol\u00edtico e atividades culturais com shows e outras atra\u00e7\u00f5es na Pra\u00e7a Universit\u00e1ria.<\/p>\n<p><strong>MATO GROSSO<\/strong><\/p>\n<p>16h \u2013 Ato pol\u00edtico e cultural, com artistas regionais, na Pra\u00e7a Cultural do Bairro Jardim Vit\u00f3ria, em Cuiab\u00e1.<\/p>\n<p><strong>MATO GROSSO DO SUL<\/strong><\/p>\n<p>9h \u00e0s 12h \u2013 Ato unificado do 1\u00ba de maio na Rua Anac\u00e1 com a Rua Barueri, bairro Moreninha II.<\/p>\n<p><strong>MINAS GERAIS<\/strong><\/p>\n<p>Contagem<\/p>\n<p>7h \u2013 Missa do Trabalhador, na Pra\u00e7a da Cemig \u2013 Cidade Industrial, com ato e marcha ap\u00f3s a missa<\/p>\n<p>Venda Nova<\/p>\n<p>9h \u2013 Carreata em frente \u00e0 Pra\u00e7a da Matris, centro<\/p>\n<p>Santa Luzia<\/p>\n<p>8h \u2013 Pra\u00e7a da Juventude \u2013 Bairro Cristina B<\/p>\n<p><strong>PAR\u00c1<\/strong><\/p>\n<p>9h \u2013 Ato do 1\u00ba de maio no Mercado de S\u00e3o Br\u00e1s, em Bel\u00e9m.<\/p>\n<p><strong>PARA\u00cdBA<\/strong><\/p>\n<p>14h \u2013 Caminhada com concentra\u00e7\u00e3o em frente ao Centro de Zoonoses dos Banc\u00e1rios.<\/p>\n<p>17 \u2013 Ato cultural no Mercado P\u00fablico de Mangabeira.<\/p>\n<p><strong>PARAN\u00c1<\/strong><\/p>\n<p>8h \u2013 Caf\u00e9 da manh\u00e3, celebra\u00e7\u00e3o ecum\u00eanica e caminhada, na Par\u00f3quia S\u00e3o Jo\u00e3o Batista, Rua Baltazar Carrasco dos Reis, 698, Bairro Rebou\u00e7as.<\/p>\n<p><strong>PERNAMBUCO <\/strong><\/p>\n<p>9h \u2013 Concentra\u00e7\u00e3o na Pra\u00e7a do Derby, em Recife.<\/p>\n<p><strong>PIAU\u00cd<\/strong><\/p>\n<p>8h \u2013 Ato do 1\u00ba de maio na Pra\u00e7a da Integra\u00e7\u00e3o \u2013 C.S.U do Parque Piau\u00ed, em Teresina.<\/p>\n<p><strong>RIO DE JANEIRO<\/strong><\/p>\n<p>9h \u00e0s 14h \u2013 Ato na Pra\u00e7a Mau\u00e1, com barraquinhas para coleta de assinaturas do abaixo-assinado contra a reforma da Previd\u00eancia, al\u00e9m de outras atividades organizadas pelos sindicatos e movimentos populares.<\/p>\n<p>14h \u00e0s 17h \u2013 Os trabalhadores e trabalhadoras sair\u00e3o em bloco pelas ruas, intercalando bloco e fala pol\u00edtica das centrais sindicais e movimentos que comp\u00f5em as frentes Brasil Popular e Povo sem Medo.<\/p>\n<p><strong>SERGIPE<\/strong><\/p>\n<p>8h \u2013 Concentra\u00e7\u00e3o do ato na Pra\u00e7a da Juventude \u2013 Conjunto Augusto Franco. Em seguida, caminhada em dire\u00e7\u00e3o aos Arcos da Orla de Atalaia, onde ocorrer\u00e1 um ato pol\u00edtico e cultural com coleta de assinaturas do abaixo-assinado contra a reforma da Previd\u00eancia.<\/p>\n<p><strong>RIO GRANDE DO SUL<\/strong><\/p>\n<p>Porto Alegre<\/p>\n<p>14h \u2013 Concentra\u00e7\u00e3o na R\u00f3tula das Cuias<\/p>\n<p>15h \u2013 Caminhada na Orla do Gua\u00edba<\/p>\n<p>16h \u2013 Ato na R\u00f3tula do Gas\u00f4metro<\/p>\n<p>Caxias do Sul<\/p>\n<p>14h \u2013 Ato nos Pavilh\u00f5es da Festa da Uva<\/p>\n<p>Bag\u00e9<\/p>\n<p>14h \u2013 Concentra\u00e7\u00e3o na Pra\u00e7a do Coreto, com caminhada pela Avenida 7 de Setembro;<\/p>\n<p>Erechim<\/p>\n<p>10h \u2013 Concentra\u00e7\u00e3o no Bairro Atl\u00e2ntico<\/p>\n<p>Passo Fundo<\/p>\n<p>14h \u00e0s 17h \u2013 Ato no Parque da Gare<\/p>\n<p>Pelotas<\/p>\n<p>14h \u00e0s 18h \u2013 Ato com mateada e atividades art\u00edsticas na Pra\u00e7a Dom Ant\u00f4nio Zattera<\/p>\n<p>Santa Maria<\/p>\n<p>10h \u00e0s 17h \u2013 Atividades com ato ecum\u00eanico, almo\u00e7o coletivo, apresenta\u00e7\u00f5es culturais, mateada, lan\u00e7amento do Comit\u00ea Regional contra a Reforma da Previd\u00eancia e ato p\u00fablico no Alto da Boa Vista, no bairro Santa Marta.<\/p>\n<p>Iju\u00ed<\/p>\n<p>14h \u2013 Concentra\u00e7\u00e3o seguida de ato na Pra\u00e7a Central.<\/p>\n<p>Rio Grande \u2013 (a definir)<\/p>\n<p><strong>SANTA CATARINA<\/strong><\/p>\n<p>Florian\u00f3polis<\/p>\n<p>9h \u2013 Programa\u00e7\u00e3o com culto ecum\u00eanico, atividades culturais e debates no Parque Municipal do Maci\u00e7o da Cruz.<\/p>\n<p>9h30 \u2013 Debates sobre a Reforma da Previd\u00eancia e atividades culturais na comunidade do Mont Serrat.<\/p>\n<p>Palho\u00e7a<\/p>\n<p>Debates sobre a Reforma da Previd\u00eancia e atividades na ocupa\u00e7\u00e3o Nova Esperan\u00e7a.<\/p>\n<p>Blumenau<\/p>\n<p>15h \u2013 Ato p\u00fablico em defesa da Previd\u00eancia na Pra\u00e7a da Prefeitura.<\/p>\n<p><strong>S\u00c3O PAULO (regi\u00e3o metropolitana e inteiror)<\/strong><\/p>\n<p>Campinas<\/p>\n<p>9h30 \u2013 Concentra\u00e7\u00e3o no Largo do Par\u00e1 com caminhada at\u00e9 o Largo da Catedral<\/p>\n<p>10h30 \u2013 Ato no Largo da Catedral<\/p>\n<p>11h \u2013 Ida ao 1\u00ba de maio em S\u00e3o Paulo, no Vale do Anhangaba\u00fa<\/p>\n<p>*A Missa dos Trabalhadores na Catedral ser\u00e1 das 9h \u00e0s 10h30<\/p>\n<p>Osasco<\/p>\n<p>6h30 \u2013 11\u00ba Desafio dos Trabalhadores, tradicional corrida e caminhada de rua do dia 1\u00ba de maio, com concentra\u00e7\u00e3o a partir das 6h30.<\/p>\n<p>S\u00e3o Bernardo do Campo<\/p>\n<p>A\u00e7\u00e3o Inter-religiosa<\/p>\n<p>9h \u2013 Concentra\u00e7\u00e3o na Rua Jo\u00e3o Basso, 231, com prociss\u00e3o at\u00e9 a Igreja da Matriz<\/p>\n<p>9h30 \u2013 Missa<\/p>\n<p>Sorocaba14h \u00e0s 22h \u2013 O Sindicato dos Metal\u00fargicos de Sorocaba e Regi\u00e3o (SMetal) organiza um ato pol\u00edtico-cultural no Parque dos Espanh\u00f3is, com a presen\u00e7a de Ana Ca\u00f1as, Detonautas, Francisco El Hombre, entre outros.<\/p>\n<\/div>\n<\/div>\n","protected":false},"excerpt":{"rendered":"<p>A conjuntura pede, por isso as banc\u00e1rias e os banc\u00e1rios de todo o pa\u00eds dar\u00e3o um recado, na pr\u00f3xima quarta-feira (1): os trabalhadores brasileiros s\u00e3o contra a reforma da Previd\u00eancia. E essa voz n\u00e3o estar\u00e1 s\u00f3 nas ruas, durante o ato unificado de 1\u00ba de maio \u2013 realizado pela primeira vez na hist\u00f3ria por todas [&hellip;]<\/p>\n","protected":false},"author":2,"featured_media":6569,"comment_status":"","ping_status":"","sticky":false,"template":"","format":"standard","meta":{"footnotes":""},"categories":[3],"tags":[],"class_list":["post-6570","post","type-post","status-publish","format-standard","has-post-thumbnail","hentry","category-noticias"],"_links":{"self":[{"href":"https:\/\/hostnetart.com.br\/baixada\/wp-json\/wp\/v2\/posts\/6570","targetHints":{"allow":["GET"]}}],"collection":[{"href":"https:\/\/hostnetart.com.br\/baixada\/wp-json\/wp\/v2\/posts"}],"about":[{"href":"https:\/\/hostnetart.com.br\/baixada\/wp-json\/wp\/v2\/types\/post"}],"author":[{"embeddable":true,"href":"https:\/\/hostnetart.com.br\/baixada\/wp-json\/wp\/v2\/users\/2"}],"replies":[{"embeddable":true,"href":"https:\/\/hostnetart.com.br\/baixada\/wp-json\/wp\/v2\/comments?post=6570"}],"version-history":[{"count":0,"href":"https:\/\/hostnetart.com.br\/baixada\/wp-json\/wp\/v2\/posts\/6570\/revisions"}],"wp:featuredmedia":[{"embeddable":true,"href":"https:\/\/hostnetart.com.br\/baixada\/wp-json\/wp\/v2\/media\/6569"}],"wp:attachment":[{"href":"https:\/\/hostnetart.com.br\/baixada\/wp-json\/wp\/v2\/media?parent=6570"}],"wp:term":[{"taxonomy":"category","embeddable":true,"href":"https:\/\/hostnetart.com.br\/baixada\/wp-json\/wp\/v2\/categories?post=6570"},{"taxonomy":"post_tag","embeddable":true,"href":"https:\/\/hostnetart.com.br\/baixada\/wp-json\/wp\/v2\/tags?post=6570"}],"curies":[{"name":"wp","href":"https:\/\/api.w.org\/{rel}","templated":true}]}}